{"id":58925,"date":"2026-09-04T10:42:23","date_gmt":"2026-09-04T13:42:23","guid":{"rendered":"https:\/\/www.blogdomassinha.com.br\/v1\/?p=58925"},"modified":"2026-09-04T10:42:23","modified_gmt":"2026-09-04T13:42:23","slug":"partiu-uma-lenda-da-esquerda-conquistense-jose-cerqueira-parte-da-militancia-raiz-foi-junto","status":"publish","type":"post","link":"https:\/\/www.blogdomassinha.com.br\/v1\/2026\/09\/04\/partiu-uma-lenda-da-esquerda-conquistense-jose-cerqueira-parte-da-militancia-raiz-foi-junto\/","title":{"rendered":"Partiu uma lenda da esquerda conquistense: Jos\u00e9 Cerqueira! Parte da milit\u00e2ncia \u201craiz\u201d foi junto."},"content":{"rendered":"<p><img loading=\"lazy\" class=\"size-medium wp-image-58926 alignleft\" src=\"https:\/\/www.blogdomassinha.com.br\/v1\/wp-content\/uploads\/2026\/09\/81153a5a-76e8-49eb-8a26-ce28b5538f58-173x300.jpeg\" alt=\"\" width=\"173\" height=\"300\" srcset=\"https:\/\/www.blogdomassinha.com.br\/v1\/wp-content\/uploads\/2026\/09\/81153a5a-76e8-49eb-8a26-ce28b5538f58-173x300.jpeg 173w, https:\/\/www.blogdomassinha.com.br\/v1\/wp-content\/uploads\/2026\/09\/81153a5a-76e8-49eb-8a26-ce28b5538f58.jpeg 288w\" sizes=\"(max-width: 173px) 100vw, 173px\" \/><\/p>\n<p class=\"p1\"><span class=\"s1\">\u00c9 com muita tristeza que acabo de saber da partida de um grande amigo, de um grande parceiro, uma figura ilustre, aquele que podemos chamar verdadeiramente de militante raiz: Jos\u00e9 Cerqueira.<\/span><\/p>\n<p class=\"p1\"><span class=\"s1\">Eu o conheci ainda nas hostes do MDB, do qual fizemos parte, liderados por Pedral, Ti\u00e3o, Elquisson, Raul, Chico Pinto, Pedro Sim\u00e3o, Ulysses Guimar\u00e3es, Waldir Pires. Era o velho MDB, partido que proclamou para todo o pa\u00eds que n\u00f3s precis\u00e1vamos de liberdade, um partido consciente, que brigava para ver o Brasil como uma na\u00e7\u00e3o mais justa, solid\u00e1ria e fraterna.<\/span><\/p>\n<p class=\"p1\"><span class=\"s1\">Mas a pluralidade faz-se necess\u00e1ria. Cerqueira, um homem de uma eleg\u00e2ncia \u00fanica, deixou o MDB para continuar a sua luta, o seu cotidiano, o seu dia a dia em outro partido, o PT. Mas isso n\u00e3o significou um rompimento. Ao contr\u00e1rio, fortaleceu ainda mais as rela\u00e7\u00f5es respeitosas, republicanas e a compreens\u00e3o de que nem sempre os caminhos a seguir s\u00e3o os mesmos. Podemos seguir por atalhos diferentes, mas buscando o mesmo objetivo.<\/span><\/p>\n<p class=\"p1\"><span class=\"s1\">Enfim, partiu Z\u00e9 Cerqueira. Lamento profundamente, at\u00e9 porque n\u00e3o sabia que ele estava hospitalizado, e fiquei triste, muito triste, por n\u00e3o ter podido me despedir dessa grande figura humana. Z\u00e9 parte e deixa um legado, uma hist\u00f3ria para todos os seus companheiros, n\u00e3o s\u00f3 de partido, mas da pr\u00f3pria esquerda conquistense.<\/span><!--more--><\/p>\n<p class=\"p1\"><span class=\"s1\">Z\u00e9, v\u00e1 com Deus. Lamento profundamente a sua partida, mas Deus sabe o que faz. \u00c9 Ele o grande respons\u00e1vel pelo nosso norte, pelo nosso destino, e chega uma hora em que Ele diz: \u201c\u00c9 a sua vez\u201d.<\/span><\/p>\n<p class=\"p1\"><span class=\"s1\">Hoje, Vit\u00f3ria da Conquista n\u00e3o perde apenas Jos\u00e9 Cerqueira. Parte tamb\u00e9m um peda\u00e7o da sua hist\u00f3ria pol\u00edtica, um peda\u00e7o daquela milit\u00e2ncia feita no olho no olho, na conversa, na defesa das ideias e, sobretudo, no respeito \u00e0s diferen\u00e7as.<\/span><\/p>\n<p class=\"p1\"><span class=\"s2\">Partiu um peda\u00e7o da milit\u00e2ncia raiz de Vit\u00f3ria da Conquista: Jos\u00e9 Cerqueira.<\/span><\/p>\n","protected":false},"excerpt":{"rendered":"<p>\u00c9 com muita tristeza que acabo de saber da partida de um grande amigo, de um grande parceiro, uma figura ilustre, aquele que podemos chamar verdadeiramente de militante raiz: Jos\u00e9 Cerqueira. Eu o conheci ainda nas hostes do MDB, do qual fizemos parte, liderados por Pedral, Ti\u00e3o, Elquisson, Raul, Chico Pinto, Pedro Sim\u00e3o, Ulysses Guimar\u00e3es, [&hellip;]<\/p>\n","protected":false},"author":3,"featured_media":58926,"comment_status":"open","ping_status":"open","sticky":false,"template":"","format":"standard","meta":[],"categories":[7,1],"tags":[],"_links":{"self":[{"href":"https:\/\/www.blogdomassinha.com.br\/v1\/wp-json\/wp\/v2\/posts\/58925"}],"collection":[{"href":"https:\/\/www.blogdomassinha.com.br\/v1\/wp-json\/wp\/v2\/posts"}],"about":[{"href":"https:\/\/www.blogdomassinha.com.br\/v1\/wp-json\/wp\/v2\/types\/post"}],"author":[{"embeddable":true,"href":"https:\/\/www.blogdomassinha.com.br\/v1\/wp-json\/wp\/v2\/users\/3"}],"replies":[{"embeddable":true,"href":"https:\/\/www.blogdomassinha.com.br\/v1\/wp-json\/wp\/v2\/comments?post=58925"}],"version-history":[{"count":1,"href":"https:\/\/www.blogdomassinha.com.br\/v1\/wp-json\/wp\/v2\/posts\/58925\/revisions"}],"predecessor-version":[{"id":58927,"href":"https:\/\/www.blogdomassinha.com.br\/v1\/wp-json\/wp\/v2\/posts\/58925\/revisions\/58927"}],"wp:featuredmedia":[{"embeddable":true,"href":"https:\/\/www.blogdomassinha.com.br\/v1\/wp-json\/wp\/v2\/media\/58926"}],"wp:attachment":[{"href":"https:\/\/www.blogdomassinha.com.br\/v1\/wp-json\/wp\/v2\/media?parent=58925"}],"wp:term":[{"taxonomy":"category","embeddable":true,"href":"https:\/\/www.blogdomassinha.com.br\/v1\/wp-json\/wp\/v2\/categories?post=58925"},{"taxonomy":"post_tag","embeddable":true,"href":"https:\/\/www.blogdomassinha.com.br\/v1\/wp-json\/wp\/v2\/tags?post=58925"}],"curies":[{"name":"wp","href":"https:\/\/api.w.org\/{rel}","templated":true}]}}