{"id":58891,"date":"2026-09-03T08:57:44","date_gmt":"2026-09-03T11:57:44","guid":{"rendered":"https:\/\/www.blogdomassinha.com.br\/v1\/?p=58891"},"modified":"2026-09-03T08:57:44","modified_gmt":"2026-09-03T11:57:44","slug":"academia-conquistense-de-letras-foi-homenageada-na-manha-de-ontem-2-na-camara-de-vereadores","status":"publish","type":"post","link":"https:\/\/www.blogdomassinha.com.br\/v1\/2026\/09\/03\/academia-conquistense-de-letras-foi-homenageada-na-manha-de-ontem-2-na-camara-de-vereadores\/","title":{"rendered":"Academia Conquistense de Letras foi homenageada na manh\u00e3 de ontem, 2, na C\u00e2mara de Vereadores"},"content":{"rendered":"<p class=\"p2\"><span class=\"s1\"><img loading=\"lazy\" class=\"size-medium wp-image-58892 alignleft\" src=\"https:\/\/www.blogdomassinha.com.br\/v1\/wp-content\/uploads\/2026\/09\/c70974d1-2002-49c7-8589-c42a1ad36c14-225x300.jpeg\" alt=\"\" width=\"225\" height=\"300\" srcset=\"https:\/\/www.blogdomassinha.com.br\/v1\/wp-content\/uploads\/2026\/09\/c70974d1-2002-49c7-8589-c42a1ad36c14-225x300.jpeg 225w, https:\/\/www.blogdomassinha.com.br\/v1\/wp-content\/uploads\/2026\/09\/c70974d1-2002-49c7-8589-c42a1ad36c14.jpeg 375w\" sizes=\"(max-width: 225px) 100vw, 225px\" \/><br \/>\nNa manh\u00e3 de ontem, na C\u00e2mara Municipal de Vit\u00f3ria da Conquista, tivemos a oportunidade, assim como todos aqueles que se fizeram presentes no Plen\u00e1rio Carmem L\u00facia, na Casa do Povo, de presenciar uma sess\u00e3o mista em que uma das mais importantes casas do saber, da literatura, da poesia e da arte foi homenageada: a Academia Conquistense de Letras.<\/span><\/p>\n<p class=\"p2\"><span class=\"s1\">S\u00e3o 36 anos de hist\u00f3ria. E por ela j\u00e1 passaram renomados escritores e artistas que partiram e, at\u00e9 hoje, a Academia permanece abrigando homens e mulheres inteligentes, que engrandecem a cultura da nossa terra.<\/span><\/p>\n<p class=\"p2\"><span class=\"s1\">Cit\u00e1-los seria, na verdade, um risco, porque poder\u00edamos esquecer alguns. Portanto, pe\u00e7o desculpas por n\u00e3o citar, por n\u00e3o nominar tantas mulheres e homens que j\u00e1 nos deixaram e tantos outros que permanecem entre n\u00f3s, abrilhantando a nossa Vit\u00f3ria da Conquista, uma terra onde a intelig\u00eancia \u00e9 not\u00e1vel.<\/span><\/p>\n<p class=\"p2\"><span class=\"s1\">E isso \u00e9 percebido por todos que vivem aqui ou que t\u00eam not\u00edcias da capital do sudoeste da Bahia.<\/span><!--more--><\/p>\n<p class=\"p2\"><span class=\"s1\">O presidente Ivan Cordeiro, que presidiu a sess\u00e3o, foi tamb\u00e9m o autor da iniciativa. E vimos uma mesa composta por pessoas do mais alto n\u00edvel liter\u00e1rio. Mais uma vez, para n\u00e3o correr o risco de esquecer algu\u00e9m, prefiro n\u00e3o citar os nomes, mas as fotografias registram e mostram a grandeza da composi\u00e7\u00e3o da mesa.<\/span><\/p>\n<p class=\"p2\"><span class=\"s1\">O plen\u00e1rio ficou lotado, n\u00e3o s\u00f3 de poetas, escritores e integrantes da Academia, mas tamb\u00e9m de pessoas que foram prestigiar a sess\u00e3o da C\u00e2mara.<\/span><\/p>\n<p class=\"p2\"><span class=\"s1\">O presidente da nossa Academia Conquistense de Letras estava feliz da vida, realizado, porque, tendo assumido recentemente a presid\u00eancia da institui\u00e7\u00e3o, esteve \u00e0 frente de uma super sess\u00e3o, em uma data que marca os 36 anos de hist\u00f3ria da nossa Academia.<\/span><\/p>\n<p class=\"p2\"><span class=\"s1\">E foi bonito de ver, de assistir, n\u00e3o apenas \u00e0s falas dos convidados, mas tamb\u00e9m \u00e0s dos vereadores, que engrandeceram e prestigiaram a sess\u00e3o, reconhecendo a import\u00e2ncia da Academia Conquistense de Letras para a hist\u00f3ria cultural da nossa cidade.<\/span><\/p>\n<p class=\"p2\"><span class=\"s1\">Parab\u00e9ns \u00e0 Academia Conquistense de Letras! Parab\u00e9ns \u00e0 C\u00e2mara de Vereadores! E parab\u00e9ns a Vit\u00f3ria da Conquista, ber\u00e7o de homens e mulheres inteligentes, que fazem da cultura, da arte e da literatura um motivo a mais para que n\u00f3s apreciemos e valorizemos, cada vez mais, a capital do sudoeste da Bahia, a nossa querida Vit\u00f3ria da Conquista.<\/span><\/p>\n","protected":false},"excerpt":{"rendered":"<p>Na manh\u00e3 de ontem, na C\u00e2mara Municipal de Vit\u00f3ria da Conquista, tivemos a oportunidade, assim como todos aqueles que se fizeram presentes no Plen\u00e1rio Carmem L\u00facia, na Casa do Povo, de presenciar uma sess\u00e3o mista em que uma das mais importantes casas do saber, da literatura, da poesia e da arte foi homenageada: a Academia [&hellip;]<\/p>\n","protected":false},"author":3,"featured_media":58892,"comment_status":"open","ping_status":"open","sticky":false,"template":"","format":"standard","meta":[],"categories":[7,1],"tags":[],"_links":{"self":[{"href":"https:\/\/www.blogdomassinha.com.br\/v1\/wp-json\/wp\/v2\/posts\/58891"}],"collection":[{"href":"https:\/\/www.blogdomassinha.com.br\/v1\/wp-json\/wp\/v2\/posts"}],"about":[{"href":"https:\/\/www.blogdomassinha.com.br\/v1\/wp-json\/wp\/v2\/types\/post"}],"author":[{"embeddable":true,"href":"https:\/\/www.blogdomassinha.com.br\/v1\/wp-json\/wp\/v2\/users\/3"}],"replies":[{"embeddable":true,"href":"https:\/\/www.blogdomassinha.com.br\/v1\/wp-json\/wp\/v2\/comments?post=58891"}],"version-history":[{"count":1,"href":"https:\/\/www.blogdomassinha.com.br\/v1\/wp-json\/wp\/v2\/posts\/58891\/revisions"}],"predecessor-version":[{"id":58893,"href":"https:\/\/www.blogdomassinha.com.br\/v1\/wp-json\/wp\/v2\/posts\/58891\/revisions\/58893"}],"wp:featuredmedia":[{"embeddable":true,"href":"https:\/\/www.blogdomassinha.com.br\/v1\/wp-json\/wp\/v2\/media\/58892"}],"wp:attachment":[{"href":"https:\/\/www.blogdomassinha.com.br\/v1\/wp-json\/wp\/v2\/media?parent=58891"}],"wp:term":[{"taxonomy":"category","embeddable":true,"href":"https:\/\/www.blogdomassinha.com.br\/v1\/wp-json\/wp\/v2\/categories?post=58891"},{"taxonomy":"post_tag","embeddable":true,"href":"https:\/\/www.blogdomassinha.com.br\/v1\/wp-json\/wp\/v2\/tags?post=58891"}],"curies":[{"name":"wp","href":"https:\/\/api.w.org\/{rel}","templated":true}]}}