{"id":58888,"date":"2026-09-03T08:48:59","date_gmt":"2026-09-03T11:48:59","guid":{"rendered":"https:\/\/www.blogdomassinha.com.br\/v1\/?p=58888"},"modified":"2026-09-03T08:48:59","modified_gmt":"2026-09-03T11:48:59","slug":"mostra-de-cinema-conquista-tem-producoes-de-varias-cidades-do-brasil-o-evento-acontece-de-6-a-11-de-setembro-no-centro-de-cultura","status":"publish","type":"post","link":"https:\/\/www.blogdomassinha.com.br\/v1\/2026\/09\/03\/mostra-de-cinema-conquista-tem-producoes-de-varias-cidades-do-brasil-o-evento-acontece-de-6-a-11-de-setembro-no-centro-de-cultura\/","title":{"rendered":"Mostra de Cinema Conquista tem produ\u00e7\u00f5es de v\u00e1rias cidades do Brasil. O evento acontece de 6 a 11 de setembro, no Centro de Cultura."},"content":{"rendered":"<p class=\"p1\"><span class=\"s1\"><img loading=\"lazy\" class=\"alignright size-medium wp-image-58889\" src=\"https:\/\/www.blogdomassinha.com.br\/v1\/wp-content\/uploads\/2026\/09\/f762ac2a-19bd-4fde-9511-5ccc1a072ec9-300x225.jpeg\" alt=\"\" width=\"300\" height=\"225\" srcset=\"https:\/\/www.blogdomassinha.com.br\/v1\/wp-content\/uploads\/2026\/09\/f762ac2a-19bd-4fde-9511-5ccc1a072ec9-300x225.jpeg 300w, https:\/\/www.blogdomassinha.com.br\/v1\/wp-content\/uploads\/2026\/09\/f762ac2a-19bd-4fde-9511-5ccc1a072ec9.jpeg 600w\" sizes=\"(max-width: 300px) 100vw, 300px\" \/><br \/>\nEu tive a honra e o prazer de receber o meu querido amigo Esmond Primo, desde sempre um entusiasta das produ\u00e7\u00f5es cinematogr\u00e1ficas. Ele \u00e9 um dos baluartes dessa arte em nossa cidade.<\/span><\/p>\n<p class=\"p1\"><span class=\"s1\">E eu tive a oportunidade de perguntar-lhe se tudo isso \u00e9 tamb\u00e9m em raz\u00e3o de a nossa cidade ser o ber\u00e7o do Cinema Novo, j\u00e1 que o mestre Glauber Rocha \u00e9 filho da nossa terra. E, al\u00e9m de Glauber Rocha, podemos citar outros nomes que, cada um dentro do seu universo, tiveram import\u00e2ncia para essa arte que \u00e9 o cinema. Por exemplo, o saudoso Jorge Melchizedek.<\/span><\/p>\n<p class=\"p1\"><span class=\"s1\">N\u00f3s tivemos tamb\u00e9m Gild\u00e1sio Leite e, mais ainda, aquele entusiasta, aquela figura incr\u00edvel que via no cinema uma divers\u00e3o para si, mas que tamb\u00e9m marcou a nossa cidade: o Gaguinho dos Campinhos.<\/span><\/p>\n<p class=\"p1\"><span class=\"s1\">Esmond diz que sim, que tudo isso influenciou na sua vida, nessa miss\u00e3o de trabalhar com cinema. Mas ele n\u00e3o nega que j\u00e1 nasceu com isso dentro de si, que esse sentimento sempre esteve presente. E \u00e9 claro que, com todo esse fervor e com essa particularidade de Conquista ter uma import\u00e2ncia t\u00e3o grande dentro do cinema, sobretudo por ser a terra de Glauber Rocha, que viveu aqui quando jovem, tudo isso tamb\u00e9m teve a sua influ\u00eancia.<\/span><!--more--><\/p>\n<p class=\"p1\"><span class=\"s1\">Esmond veio falar conosco e nos concedeu uma entrevista muito interessante. Esta ser\u00e1 a 17\u00aa edi\u00e7\u00e3o da Mostra de Cinema Conquista, que conta com a participa\u00e7\u00e3o de muitas produ\u00e7\u00f5es de v\u00e1rias cidades do pa\u00eds. Esmond nos falou que, assim que foram abertas as inscri\u00e7\u00f5es, mais de 600 produ\u00e7\u00f5es foram inscritas por realizadores e produtoras de diversos cantos do nosso imenso Brasil.<\/span><\/p>\n<p class=\"p1\"><span class=\"s1\">Esta edi\u00e7\u00e3o conta, inclusive, com uma competi\u00e7\u00e3o em que os participantes ser\u00e3o premiados e cujo t\u00edtulo ser\u00e1 exatamente uma homenagem a Jorge Luiz Melchizedek, uma das grandes express\u00f5es culturais da nossa cidade, que viveu boa parte da sua vida dentro das salas de arte, dos palcos e, claro, tamb\u00e9m dentro da UESB.<\/span><\/p>\n<p class=\"p1\"><span class=\"s1\">Esmond Primo vibra com essa produ\u00e7\u00e3o, fala das dificuldades, mas nada que possa impedi-lo de dar vaz\u00e3o a esse sentimento cinematogr\u00e1fico que Vit\u00f3ria da Conquista possui.<\/span><\/p>\n<p class=\"p1\"><span class=\"s1\">De 6 a 11 de setembro, portanto, o Centro de Cultura Camillo de Jesus Lima ser\u00e1 mais uma vez o espa\u00e7o para celebrar o cinema, receber produ\u00e7\u00f5es de v\u00e1rias partes do Brasil e mostrar que Vit\u00f3ria da Conquista continua tendo uma rela\u00e7\u00e3o muito especial com a s\u00e9tima arte.<\/span><\/p>\n<p class=\"p1\"><span class=\"s1\">Boa sorte, Esmond Primo! Parab\u00e9ns, Vit\u00f3ria da Conquista, por mais um grandioso evento.<\/span><\/p>\n","protected":false},"excerpt":{"rendered":"<p>Eu tive a honra e o prazer de receber o meu querido amigo Esmond Primo, desde sempre um entusiasta das produ\u00e7\u00f5es cinematogr\u00e1ficas. Ele \u00e9 um dos baluartes dessa arte em nossa cidade. E eu tive a oportunidade de perguntar-lhe se tudo isso \u00e9 tamb\u00e9m em raz\u00e3o de a nossa cidade ser o ber\u00e7o do Cinema [&hellip;]<\/p>\n","protected":false},"author":3,"featured_media":58889,"comment_status":"open","ping_status":"open","sticky":false,"template":"","format":"standard","meta":[],"categories":[7,1],"tags":[],"_links":{"self":[{"href":"https:\/\/www.blogdomassinha.com.br\/v1\/wp-json\/wp\/v2\/posts\/58888"}],"collection":[{"href":"https:\/\/www.blogdomassinha.com.br\/v1\/wp-json\/wp\/v2\/posts"}],"about":[{"href":"https:\/\/www.blogdomassinha.com.br\/v1\/wp-json\/wp\/v2\/types\/post"}],"author":[{"embeddable":true,"href":"https:\/\/www.blogdomassinha.com.br\/v1\/wp-json\/wp\/v2\/users\/3"}],"replies":[{"embeddable":true,"href":"https:\/\/www.blogdomassinha.com.br\/v1\/wp-json\/wp\/v2\/comments?post=58888"}],"version-history":[{"count":1,"href":"https:\/\/www.blogdomassinha.com.br\/v1\/wp-json\/wp\/v2\/posts\/58888\/revisions"}],"predecessor-version":[{"id":58890,"href":"https:\/\/www.blogdomassinha.com.br\/v1\/wp-json\/wp\/v2\/posts\/58888\/revisions\/58890"}],"wp:featuredmedia":[{"embeddable":true,"href":"https:\/\/www.blogdomassinha.com.br\/v1\/wp-json\/wp\/v2\/media\/58889"}],"wp:attachment":[{"href":"https:\/\/www.blogdomassinha.com.br\/v1\/wp-json\/wp\/v2\/media?parent=58888"}],"wp:term":[{"taxonomy":"category","embeddable":true,"href":"https:\/\/www.blogdomassinha.com.br\/v1\/wp-json\/wp\/v2\/categories?post=58888"},{"taxonomy":"post_tag","embeddable":true,"href":"https:\/\/www.blogdomassinha.com.br\/v1\/wp-json\/wp\/v2\/tags?post=58888"}],"curies":[{"name":"wp","href":"https:\/\/api.w.org\/{rel}","templated":true}]}}