{"id":58885,"date":"2026-09-02T09:54:01","date_gmt":"2026-09-02T12:54:01","guid":{"rendered":"https:\/\/www.blogdomassinha.com.br\/v1\/?p=58885"},"modified":"2026-09-02T09:54:01","modified_gmt":"2026-09-02T12:54:01","slug":"afya-comemora-dois-anos-em-conquista-e-mais-de-2-990-atendimentos-gratuitos-realizados-no-ambulatorio","status":"publish","type":"post","link":"https:\/\/www.blogdomassinha.com.br\/v1\/2026\/09\/02\/afya-comemora-dois-anos-em-conquista-e-mais-de-2-990-atendimentos-gratuitos-realizados-no-ambulatorio\/","title":{"rendered":"AFYA comemora dois anos em Conquista e mais de 2.990 atendimentos gratuitos realizados no ambulat\u00f3rio"},"content":{"rendered":"<p class=\"p2\"><span class=\"s1\"><img loading=\"lazy\" class=\"size-medium wp-image-58886 alignleft\" src=\"https:\/\/www.blogdomassinha.com.br\/v1\/wp-content\/uploads\/2026\/09\/cd0ec5d9-0e46-4abd-a5c5-dd631586c8de-300x225.jpeg\" alt=\"\" width=\"300\" height=\"225\" srcset=\"https:\/\/www.blogdomassinha.com.br\/v1\/wp-content\/uploads\/2026\/09\/cd0ec5d9-0e46-4abd-a5c5-dd631586c8de-300x225.jpeg 300w, https:\/\/www.blogdomassinha.com.br\/v1\/wp-content\/uploads\/2026\/09\/cd0ec5d9-0e46-4abd-a5c5-dd631586c8de.jpeg 600w\" sizes=\"(max-width: 300px) 100vw, 300px\" \/><br \/>\nRealmente \u00e9 uma marca que justifica a presen\u00e7a dessa faculdade t\u00e3o importante e renomada, com presen\u00e7a marcante em Vit\u00f3ria da Conquista e que est\u00e1 espalhada tamb\u00e9m por outros cantos do pa\u00eds.<\/span><\/p>\n<p class=\"p2\"><span class=\"s1\">\u00c9 uma institui\u00e7\u00e3o de ensino que traz um significado important\u00edssimo para a nossa terra, que tem na educa\u00e7\u00e3o um dos setores que mais se desenvolvem e que tornam Vit\u00f3ria da Conquista, sem d\u00favida alguma, uma pot\u00eancia nessa \u00e1rea.<\/span><\/p>\n<p class=\"p2\"><span class=\"s1\">S\u00e3o v\u00e1rios os cursos que a AFYA oferece. S\u00e3o duas unidades, ambas gigantes: uma aqui na Avenida Ol\u00edvia Flores e a outra no Boulevard Shopping, que, ali\u00e1s, \u00e9 uma megaestrutura e que nos chamou bastante aten\u00e7\u00e3o quando anunciaram que a AFYA estaria indo para o shopping.<\/span><\/p>\n<p class=\"p2\"><span class=\"s1\">Na verdade, ela n\u00e3o mudou. Ela cresceu, foi tamb\u00e9m para l\u00e1.<\/span><\/p>\n<p class=\"p2\"><span class=\"s1\">E o curioso \u00e9 que eu pr\u00f3prio n\u00e3o conseguia enxergar uma faculdade funcionando dentro de um shopping. E eis que ela foi edificada e hoje, sem d\u00favida alguma, \u00e9 uma das raz\u00f5es do grande movimento de jovens e estudantes naquele suntuoso equipamento comercial que \u00e9 o Boulevard Shopping.<\/span><\/p>\n<p class=\"p2\"><span class=\"s1\">Agora, a AFYA comemora dois anos em Vit\u00f3ria da Conquista e apresenta um n\u00famero que merece ser destacado: j\u00e1 s\u00e3o mais de 2.990 atendimentos gratuitos realizados no seu ambulat\u00f3rio. \u00c9 um n\u00famero chegando aos 3 mil atendimentos e que mostra que a presen\u00e7a de uma institui\u00e7\u00e3o de ensino tamb\u00e9m pode significar presta\u00e7\u00e3o de servi\u00e7o e retorno para a comunidade.<\/span><\/p>\n<p class=\"p2\"><span class=\"s1\">N\u00f3s gostar\u00edamos, portanto, de parabenizar a AFYA pelo trabalho e por essa marca. Fica aqui o nosso registro a toda a diretoria, aos professores, aos alunos e, enfim, a todo o corpo de colaboradores.<\/span><!--more--><\/p>\n<p class=\"p2\"><span class=\"s1\">A AFYA est\u00e1 de parab\u00e9ns. E parab\u00e9ns tamb\u00e9m a Vit\u00f3ria da Conquista por abrigar uma institui\u00e7\u00e3o de ensino t\u00e3o importante, respeitada e que contribui para fortalecer ainda mais a voca\u00e7\u00e3o educacional da nossa cidade.<\/span><\/p>\n<p class=\"p2\"><span class=\"s1\">Saiba mais:<\/span><\/p>\n<p class=\"p2\"><em><strong><span class=\"s1\">Afya Educa\u00e7\u00e3o M\u00e9dica Conquista celebra dois anos em Vit\u00f3ria da Conquista com mais de 2.900 atendimentos gratuitos e avan\u00e7o na forma\u00e7\u00e3o m\u00e9dica no interior<\/span><\/strong><\/em><\/p>\n<p class=\"p2\"><em><span class=\"s1\">A unidade consolida o acesso \u00e0 forma\u00e7\u00e3o continuada e ao atendimento especializado para al\u00e9m dos grandes centros<\/span><\/em><\/p>\n<p class=\"p2\"><em><span class=\"s1\">A Afya Educa\u00e7\u00e3o M\u00e9dica Vit\u00f3ria da Conquista completou dois anos de atua\u00e7\u00e3o na cidade e celebrou a data neste s\u00e1bado (29), com uma programa\u00e7\u00e3o comemorativa realizada no ambulat\u00f3rio da institui\u00e7\u00e3o, localizado no Shopping Boulevard. Ao longo desse per\u00edodo, a unidade se consolidou como um espa\u00e7o de forma\u00e7\u00e3o continuada para m\u00e9dicos no interior da Bahia e tamb\u00e9m ampliou o acesso da popula\u00e7\u00e3o a atendimentos especializados. Em dois anos, foram cerca de 2.900 atendimentos gratuitos realizados no ambulat\u00f3rio.<\/span><\/em><\/p>\n<p class=\"p2\"><em><span class=\"s1\">O n\u00famero representa parte importante da atua\u00e7\u00e3o da institui\u00e7\u00e3o na regi\u00e3o, que alia a educa\u00e7\u00e3o m\u00e9dica \u00e0 presta\u00e7\u00e3o de servi\u00e7os \u00e0 comunidade. Nesse per\u00edodo, a popula\u00e7\u00e3o de Vit\u00f3ria da Conquista e regi\u00e3o teve acesso a atendimentos em especialidades como Dermatologia, Neuropediatria, Psiquiatria, Geriatria, Ultrassonografia, Endocrinologia e Nutrologia. A proposta \u00e9 aproximar o conhecimento produzido na forma\u00e7\u00e3o m\u00e9dica das necessidades reais da popula\u00e7\u00e3o.<\/span><\/em><\/p>\n<p class=\"p2\"><em><span class=\"s1\">Para Mariane, gerente da Afya Educa\u00e7\u00e3o M\u00e9dica em Vit\u00f3ria da Conquista, os dois anos representam a consolida\u00e7\u00e3o de um projeto que nasceu com o prop\u00f3sito de fortalecer a educa\u00e7\u00e3o m\u00e9dica na regi\u00e3o. \u201cCelebrar esses dois anos \u00e9 reconhecer uma trajet\u00f3ria constru\u00edda junto aos m\u00e9dicos, professores, alunos e \u00e0 comunidade de Vit\u00f3ria da Conquista. Chegar a quase 2.900 atendimentos gratuitos demonstra que a nossa atua\u00e7\u00e3o vai al\u00e9m da forma\u00e7\u00e3o profissional: estamos contribuindo diretamente para a sa\u00fade e para o desenvolvimento da regi\u00e3o, sempre em parceria com os agentes da sa\u00fade p\u00fablica. \u00c9 uma grande satisfa\u00e7\u00e3o ver esse projeto crescer e ganhar cada vez mais relev\u00e2ncia no interior da Bahia\u201d, afirma.<\/span><\/em><\/p>\n<p class=\"p2\"><em><span class=\"s1\">A presen\u00e7a da EdMed em Vit\u00f3ria da Conquista tamb\u00e9m representa um movimento de interioriza\u00e7\u00e3o da forma\u00e7\u00e3o m\u00e9dica. A localiza\u00e7\u00e3o estrat\u00e9gica permite que profissionais de Vit\u00f3ria da Conquista e de outras cidades da regi\u00e3o tenham acesso \u00e0 especializa\u00e7\u00e3o e \u00e0 atualiza\u00e7\u00e3o profissional sem precisar se deslocar para grandes centros do Brasil.<\/span><\/em><\/p>\n<p class=\"p2\"><em><span class=\"s1\">Ao levar cursos de p\u00f3s-gradua\u00e7\u00e3o m\u00e9dica para o interior, a Afya amplia as possibilidades de qualifica\u00e7\u00e3o profissional e contribui para fortalecer a pr\u00f3pria rede de sa\u00fade regional, uma vez que m\u00e9dicos mais pr\u00f3ximos de suas comunidades tamb\u00e9m podem ter acesso a novas ferramentas e conhecimentos para a pr\u00e1tica cl\u00ednica.<\/span><\/em><\/p>\n<p class=\"p2\"><em><span class=\"s1\">Um dos profissionais que acompanhou esse movimento desde o in\u00edcio \u00e9 o professor Anderson Weiber, psiquiatra e primeiro professor a ministrar aulas na EdMed Vit\u00f3ria da Conquista. Para ele, participar do in\u00edcio da trajet\u00f3ria da unidade permitiu acompanhar uma mudan\u00e7a importante na oferta de educa\u00e7\u00e3o m\u00e9dica na regi\u00e3o. \u201cSer o primeiro professor a dar aula na EdMed Vit\u00f3ria da Conquista e, dois anos depois, ver o quanto essa estrutura cresceu \u00e9 motivo de muita satisfa\u00e7\u00e3o. A forma\u00e7\u00e3o continuada \u00e9 fundamental para a medicina, e ter uma institui\u00e7\u00e3o desse porte no interior significa criar oportunidades para que m\u00e9dicos possam se aperfei\u00e7oar sem precisar deixar sua cidade ou sua regi\u00e3o\u201d, destaca.<\/span><\/em><\/p>\n<p class=\"p2\"><em><span class=\"s1\">Sobre a Afya<\/span><\/em><\/p>\n<p class=\"p2\"><em><span class=\"s1\">A Afya, maior ecossistema de educa\u00e7\u00e3o e solu\u00e7\u00f5es para a pr\u00e1tica m\u00e9dica do Brasil, re\u00fane 37 Institui\u00e7\u00f5es de Ensino Superior, 32 delas com cursos de Medicina e 25 unidades com p\u00f3s-gradua\u00e7\u00e3o e educa\u00e7\u00e3o continuada em \u00e1reas m\u00e9dicas e de sa\u00fade em todas as regi\u00f5es do pa\u00eds. O grupo conta com 3.766 vagas de Medicina aprovadas pelo MEC e, nos \u00faltimos 25 anos, j\u00e1 formou mais de 24 mil alunos.<\/span><\/em><\/p>\n<p class=\"p2\"><em><span class=\"s1\">Pioneira em pr\u00e1ticas digitais para aprendizagem cont\u00ednua e suporte ao exerc\u00edcio da Medicina, 1 a cada 3 m\u00e9dicos e estudantes de Medicina no pa\u00eds utiliza ao menos uma solu\u00e7\u00e3o digital do portf\u00f3lio, como Afya Whitebook, Afya iClinic e Afya Papers.<\/span><\/em><\/p>\n<p class=\"p2\"><em><span class=\"s1\">Primeira empresa de educa\u00e7\u00e3o m\u00e9dica a abrir capital na Nasdaq em 2019, a Afya recebeu pr\u00eamios do jornal Valor Econ\u00f4mico, incluindo &#8220;Valor Inova\u00e7\u00e3o&#8221; (2023) como a mais inovadora do Brasil e &#8220;Valor 1000&#8221; (2021, 2023, 2024 e 2025) como a melhor empresa de educa\u00e7\u00e3o. Virg\u00edlio Gibbon, CEO da Afya, foi reconhecido como o melhor CEO na \u00e1rea de Educa\u00e7\u00e3o pelo pr\u00eamio &#8220;Executivo de Valor&#8221; (2023).<\/span><\/em><\/p>\n<p class=\"p2\"><em><span class=\"s1\">Em 2024, a empresa passou a integrar o programa &#8220;Lideran\u00e7a com ImPacto&#8221;, do Pacto Global da ONU no Brasil, como porta-voz da ODS 3 &#8211; Sa\u00fade e Bem-Estar.<\/span><\/em><\/p>\n<p class=\"p2\"><em><span class=\"s1\">Mais informa\u00e7\u00f5es em: www.afya.com.br e ir.afya.com.br.<\/span><\/em><\/p>\n","protected":false},"excerpt":{"rendered":"<p>Realmente \u00e9 uma marca que justifica a presen\u00e7a dessa faculdade t\u00e3o importante e renomada, com presen\u00e7a marcante em Vit\u00f3ria da Conquista e que est\u00e1 espalhada tamb\u00e9m por outros cantos do pa\u00eds. \u00c9 uma institui\u00e7\u00e3o de ensino que traz um significado important\u00edssimo para a nossa terra, que tem na educa\u00e7\u00e3o um dos setores que mais se [&hellip;]<\/p>\n","protected":false},"author":3,"featured_media":58886,"comment_status":"open","ping_status":"open","sticky":false,"template":"","format":"standard","meta":[],"categories":[7,1],"tags":[],"_links":{"self":[{"href":"https:\/\/www.blogdomassinha.com.br\/v1\/wp-json\/wp\/v2\/posts\/58885"}],"collection":[{"href":"https:\/\/www.blogdomassinha.com.br\/v1\/wp-json\/wp\/v2\/posts"}],"about":[{"href":"https:\/\/www.blogdomassinha.com.br\/v1\/wp-json\/wp\/v2\/types\/post"}],"author":[{"embeddable":true,"href":"https:\/\/www.blogdomassinha.com.br\/v1\/wp-json\/wp\/v2\/users\/3"}],"replies":[{"embeddable":true,"href":"https:\/\/www.blogdomassinha.com.br\/v1\/wp-json\/wp\/v2\/comments?post=58885"}],"version-history":[{"count":1,"href":"https:\/\/www.blogdomassinha.com.br\/v1\/wp-json\/wp\/v2\/posts\/58885\/revisions"}],"predecessor-version":[{"id":58887,"href":"https:\/\/www.blogdomassinha.com.br\/v1\/wp-json\/wp\/v2\/posts\/58885\/revisions\/58887"}],"wp:featuredmedia":[{"embeddable":true,"href":"https:\/\/www.blogdomassinha.com.br\/v1\/wp-json\/wp\/v2\/media\/58886"}],"wp:attachment":[{"href":"https:\/\/www.blogdomassinha.com.br\/v1\/wp-json\/wp\/v2\/media?parent=58885"}],"wp:term":[{"taxonomy":"category","embeddable":true,"href":"https:\/\/www.blogdomassinha.com.br\/v1\/wp-json\/wp\/v2\/categories?post=58885"},{"taxonomy":"post_tag","embeddable":true,"href":"https:\/\/www.blogdomassinha.com.br\/v1\/wp-json\/wp\/v2\/tags?post=58885"}],"curies":[{"name":"wp","href":"https:\/\/api.w.org\/{rel}","templated":true}]}}