{"id":58882,"date":"2026-09-02T09:41:22","date_gmt":"2026-09-02T12:41:22","guid":{"rendered":"https:\/\/www.blogdomassinha.com.br\/v1\/?p=58882"},"modified":"2026-09-02T09:41:22","modified_gmt":"2026-09-02T12:41:22","slug":"dr-parmenio-ferreira-ex-prefeito-de-condeuba-1951-1955-se-vivo-estivesse-estaria-comemorando-100-anos-junto-aos-seus-familiares-e-conterraneos","status":"publish","type":"post","link":"https:\/\/www.blogdomassinha.com.br\/v1\/2026\/09\/02\/dr-parmenio-ferreira-ex-prefeito-de-condeuba-1951-1955-se-vivo-estivesse-estaria-comemorando-100-anos-junto-aos-seus-familiares-e-conterraneos\/","title":{"rendered":"Dr. Parm\u00eanio Ferreira, ex-prefeito de Conde\u00faba (1951-1955), se vivo estivesse, estaria comemorando 100 anos junto aos seus familiares e conterr\u00e2neos"},"content":{"rendered":"<p class=\"p2\"><span class=\"s1\"><img loading=\"lazy\" class=\"alignright size-medium wp-image-58883\" src=\"https:\/\/www.blogdomassinha.com.br\/v1\/wp-content\/uploads\/2026\/09\/e683510f-dbca-4b5d-b01c-23d9a5f3adb2-169x300.jpeg\" alt=\"\" width=\"169\" height=\"300\" srcset=\"https:\/\/www.blogdomassinha.com.br\/v1\/wp-content\/uploads\/2026\/09\/e683510f-dbca-4b5d-b01c-23d9a5f3adb2-169x300.jpeg 169w, https:\/\/www.blogdomassinha.com.br\/v1\/wp-content\/uploads\/2026\/09\/e683510f-dbca-4b5d-b01c-23d9a5f3adb2.jpeg 281w\" sizes=\"(max-width: 169px) 100vw, 169px\" \/><br \/>\nAmigos e amigas, est\u00e1 a\u00ed uma das figuras mais emblem\u00e1ticas da nossa querida terra, Conde\u00faba. Convivi com ele, principalmente aqui em Vit\u00f3ria da Conquista. Quando cheguei aqui, ele j\u00e1 estava com a sua fam\u00edlia, com Dona An\u00edsia e com todos os seus filhos: Ricardo, L\u00facia, Paulinha, Jorge e Carlos. Todos eles j\u00e1 residiam aqui.<\/span><\/p>\n<p class=\"p2\"><span class=\"s1\">Doutor Parm\u00eanio foi prefeito de Conde\u00faba de 1951 a 1955. Estaria, portanto, se estivesse vivo, completando 100 anos no \u00faltimo dia 27 de julho.<\/span><\/p>\n<p class=\"p2\"><span class=\"s1\">\u00c9 uma hist\u00f3ria centen\u00e1ria e que merece todas as lembran\u00e7as dos seus familiares e conterr\u00e2neos. Um homem probo, correto, humanista, um odont\u00f3logo de primeira qualidade, um educador generoso, s\u00e9rio e respeitado.<\/span><\/p>\n<p class=\"p2\"><span class=\"s1\">Ao deixar a nossa terra, sua terra, Conde\u00faba, veio para Vit\u00f3ria da Conquista e foi diretor do Col\u00e9gio Conquista, Col\u00e9gio Padre Palmeira, ali na Pra\u00e7a S\u00e1 Barreto, onde hoje funciona o Museu da Uesb. Doutor Parm\u00eanio foi um exemplo de homem p\u00fablico, de pai, de av\u00f4, de educador e de diretor de escola.<\/span><!--more--><\/p>\n<p class=\"p2\"><span class=\"s1\">Foi uma marca que honra a tradi\u00e7\u00e3o de todos os prefeitos da nossa Conde\u00faba querida. Naquela \u00e9poca, a disputa pelo voto ocorria em cima das carrocerias dos caminh\u00f5es ou numa sala de visita das casas dos amigos. Mas era s\u00f3 isso: uma disputa para que cada um pudesse servir melhor \u00e0 sua terra. N\u00e3o tinha brigas, n\u00e3o tinha desrespeito, e todos honraram os mandatos que exerceram.<\/span><\/p>\n<p class=\"p2\"><span class=\"s1\">Doutor Parm\u00eanio, onde o senhor estiver, juntamente com Ricardo, com Jorge e com Dona An\u00edsia, esteja em paz.<\/span><\/p>\n<p class=\"p2\"><span class=\"s1\">Aqui na terra, todos sentem a sua falta, mas todos tamb\u00e9m sorriem quando lembram da pessoa que o senhor foi, da hist\u00f3ria que construiu e do exemplo que deixou para sua fam\u00edlia, para Conde\u00faba e para todos aqueles que tiveram o privil\u00e9gio de conviver com o senhor.<\/span><\/p>\n","protected":false},"excerpt":{"rendered":"<p>Amigos e amigas, est\u00e1 a\u00ed uma das figuras mais emblem\u00e1ticas da nossa querida terra, Conde\u00faba. Convivi com ele, principalmente aqui em Vit\u00f3ria da Conquista. Quando cheguei aqui, ele j\u00e1 estava com a sua fam\u00edlia, com Dona An\u00edsia e com todos os seus filhos: Ricardo, L\u00facia, Paulinha, Jorge e Carlos. Todos eles j\u00e1 residiam aqui. Doutor [&hellip;]<\/p>\n","protected":false},"author":3,"featured_media":58883,"comment_status":"open","ping_status":"open","sticky":false,"template":"","format":"standard","meta":[],"categories":[7,1],"tags":[],"_links":{"self":[{"href":"https:\/\/www.blogdomassinha.com.br\/v1\/wp-json\/wp\/v2\/posts\/58882"}],"collection":[{"href":"https:\/\/www.blogdomassinha.com.br\/v1\/wp-json\/wp\/v2\/posts"}],"about":[{"href":"https:\/\/www.blogdomassinha.com.br\/v1\/wp-json\/wp\/v2\/types\/post"}],"author":[{"embeddable":true,"href":"https:\/\/www.blogdomassinha.com.br\/v1\/wp-json\/wp\/v2\/users\/3"}],"replies":[{"embeddable":true,"href":"https:\/\/www.blogdomassinha.com.br\/v1\/wp-json\/wp\/v2\/comments?post=58882"}],"version-history":[{"count":1,"href":"https:\/\/www.blogdomassinha.com.br\/v1\/wp-json\/wp\/v2\/posts\/58882\/revisions"}],"predecessor-version":[{"id":58884,"href":"https:\/\/www.blogdomassinha.com.br\/v1\/wp-json\/wp\/v2\/posts\/58882\/revisions\/58884"}],"wp:featuredmedia":[{"embeddable":true,"href":"https:\/\/www.blogdomassinha.com.br\/v1\/wp-json\/wp\/v2\/media\/58883"}],"wp:attachment":[{"href":"https:\/\/www.blogdomassinha.com.br\/v1\/wp-json\/wp\/v2\/media?parent=58882"}],"wp:term":[{"taxonomy":"category","embeddable":true,"href":"https:\/\/www.blogdomassinha.com.br\/v1\/wp-json\/wp\/v2\/categories?post=58882"},{"taxonomy":"post_tag","embeddable":true,"href":"https:\/\/www.blogdomassinha.com.br\/v1\/wp-json\/wp\/v2\/tags?post=58882"}],"curies":[{"name":"wp","href":"https:\/\/api.w.org\/{rel}","templated":true}]}}