{"id":58878,"date":"2026-09-02T09:34:26","date_gmt":"2026-09-02T12:34:26","guid":{"rendered":"https:\/\/www.blogdomassinha.com.br\/v1\/?p=58878"},"modified":"2026-09-02T09:34:26","modified_gmt":"2026-09-02T12:34:26","slug":"aulao-do-enem-aconteceu-ontem-1o-9-em-conquista-mas-continua-em-outros-municipios-do-sudoeste-da-bahia-e-gratis","status":"publish","type":"post","link":"https:\/\/www.blogdomassinha.com.br\/v1\/2026\/09\/02\/aulao-do-enem-aconteceu-ontem-1o-9-em-conquista-mas-continua-em-outros-municipios-do-sudoeste-da-bahia-e-gratis\/","title":{"rendered":"Aul\u00e3o do Enem aconteceu ontem, 1\u00ba\/9, em Conquista, mas continua em outros munic\u00edpios do sudoeste da Bahia. \u00c9 gr\u00e1tis"},"content":{"rendered":"<p class=\"p2\"><span class=\"s1\"><img loading=\"lazy\" class=\"size-medium wp-image-58879 alignleft\" src=\"https:\/\/www.blogdomassinha.com.br\/v1\/wp-content\/uploads\/2026\/09\/b12b39bd-052a-4dc4-bed7-b42d6378dab2-300x225.jpeg\" alt=\"\" width=\"300\" height=\"225\" srcset=\"https:\/\/www.blogdomassinha.com.br\/v1\/wp-content\/uploads\/2026\/09\/b12b39bd-052a-4dc4-bed7-b42d6378dab2-300x225.jpeg 300w, https:\/\/www.blogdomassinha.com.br\/v1\/wp-content\/uploads\/2026\/09\/b12b39bd-052a-4dc4-bed7-b42d6378dab2.jpeg 600w\" sizes=\"(max-width: 300px) 100vw, 300px\" \/><br \/>\nVit\u00f3ria da Conquista foi sede, ontem, do Aul\u00e3o do Enem, sendo a primeira cidade do sudoeste do estado a receber essa iniciativa totalmente gratuita, aqui em um renomado espa\u00e7o de Vit\u00f3ria da Conquista, o Espa\u00e7o Roma, ali nas proximidades da Urbis VI.<\/span><\/p>\n<p class=\"p2\"><span class=\"s1\">Outras cidades do sudoeste do estado tamb\u00e9m receber\u00e3o o aul\u00e3o, a exemplo de Po\u00e7\u00f5es, Lic\u00ednio de Almeida e Aracatu. Enfim, s\u00e3o v\u00e1rios os munic\u00edpios que ser\u00e3o contemplados, e a agenda est\u00e1 a\u00ed para que o leitor possa acompanhar e saber onde vai acontecer.<\/span><\/p>\n<p class=\"p2\"><span class=\"s1\">A prepara\u00e7\u00e3o para chegar \u00e0 faculdade n\u00e3o \u00e9 f\u00e1cil, sobretudo para o estudante de baixa renda, que precisa de recursos para frequentar um cursinho e ter as mesmas condi\u00e7\u00f5es daqueles que nasceram em lares com melhores condi\u00e7\u00f5es financeiras.<\/span><\/p>\n<p class=\"p2\"><span class=\"s1\">Ent\u00e3o, \u00e9 preciso, sobretudo, boa vontade, como acontece, por exemplo, com o Projeto Conquistar, que \u00e9 levado a efeito aqui em Vit\u00f3ria da Conquista.<\/span><\/p>\n<p class=\"p2\"><span class=\"s1\">E o Aul\u00e3o gratuito do Enem \u00e9 um impulso, \u00e9 um combust\u00edvel, \u00e9 uma motiva\u00e7\u00e3o para o jovem estudante. E s\u00f3 temos que aplaudir, bater palmas, porque a educa\u00e7\u00e3o realmente, como dizem e repetem a classe pol\u00edtica e a sociedade como um todo, \u00e9 quem consegue transformar as pessoas, \u00e9 quem consegue dar dignidade ao ser humano.<\/span><\/p>\n<p class=\"p2\"><span class=\"s1\">E, a partir do momento em que voc\u00ea tem um curso superior, ou pelo menos um curso t\u00e9cnico, voc\u00ea est\u00e1 mais preparado para se inserir no mercado de trabalho, no mercado profissional.<\/span><\/p>\n<p class=\"p2\"><span class=\"s1\">\u00c9 bom informar que esse trabalho conta com o apoio do deputado Fabr\u00edcio Falc\u00e3o, que entende que a juventude precisa de espa\u00e7o, precisa realmente de oportunidades.<\/span><\/p>\n<p class=\"p2\"><span class=\"s1\">E a\u00ed, \u00e9 l\u00f3gico, a cidade parabeniza Fabr\u00edcio Falc\u00e3o por esse trabalho que, ali\u00e1s, em rela\u00e7\u00e3o ao esporte, \u00e0 cultura e \u00e0 educa\u00e7\u00e3o, o deputado vem realizando, e a cidade observa.<\/span><\/p>\n<p class=\"p2\"><span class=\"s1\">Agora, o Aul\u00e3o segue para outros munic\u00edpios do sudoeste da Bahia, levando gratuitamente conhecimento, prepara\u00e7\u00e3o e, principalmente, oportunidade para aqueles jovens que sonham em chegar \u00e0 faculdade.<\/span><\/p>\n<p class=\"p2\"><span class=\"s1\">Leiam a mat\u00e9ria completa sobre o Aul\u00e3o do Enem:<\/span><!--more--><\/p>\n<p><img loading=\"lazy\" class=\"alignright size-medium wp-image-58880\" src=\"https:\/\/www.blogdomassinha.com.br\/v1\/wp-content\/uploads\/2026\/09\/c6ff19f8-8186-48d7-b841-e9530c93e353-225x300.jpeg\" alt=\"\" width=\"225\" height=\"300\" srcset=\"https:\/\/www.blogdomassinha.com.br\/v1\/wp-content\/uploads\/2026\/09\/c6ff19f8-8186-48d7-b841-e9530c93e353-225x300.jpeg 225w, https:\/\/www.blogdomassinha.com.br\/v1\/wp-content\/uploads\/2026\/09\/c6ff19f8-8186-48d7-b841-e9530c93e353.jpeg 375w\" sizes=\"(max-width: 225px) 100vw, 225px\" \/><\/p>\n<p class=\"p2\"><em><strong><span class=\"s1\">Com apoio de Fabr\u00edcio, Caravana ENEM chega em sua 3\u00aa edi\u00e7\u00e3o<\/span><\/strong><\/em><\/p>\n<p class=\"p2\"><em><span class=\"s1\">Projeto acontecer\u00e1 em 12 munic\u00edpios e deve alcan\u00e7ar quase 3 mil estudantes que se preparam para o ENEM 2026<\/span><\/em><\/p>\n<p class=\"p2\"><em><span class=\"s1\">\u00a0<\/span><\/em><\/p>\n<p class=\"p2\"><em><span class=\"s1\">O projeto Caravana ENEM \u2013 Ano 3 volta \u00e0 estrada em setembro para levar aul\u00f5es gratuitos, estrat\u00e9gias de estudo e informa\u00e7\u00f5es sobre acesso \u00e0 universidade a estudantes da rede p\u00fablica e jovens que se preparam para o ENEM 2026. Com apoio do deputado estadual Fabr\u00edcio Falc\u00e3o, por meio de emenda parlamentar, o projeto chegar\u00e1 em 12 munic\u00edpios e pretende alcan\u00e7ar quase 3 mil estudantes no Sudoeste baiano.<\/span><\/em><\/p>\n<p class=\"p2\"><em><span class=\"s1\">Para Fabr\u00edcio, ajudar estudantes que far\u00e3o o ENEM \u00e9 tamb\u00e9m levar oportunidade. \u201cCada aul\u00e3o \u00e9 uma chance de mostrar para esses jovens que o sonho da faculdade est\u00e1 ao alcance deles, sem precisar sair da pr\u00f3pria cidade para isso. Estou muito feliz em apoiar mais uma edi\u00e7\u00e3o desse projeto\u201d, afirma o deputado.<\/span><\/em><\/p>\n<p class=\"p2\"><em><span class=\"s1\">A Caravana ENEM conta com a parceria e mobiliza\u00e7\u00e3o do N\u00facleo Territorial de Educa\u00e7\u00e3o do Sudoeste Baiano (NTE 20). J\u00e1 a programa\u00e7\u00e3o come\u00e7a dia 1\u00ba de setembro, em Vit\u00f3ria da Conquista, e segue at\u00e9 o dia 30, passando por munic\u00edpios da regi\u00e3o.<\/span><\/em><\/p>\n<p class=\"p2\"><em><span class=\"s1\">A programa\u00e7\u00e3o ser\u00e1 comandada pelo professores Ad\u00e3o Albuquerque (Ci\u00eancias Humanas), Omar Ribeiro (Ci\u00eancias da Natureza), Gabriela Lacerda (Matem\u00e1tica) e Iasmin Brito (Linguagens e C\u00f3digos), com participa\u00e7\u00f5es especiais dos professores Jos\u00e9 Dias Filho (Biologia), Carlos N\u00eai (F\u00edsica) e Rafael Almeida (Hist\u00f3ria). \u00a0<\/span><\/em><\/p>\n<p class=\"p2\"><em><span class=\"s1\">Al\u00e9m da revis\u00e3o das disciplinas, os estudantes ter\u00e3o orienta\u00e7\u00f5es sobre estrat\u00e9gias de prova, TRI (Teoria de Resposta ao Item), notas de corte, Sisu, Prouni, Fies, cotas e perman\u00eancia estudantil, ampliando o acesso \u00e0 informa\u00e7\u00e3o sobre os caminhos para chegar ao ensino superior.<\/span><\/em><\/p>\n<p class=\"p2\"><em><span class=\"s1\">Programa\u00e7\u00e3o &#8211; Vit\u00f3ria da Conquista (1\u00ba\/09), Barra do Cho\u00e7a (3\/09), Anag\u00e9 (8\/09), Po\u00e7\u00f5es (10\/09), C\u00e2ndido Sales (14\/09), Caetanos (16\/09), Lic\u00ednio de Almeida (18\/09), Jacaraci (19\/09), Encruzilhada (21\/09), Presidente J\u00e2nio Quadros (23\/09), Maetinga (24\/09), Po\u00e7\u00f5es (25\/09) e Mirante (30\/09). Em Po\u00e7\u00f5es, haver\u00e1 programa\u00e7\u00e3o pela manh\u00e3 nas duas datas.<\/span><\/em><\/p>\n","protected":false},"excerpt":{"rendered":"<p>Vit\u00f3ria da Conquista foi sede, ontem, do Aul\u00e3o do Enem, sendo a primeira cidade do sudoeste do estado a receber essa iniciativa totalmente gratuita, aqui em um renomado espa\u00e7o de Vit\u00f3ria da Conquista, o Espa\u00e7o Roma, ali nas proximidades da Urbis VI. Outras cidades do sudoeste do estado tamb\u00e9m receber\u00e3o o aul\u00e3o, a exemplo de [&hellip;]<\/p>\n","protected":false},"author":3,"featured_media":58879,"comment_status":"open","ping_status":"open","sticky":false,"template":"","format":"standard","meta":[],"categories":[7,1],"tags":[],"_links":{"self":[{"href":"https:\/\/www.blogdomassinha.com.br\/v1\/wp-json\/wp\/v2\/posts\/58878"}],"collection":[{"href":"https:\/\/www.blogdomassinha.com.br\/v1\/wp-json\/wp\/v2\/posts"}],"about":[{"href":"https:\/\/www.blogdomassinha.com.br\/v1\/wp-json\/wp\/v2\/types\/post"}],"author":[{"embeddable":true,"href":"https:\/\/www.blogdomassinha.com.br\/v1\/wp-json\/wp\/v2\/users\/3"}],"replies":[{"embeddable":true,"href":"https:\/\/www.blogdomassinha.com.br\/v1\/wp-json\/wp\/v2\/comments?post=58878"}],"version-history":[{"count":1,"href":"https:\/\/www.blogdomassinha.com.br\/v1\/wp-json\/wp\/v2\/posts\/58878\/revisions"}],"predecessor-version":[{"id":58881,"href":"https:\/\/www.blogdomassinha.com.br\/v1\/wp-json\/wp\/v2\/posts\/58878\/revisions\/58881"}],"wp:featuredmedia":[{"embeddable":true,"href":"https:\/\/www.blogdomassinha.com.br\/v1\/wp-json\/wp\/v2\/media\/58879"}],"wp:attachment":[{"href":"https:\/\/www.blogdomassinha.com.br\/v1\/wp-json\/wp\/v2\/media?parent=58878"}],"wp:term":[{"taxonomy":"category","embeddable":true,"href":"https:\/\/www.blogdomassinha.com.br\/v1\/wp-json\/wp\/v2\/categories?post=58878"},{"taxonomy":"post_tag","embeddable":true,"href":"https:\/\/www.blogdomassinha.com.br\/v1\/wp-json\/wp\/v2\/tags?post=58878"}],"curies":[{"name":"wp","href":"https:\/\/api.w.org\/{rel}","templated":true}]}}