{"id":58875,"date":"2026-09-02T09:21:15","date_gmt":"2026-09-02T12:21:15","guid":{"rendered":"https:\/\/www.blogdomassinha.com.br\/v1\/?p=58875"},"modified":"2026-09-02T09:21:15","modified_gmt":"2026-09-02T12:21:15","slug":"carlos-prestes-filho-vai-a-condeuba-celebrar-os-100-anos-da-passagem-dos-revoltosos-por-nossa-terra-mas-antes-a-coluna-sera-debatida-em-conquista","status":"publish","type":"post","link":"https:\/\/www.blogdomassinha.com.br\/v1\/2026\/09\/02\/carlos-prestes-filho-vai-a-condeuba-celebrar-os-100-anos-da-passagem-dos-revoltosos-por-nossa-terra-mas-antes-a-coluna-sera-debatida-em-conquista\/","title":{"rendered":"Carlos Prestes Filho vai a Conde\u00faba celebrar os 100 anos da passagem dos revoltosos por nossa terra, mas antes a Coluna ser\u00e1 debatida em Conquista"},"content":{"rendered":"<p class=\"p2\"><span class=\"s1\"><img loading=\"lazy\" class=\"alignright size-medium wp-image-58876\" src=\"https:\/\/www.blogdomassinha.com.br\/v1\/wp-content\/uploads\/2026\/09\/e2b2476d-ed63-4d3e-baf7-73297d5fa677-300x300.jpeg\" alt=\"\" width=\"300\" height=\"300\" srcset=\"https:\/\/www.blogdomassinha.com.br\/v1\/wp-content\/uploads\/2026\/09\/e2b2476d-ed63-4d3e-baf7-73297d5fa677-300x300.jpeg 300w, https:\/\/www.blogdomassinha.com.br\/v1\/wp-content\/uploads\/2026\/09\/e2b2476d-ed63-4d3e-baf7-73297d5fa677-150x150.jpeg 150w, https:\/\/www.blogdomassinha.com.br\/v1\/wp-content\/uploads\/2026\/09\/e2b2476d-ed63-4d3e-baf7-73297d5fa677.jpeg 500w\" sizes=\"(max-width: 300px) 100vw, 300px\" \/><br \/>\nUma das tarefas mais interessantes que a Gincana Massicas levou aos estudantes, aos jovens de Conquista, como registro hist\u00f3rico, foi, sem d\u00favida, quando pedimos que cada equipe encenasse o movimento chamado Os Revoltosos, a Coluna Prestes, que desbravou o sert\u00e3o e, inclusive, aportou na minha cidade, na minha terra, Conde\u00faba. E l\u00e1 eles se instalaram.<\/span><\/p>\n<p class=\"p2\"><span class=\"s1\">E a\u00ed n\u00f3s vamos saber, com precis\u00e3o, os motivos pelos quais a nossa terra, Conde\u00faba, no Sert\u00e3o da Ressaca, foi um dos lugares por onde passou a Coluna Prestes e o que representou essa passagem pelo sert\u00e3o baiano, dentro daquilo que eles propunham com esse movimento.<\/span><\/p>\n<p class=\"p2\"><span class=\"s1\">No pr\u00f3ximo dia 9, aqui em Vit\u00f3ria da Conquista, o filho de Luiz Carlos Prestes, que foi o grande capit\u00e3o desse movimento, estar\u00e1 em nossa cidade. Em um encontro na Casa da Amizade, historiadores de Conquista, a exemplo do professor Itamar Aguiar e de Rui Medeiros, estar\u00e3o conversando com Carlos Prestes Filho.<\/span><\/p>\n<p class=\"p2\"><span class=\"s1\">Portanto, no dia 9, aqui em Vit\u00f3ria da Conquista, a Coluna ser\u00e1 debatida para que todos possam conhecer melhor e entender exatamente o que aconteceu.<\/span><!--more--><\/p>\n<p class=\"p2\"><span class=\"s1\">E, em seguida, no dia 10, o filho do capit\u00e3o Prestes estar\u00e1 em Conde\u00faba, onde ser\u00e3o celebrados os 100 anos da passagem da Coluna pelo munic\u00edpio.<\/span><\/p>\n<p class=\"p2\"><span class=\"s1\">Em 1926, a Coluna esteve em Conde\u00faba e, agora, em 2026, s\u00e3o 100 anos. \u00c9 o centen\u00e1rio da passagem desse movimento que marcou a hist\u00f3ria do Brasil e que tamb\u00e9m mexeu com a vida do sertanejo, em especial com a hist\u00f3ria da nossa querida Conde\u00faba.<\/span><\/p>\n<p class=\"p2\"><span class=\"s1\">\u00c9 hist\u00f3ria. \u00c9 mem\u00f3ria. E \u00e9 tamb\u00e9m uma oportunidade para que as novas gera\u00e7\u00f5es conhe\u00e7am um pouco mais daquilo que aconteceu h\u00e1 um s\u00e9culo em nosso sert\u00e3o.<\/span><\/p>\n","protected":false},"excerpt":{"rendered":"<p>Uma das tarefas mais interessantes que a Gincana Massicas levou aos estudantes, aos jovens de Conquista, como registro hist\u00f3rico, foi, sem d\u00favida, quando pedimos que cada equipe encenasse o movimento chamado Os Revoltosos, a Coluna Prestes, que desbravou o sert\u00e3o e, inclusive, aportou na minha cidade, na minha terra, Conde\u00faba. E l\u00e1 eles se instalaram. [&hellip;]<\/p>\n","protected":false},"author":3,"featured_media":58876,"comment_status":"open","ping_status":"open","sticky":false,"template":"","format":"standard","meta":[],"categories":[7,3],"tags":[],"_links":{"self":[{"href":"https:\/\/www.blogdomassinha.com.br\/v1\/wp-json\/wp\/v2\/posts\/58875"}],"collection":[{"href":"https:\/\/www.blogdomassinha.com.br\/v1\/wp-json\/wp\/v2\/posts"}],"about":[{"href":"https:\/\/www.blogdomassinha.com.br\/v1\/wp-json\/wp\/v2\/types\/post"}],"author":[{"embeddable":true,"href":"https:\/\/www.blogdomassinha.com.br\/v1\/wp-json\/wp\/v2\/users\/3"}],"replies":[{"embeddable":true,"href":"https:\/\/www.blogdomassinha.com.br\/v1\/wp-json\/wp\/v2\/comments?post=58875"}],"version-history":[{"count":1,"href":"https:\/\/www.blogdomassinha.com.br\/v1\/wp-json\/wp\/v2\/posts\/58875\/revisions"}],"predecessor-version":[{"id":58877,"href":"https:\/\/www.blogdomassinha.com.br\/v1\/wp-json\/wp\/v2\/posts\/58875\/revisions\/58877"}],"wp:featuredmedia":[{"embeddable":true,"href":"https:\/\/www.blogdomassinha.com.br\/v1\/wp-json\/wp\/v2\/media\/58876"}],"wp:attachment":[{"href":"https:\/\/www.blogdomassinha.com.br\/v1\/wp-json\/wp\/v2\/media?parent=58875"}],"wp:term":[{"taxonomy":"category","embeddable":true,"href":"https:\/\/www.blogdomassinha.com.br\/v1\/wp-json\/wp\/v2\/categories?post=58875"},{"taxonomy":"post_tag","embeddable":true,"href":"https:\/\/www.blogdomassinha.com.br\/v1\/wp-json\/wp\/v2\/tags?post=58875"}],"curies":[{"name":"wp","href":"https:\/\/api.w.org\/{rel}","templated":true}]}}