{"id":58866,"date":"2026-09-01T09:13:49","date_gmt":"2026-09-01T12:13:49","guid":{"rendered":"https:\/\/www.blogdomassinha.com.br\/v1\/?p=58866"},"modified":"2026-09-01T09:13:49","modified_gmt":"2026-09-01T12:13:49","slug":"o-canto-do-bode-jazz-classico-e-ritmos-brasileiros-serao-apresentados-gratuitamente-hoje-no-teatro-moliere-em-salvador","status":"publish","type":"post","link":"https:\/\/www.blogdomassinha.com.br\/v1\/2026\/09\/01\/o-canto-do-bode-jazz-classico-e-ritmos-brasileiros-serao-apresentados-gratuitamente-hoje-no-teatro-moliere-em-salvador\/","title":{"rendered":"\u201cO Canto do Bode\u201d: jazz cl\u00e1ssico e ritmos brasileiros ser\u00e3o apresentados gratuitamente, hoje, no Teatro Moli\u00e8re, em Salvador"},"content":{"rendered":"<p class=\"p2\"><span class=\"s1\"><img loading=\"lazy\" class=\"alignright size-medium wp-image-58867\" src=\"https:\/\/www.blogdomassinha.com.br\/v1\/wp-content\/uploads\/2026\/09\/7c0a420d-4237-4839-809d-565e46c362dc-300x169.jpeg\" alt=\"\" width=\"300\" height=\"169\" srcset=\"https:\/\/www.blogdomassinha.com.br\/v1\/wp-content\/uploads\/2026\/09\/7c0a420d-4237-4839-809d-565e46c362dc-300x169.jpeg 300w, https:\/\/www.blogdomassinha.com.br\/v1\/wp-content\/uploads\/2026\/09\/7c0a420d-4237-4839-809d-565e46c362dc.jpeg 600w\" sizes=\"(max-width: 300px) 100vw, 300px\" \/><br \/>\nHoje, 1\u00ba de setembro, data t\u00e3o sugestiva, n\u00f3s estaremos no Teatro Moli\u00e8re, na capital do estado.<\/span><\/p>\n<p class=\"p2\"><span class=\"s1\">Sob o comando do maestro e compositor Evandro Botti, ser\u00e3o apresentados cl\u00e1ssicos do jazz e tamb\u00e9m ritmos brasileiros, para que o soteropolitano e os turistas que estiverem pela capital baiana possam apreciar \u201cO Canto do Bode\u201d, e ser\u00e1 apresentado de forma gratuita para aqueles que chegarem ao teatro. A apresenta\u00e7\u00e3o acontece \u00e0s 16 horas.<\/span><\/p>\n<p class=\"p2\"><span class=\"s1\">Eu gostaria que voc\u00ea, caro leitor, lesse o que a assessoria nos encaminha, para que a gente possa entender como a arte faz parte da nossa vida e como, cada vez mais, os governos federal, estadual e municipal precisam apoiar as manifesta\u00e7\u00f5es culturais, porque a arte \u00e9 uma ci\u00eancia, seja ela qual for.<\/span><\/p>\n<p class=\"p2\"><span class=\"s1\">Os nossos parab\u00e9ns aos realizadores. Enfim, aproveitem, porque a vida precisa, cada vez mais, de coisas belas.<\/span><!--more--><\/p>\n<p class=\"p2\"><span class=\"s1\">Leiam a mat\u00e9ria completa:<\/span><\/p>\n<p><img loading=\"lazy\" class=\"size-medium wp-image-58868 alignleft\" src=\"https:\/\/www.blogdomassinha.com.br\/v1\/wp-content\/uploads\/2026\/09\/bf865a46-17ad-4a37-ba31-0b266f26741b-300x169.jpeg\" alt=\"\" width=\"300\" height=\"169\" srcset=\"https:\/\/www.blogdomassinha.com.br\/v1\/wp-content\/uploads\/2026\/09\/bf865a46-17ad-4a37-ba31-0b266f26741b-300x169.jpeg 300w, https:\/\/www.blogdomassinha.com.br\/v1\/wp-content\/uploads\/2026\/09\/bf865a46-17ad-4a37-ba31-0b266f26741b.jpeg 600w\" sizes=\"(max-width: 300px) 100vw, 300px\" \/><\/p>\n<p class=\"p2\"><span class=\"s1\">\u201c<em><strong>O Canto do Bode\u201d leva jazz cl\u00e1ssico e ritmos brasileiros ao Teatro Moli\u00e8re em show gratuito<\/strong><\/em><\/span><\/p>\n<p class=\"p2\"><em><span class=\"s1\">Espet\u00e1culo instrumental comandado pelo maestro e compositor Evandro Botti acontece nesta ter\u00e7a-feira (1\u00ba), em Salvador, com entrada gratuita<\/span><\/em><\/p>\n<p class=\"p2\"><em><span class=\"s1\">O jazz cl\u00e1ssico, o samba, o bai\u00e3o e o ijex\u00e1 se encontram no palco do Teatro Moli\u00e8re, em Salvador, nesta ter\u00e7a-feira, 1\u00ba de setembro, no espet\u00e1culo instrumental \u201cO Canto do Bode\u201d. A apresenta\u00e7\u00e3o come\u00e7a \u00e0s 16h e tem entrada gratuita, mediante retirada antecipada de ingressos pela plataforma Sympla.<\/span><\/em><\/p>\n<p class=\"p2\"><em><span class=\"s1\">Comandado pelo maestro e compositor Evandro Botti, o show apresenta composi\u00e7\u00f5es autorais que exploram a riqueza r\u00edtmica e mel\u00f3dica da m\u00fasica brasileira, especialmente dos ritmos nordestinos e afro-baianos, em di\u00e1logo com a liberdade, a improvisa\u00e7\u00e3o e a sofistica\u00e7\u00e3o do jazz.<\/span><\/em><\/p>\n<p class=\"p2\"><em><span class=\"s1\">Formado pela Universidade Federal da Bahia (UFBA), Evandro Botti re\u00fane em sua trajet\u00f3ria experi\u00eancias em importantes palcos e festivais do Brasil e do exterior. O compositor j\u00e1 participou de eventos como o tradicional Umbria Jazz, na It\u00e1lia, e o SXSW, nos Estados Unidos, al\u00e9m de festivais e espa\u00e7os de destaque no cen\u00e1rio nacional, como o Abril Pro Rock, em Recife, e o SESC Pompeia Jazz, em S\u00e3o Paulo.<\/span><\/em><\/p>\n<p class=\"p2\"><em><span class=\"s1\">Em \u201cO Canto do Bode\u201d, Botti prop\u00f5e uma experi\u00eancia sonora marcada pela polirritmia e pela for\u00e7a dos ritmos brasileiros, criando uma ponte entre as tradi\u00e7\u00f5es musicais baianas e nordestinas e a linguagem universal do jazz.<\/span><\/em><\/p>\n<p class=\"p2\"><em><span class=\"s1\">M\u00fasicos de destaque<\/span><\/em><\/p>\n<p class=\"p2\"><em><span class=\"s1\">Para apresentar essa sonoridade, o projeto re\u00fane m\u00fasicos de destaque da cena instrumental local e internacional.<\/span><\/em><\/p>\n<p class=\"p2\"><em><span class=\"s1\">No contrabaixo, est\u00e1 Alexandre Montenegro, m\u00fasico autodidata que iniciou sua trajet\u00f3ria no viol\u00e3o ainda na inf\u00e2ncia. Graduado em Licenciatura e mestre profissional em Educa\u00e7\u00e3o Musical pela UFBA, Montenegro j\u00e1 dividiu o palco com artistas como Luiz Caldas e Armandinho Macedo. Tamb\u00e9m possui experi\u00eancia internacional, com passagens por festivais na Espanha, incluindo o Jazz Voyeur e o Clamores Jazz, al\u00e9m de reconhecimento em premia\u00e7\u00f5es nacionais dedicadas \u00e0 m\u00fasica instrumental.<\/span><\/em><\/p>\n<p class=\"p2\"><em><span class=\"s1\">A bateria fica por conta de Victor Brasil, atual baterista oficial da cantora Daniela Mercury. Com uma trajet\u00f3ria consolidada na m\u00fasica instrumental, o m\u00fasico tamb\u00e9m possui hist\u00f3rico de participa\u00e7\u00e3o no Montreux Jazz Festival, na Su\u00ed\u00e7a. Na Bahia, atua frequentemente ao lado de nomes como Mou Brasil, Eric Assmar e Joatan Nascimento.<\/span><\/em><\/p>\n<p class=\"p2\"><em><span class=\"s1\">Completando a forma\u00e7\u00e3o, o saxofonista Remo Bianco, que possui carreira internacional e atualmente reside em Salvador, contribui para os arranjos e para a identidade sonora do espet\u00e1culo. Bianco j\u00e1 colaborou com o trompetista Graham Haynes, o Colectivo Samba Jazz e o quarteto de Mou Brasil, al\u00e9m de desenvolver seus pr\u00f3prios projetos de m\u00fasica instrumental na capital baiana.<\/span><\/em><\/p>\n<p class=\"p2\"><em><span class=\"s1\">Com repert\u00f3rio autoral e uma forma\u00e7\u00e3o de m\u00fasicos experientes, \u201cO Canto do Bode\u201d convida o p\u00fablico a uma imers\u00e3o na m\u00fasica instrumental brasileira, aproximando a tradi\u00e7\u00e3o dos ritmos baianos e nordestinos da linguagem criativa e improvisada do jazz.<\/span><\/em><\/p>\n<p class=\"p2\"><em><span class=\"s1\">SERVI\u00c7O<\/span><\/em><\/p>\n<p class=\"p2\"><em><span class=\"s1\">O qu\u00ea: Show instrumental \u201cO Canto do Bode\u201d, com Evandro Botti e banda<\/span><\/em><\/p>\n<p class=\"p2\"><em><span class=\"s1\">Quando: 1\u00ba de setembro de 2026 (ter\u00e7a-feira)<\/span><\/em><\/p>\n<p class=\"p2\"><em><span class=\"s1\">Hor\u00e1rio: 16h<\/span><\/em><\/p>\n<p class=\"p2\"><em><span class=\"s1\">Onde: Teatro Moli\u00e8re \u2013 Alian\u00e7a Francesa, Salvador (BA)<\/span><\/em><\/p>\n<p class=\"p2\"><em><span class=\"s1\">Ingressos: Gratuitos, mediante retirada antecipada pela plataforma Sympla<\/span><\/em><\/p>\n","protected":false},"excerpt":{"rendered":"<p>Hoje, 1\u00ba de setembro, data t\u00e3o sugestiva, n\u00f3s estaremos no Teatro Moli\u00e8re, na capital do estado. Sob o comando do maestro e compositor Evandro Botti, ser\u00e3o apresentados cl\u00e1ssicos do jazz e tamb\u00e9m ritmos brasileiros, para que o soteropolitano e os turistas que estiverem pela capital baiana possam apreciar \u201cO Canto do Bode\u201d, e ser\u00e1 apresentado [&hellip;]<\/p>\n","protected":false},"author":3,"featured_media":58867,"comment_status":"open","ping_status":"open","sticky":false,"template":"","format":"standard","meta":[],"categories":[7,3],"tags":[],"_links":{"self":[{"href":"https:\/\/www.blogdomassinha.com.br\/v1\/wp-json\/wp\/v2\/posts\/58866"}],"collection":[{"href":"https:\/\/www.blogdomassinha.com.br\/v1\/wp-json\/wp\/v2\/posts"}],"about":[{"href":"https:\/\/www.blogdomassinha.com.br\/v1\/wp-json\/wp\/v2\/types\/post"}],"author":[{"embeddable":true,"href":"https:\/\/www.blogdomassinha.com.br\/v1\/wp-json\/wp\/v2\/users\/3"}],"replies":[{"embeddable":true,"href":"https:\/\/www.blogdomassinha.com.br\/v1\/wp-json\/wp\/v2\/comments?post=58866"}],"version-history":[{"count":1,"href":"https:\/\/www.blogdomassinha.com.br\/v1\/wp-json\/wp\/v2\/posts\/58866\/revisions"}],"predecessor-version":[{"id":58869,"href":"https:\/\/www.blogdomassinha.com.br\/v1\/wp-json\/wp\/v2\/posts\/58866\/revisions\/58869"}],"wp:featuredmedia":[{"embeddable":true,"href":"https:\/\/www.blogdomassinha.com.br\/v1\/wp-json\/wp\/v2\/media\/58867"}],"wp:attachment":[{"href":"https:\/\/www.blogdomassinha.com.br\/v1\/wp-json\/wp\/v2\/media?parent=58866"}],"wp:term":[{"taxonomy":"category","embeddable":true,"href":"https:\/\/www.blogdomassinha.com.br\/v1\/wp-json\/wp\/v2\/categories?post=58866"},{"taxonomy":"post_tag","embeddable":true,"href":"https:\/\/www.blogdomassinha.com.br\/v1\/wp-json\/wp\/v2\/tags?post=58866"}],"curies":[{"name":"wp","href":"https:\/\/api.w.org\/{rel}","templated":true}]}}