{"id":58860,"date":"2026-09-01T08:58:39","date_gmt":"2026-09-01T11:58:39","guid":{"rendered":"https:\/\/www.blogdomassinha.com.br\/v1\/?p=58860"},"modified":"2026-09-01T08:58:39","modified_gmt":"2026-09-01T11:58:39","slug":"padre-carlos-foi-o-entrevistado-ontem-dia-31-em-nosso-programa-agito-geral-conversamos-sobre-filosofia-politica-e-deus-claro","status":"publish","type":"post","link":"https:\/\/www.blogdomassinha.com.br\/v1\/2026\/09\/01\/padre-carlos-foi-o-entrevistado-ontem-dia-31-em-nosso-programa-agito-geral-conversamos-sobre-filosofia-politica-e-deus-claro\/","title":{"rendered":"Padre Carlos foi o entrevistado ontem, dia 31, em nosso programa Agito Geral. Conversamos sobre filosofia, pol\u00edtica e Deus, claro."},"content":{"rendered":"<p class=\"p1\"><span class=\"s1\"><img loading=\"lazy\" class=\"alignright size-medium wp-image-58861\" src=\"https:\/\/www.blogdomassinha.com.br\/v1\/wp-content\/uploads\/2026\/09\/2f6f78a3-16ad-4656-aaa5-9f46cac7a922-300x225.jpeg\" alt=\"\" width=\"300\" height=\"225\" srcset=\"https:\/\/www.blogdomassinha.com.br\/v1\/wp-content\/uploads\/2026\/09\/2f6f78a3-16ad-4656-aaa5-9f46cac7a922-300x225.jpeg 300w, https:\/\/www.blogdomassinha.com.br\/v1\/wp-content\/uploads\/2026\/09\/2f6f78a3-16ad-4656-aaa5-9f46cac7a922.jpeg 600w\" sizes=\"(max-width: 300px) 100vw, 300px\" \/><br \/>\nMeus amigos, minhas amigas, ontem eu tive a honra e o prazer de receber, em minha resid\u00eancia, para gravar o programa Agito Geral, que foi levado ao ar \u00e0s 19 horas, essa figura querida, ilustre, uma alma generosa, que escreve maravilhosamente bem. Uma pessoa que enxerga, do outro lado, o ser humano, de alma sens\u00edvel.<\/span><\/p>\n<p class=\"p1\"><span class=\"s1\">Ele entende que, na vida, pode haver diverg\u00eancias, mas jamais devemos romper com aquilo que Deus nos deu, que \u00e9 o poder da racionalidade, e entender que cada um de n\u00f3s, seres humanos, temos as nossas limita\u00e7\u00f5es. E, da\u00ed, precisamos estar preparados para o perd\u00e3o, para a desculpa. A partir desses princ\u00edpios, temos a condi\u00e7\u00e3o de viver em harmonia, transmitir coisas boas e compreender melhor uns aos outros.<\/span><\/p>\n<p class=\"p1\"><span class=\"s1\">E, diga-se de passagem, a nossa entrevista, levada ao ar ontem, foi um espet\u00e1culo. Falamos de tudo: de filosofia, de celibato, conversamos, evidentemente, sobre Deus, raz\u00e3o da nossa exist\u00eancia, e tamb\u00e9m sobre o cen\u00e1rio pol\u00edtico nacional, estadual e local.<\/span><\/p>\n<p class=\"p1\"><span class=\"s1\">O Padre entende que a pol\u00edtica \u00e9 uma arte que, infelizmente, \u00e9 composta por homens e mulheres, por seres humanos. Por isso, \u00e0s vezes, ela \u00e9 desvirtuada e acaba trazendo desencanto, sobretudo para a juventude, que fica c\u00e9tica, sem querer acreditar nas institui\u00e7\u00f5es. E isso \u00e9 uma pena.<\/span><!--more--><\/p>\n<p class=\"p1\"><span class=\"s1\">Padre Carlos, foi realmente uma alegria imensa receb\u00ea-lo aqui em nossa casa para gravar esse programa. Tenho certeza absoluta de que a entrevista agradou \u00e0 nossa audi\u00eancia qualificada, justamente por termos tido um convidado da sua compet\u00eancia, do seu conhecimento e da sua fala tranquila e serena, que nos convida a refletir sobre a vida.<\/span><\/p>\n<p class=\"p1\"><span class=\"s1\">A vida \u00e9 curta e precisa ser aproveitada da melhor maneira poss\u00edvel. E uma das melhores formas de aproveit\u00e1-la \u00e9 ouvindo pessoas que nos fazem pensar, refletir e enxergar o mundo com mais sensibilidade.<\/span><\/p>\n<p class=\"p1\"><span class=\"s1\">Muito, muito grato, Padre Carlos, pela defer\u00eancia em estar em nosso programa. Muit\u00edssimo obrigado.<\/span><\/p>\n","protected":false},"excerpt":{"rendered":"<p>Meus amigos, minhas amigas, ontem eu tive a honra e o prazer de receber, em minha resid\u00eancia, para gravar o programa Agito Geral, que foi levado ao ar \u00e0s 19 horas, essa figura querida, ilustre, uma alma generosa, que escreve maravilhosamente bem. Uma pessoa que enxerga, do outro lado, o ser humano, de alma sens\u00edvel. [&hellip;]<\/p>\n","protected":false},"author":3,"featured_media":58861,"comment_status":"open","ping_status":"open","sticky":false,"template":"","format":"standard","meta":[],"categories":[7,1],"tags":[],"_links":{"self":[{"href":"https:\/\/www.blogdomassinha.com.br\/v1\/wp-json\/wp\/v2\/posts\/58860"}],"collection":[{"href":"https:\/\/www.blogdomassinha.com.br\/v1\/wp-json\/wp\/v2\/posts"}],"about":[{"href":"https:\/\/www.blogdomassinha.com.br\/v1\/wp-json\/wp\/v2\/types\/post"}],"author":[{"embeddable":true,"href":"https:\/\/www.blogdomassinha.com.br\/v1\/wp-json\/wp\/v2\/users\/3"}],"replies":[{"embeddable":true,"href":"https:\/\/www.blogdomassinha.com.br\/v1\/wp-json\/wp\/v2\/comments?post=58860"}],"version-history":[{"count":1,"href":"https:\/\/www.blogdomassinha.com.br\/v1\/wp-json\/wp\/v2\/posts\/58860\/revisions"}],"predecessor-version":[{"id":58862,"href":"https:\/\/www.blogdomassinha.com.br\/v1\/wp-json\/wp\/v2\/posts\/58860\/revisions\/58862"}],"wp:featuredmedia":[{"embeddable":true,"href":"https:\/\/www.blogdomassinha.com.br\/v1\/wp-json\/wp\/v2\/media\/58861"}],"wp:attachment":[{"href":"https:\/\/www.blogdomassinha.com.br\/v1\/wp-json\/wp\/v2\/media?parent=58860"}],"wp:term":[{"taxonomy":"category","embeddable":true,"href":"https:\/\/www.blogdomassinha.com.br\/v1\/wp-json\/wp\/v2\/categories?post=58860"},{"taxonomy":"post_tag","embeddable":true,"href":"https:\/\/www.blogdomassinha.com.br\/v1\/wp-json\/wp\/v2\/tags?post=58860"}],"curies":[{"name":"wp","href":"https:\/\/api.w.org\/{rel}","templated":true}]}}