{"id":58855,"date":"2026-08-31T15:44:08","date_gmt":"2026-08-31T18:44:08","guid":{"rendered":"https:\/\/www.blogdomassinha.com.br\/v1\/?p=58855"},"modified":"2026-08-31T15:44:08","modified_gmt":"2026-08-31T18:44:08","slug":"conquista-recebe-no-distrito-de-inhobim-etapa-do-campeonato-baiano-de-parapente-de-5-a-7-de-setembro-com-entrada-franca","status":"publish","type":"post","link":"https:\/\/www.blogdomassinha.com.br\/v1\/2026\/08\/31\/conquista-recebe-no-distrito-de-inhobim-etapa-do-campeonato-baiano-de-parapente-de-5-a-7-de-setembro-com-entrada-franca\/","title":{"rendered":"Conquista recebe, no distrito de Inhobim, etapa do Campeonato Baiano de Parapente, de 5 a 7 de setembro, com entrada franca"},"content":{"rendered":"<p class=\"p2\"><span class=\"s1\"><img loading=\"lazy\" class=\"alignright size-medium wp-image-58856\" src=\"https:\/\/www.blogdomassinha.com.br\/v1\/wp-content\/uploads\/2026\/08\/d3ef91fd-a53c-4b8b-a2c7-f6fe60a11257-134x300.jpeg\" alt=\"\" width=\"134\" height=\"300\" srcset=\"https:\/\/www.blogdomassinha.com.br\/v1\/wp-content\/uploads\/2026\/08\/d3ef91fd-a53c-4b8b-a2c7-f6fe60a11257-134x300.jpeg 134w, https:\/\/www.blogdomassinha.com.br\/v1\/wp-content\/uploads\/2026\/08\/d3ef91fd-a53c-4b8b-a2c7-f6fe60a11257.jpeg 224w\" sizes=\"(max-width: 134px) 100vw, 134px\" \/><br \/>\nNa fotografia aparecem, junto comigo, queridos amigos que est\u00e3o diretamente ligados a esse importante evento que movimentar\u00e1 o distrito de Inhobim, em Vit\u00f3ria da Conquista, nos dias 5, 6 e 7 de setembro.<\/span><\/p>\n<p class=\"p2\"><span class=\"s1\">Est\u00e1 conosco o querido Ricardo, de Porto Seguro, que \u00e9 um dos participantes e concorrentes da competi\u00e7\u00e3o. Ao lado dele, Paulinho Vanderlei da Caixa e Rafael Guerra, que s\u00e3o os dois organizadores dessa etapa do Campeonato Baiano de Parapente aqui em Vit\u00f3ria da Conquista.<\/span><\/p>\n<p class=\"p2\"><span class=\"s1\">\u00c9 uma promo\u00e7\u00e3o do Clube Baiano de Parapente, mostrando, mais uma vez, que Vit\u00f3ria da Conquista \u00e9 uma cidade plural, que abra\u00e7a as mais diferentes modalidades esportivas e assume para si a responsabilidade de receber grandes eventos.<\/span><\/p>\n<p class=\"p2\"><span class=\"s1\">E agora teremos a segunda edi\u00e7\u00e3o de uma etapa do Campeonato Baiano de Parapente em nossa cidade. Uma competi\u00e7\u00e3o que j\u00e1 conquistou a aten\u00e7\u00e3o da popula\u00e7\u00e3o e que, desta vez, chega com uma nova roupagem, prometendo ainda mais emo\u00e7\u00e3o.<\/span><\/p>\n<p class=\"p2\"><span class=\"s1\">O parapente \u00e9 um esporte revolucion\u00e1rio, que provoca grandes emo\u00e7\u00f5es n\u00e3o apenas em quem participa da competi\u00e7\u00e3o, mas tamb\u00e9m no p\u00fablico que acompanha tudo de perto. \u00c9 uma experi\u00eancia bonita, emocionante e que ganha um cen\u00e1rio especial em Inhobim.<\/span><\/p>\n<p class=\"p2\"><span class=\"s1\">E que lugar! Inhobim \u00e9 realmente paradis\u00edaco. \u00c9 nesse cen\u00e1rio privilegiado que Vit\u00f3ria da Conquista ter\u00e1, pela segunda vez, a honra de receber uma etapa do Campeonato Baiano de Parapente.<\/span><!--more--><\/p>\n<p class=\"p2\"><span class=\"s1\">Voc\u00ea est\u00e1 convidado! Ser\u00e3o tr\u00eas dias de muita emo\u00e7\u00e3o: <\/span><span class=\"s2\">5, 6 e 7 de setembro<\/span><span class=\"s1\">. E com um detalhe mais do que especial: <\/span><span class=\"s2\">a entrada \u00e9 franca<\/span><span class=\"s1\">.<\/span><\/p>\n<p class=\"p2\"><span class=\"s1\">\u00c9 s\u00f3 chegar, levar a fam\u00edlia, a esposa, a namorada, os amigos e aproveitar. Al\u00e9m de acompanhar de perto as disputas e as belas imagens proporcionadas pelos voos, o p\u00fablico encontrar\u00e1 barracas e outras op\u00e7\u00f5es para curtir o evento.<\/span><\/p>\n<p class=\"p2\"><span class=\"s1\">\u00c9 uma oportunidade para conhecer melhor o esporte, prestigiar os nossos atletas e, ao mesmo tempo, desfrutar de um dos lugares mais bonitos do nosso munic\u00edpio.<\/span><\/p>\n<p class=\"p2\"><span class=\"s1\">Vit\u00f3ria da Conquista est\u00e1, mais uma vez, de parab\u00e9ns por receber um evento dessa import\u00e2ncia. E n\u00f3s fazemos aqui o convite para que voc\u00ea participe desses tr\u00eas dias especiais no distrito de Inhobim.<\/span><\/p>\n<p class=\"p2\"><span class=\"s2\">Dias 5, 6 e 7 de setembro: vamos prestigiar o Campeonato Baiano de Parapente!<\/span><\/p>\n<p class=\"p2\"><span class=\"s1\">Fica tamb\u00e9m o nosso abra\u00e7o e os parab\u00e9ns aos organizadores, especialmente ao querido <\/span><span class=\"s2\">Paulo Vanderlei da Caixa<\/span><span class=\"s1\"> e ao <\/span><span class=\"s2\">Rafael Guerra<\/span><span class=\"s1\">, que est\u00e3o \u00e0 frente da realiza\u00e7\u00e3o desse evento em nossa cidade.<\/span><\/p>\n<p class=\"p2\"><span class=\"s1\">E um abra\u00e7o especial ao querido <\/span><span class=\"s2\">Ricardo<\/span><span class=\"s1\">, de Porto Seguro, que estar\u00e1 entre os concorrentes dessa competi\u00e7\u00e3o t\u00e3o bonita e especial. Nos encontramos em Inhobim!<\/span><\/p>\n\n\t\t<style type=\"text\/css\">\n\t\t\t#gallery-1 {\n\t\t\t\tmargin: auto;\n\t\t\t}\n\t\t\t#gallery-1 .gallery-item {\n\t\t\t\tfloat: left;\n\t\t\t\tmargin-top: 10px;\n\t\t\t\ttext-align: center;\n\t\t\t\twidth: 33%;\n\t\t\t}\n\t\t\t#gallery-1 img {\n\t\t\t\tborder: 2px solid #cfcfcf;\n\t\t\t}\n\t\t\t#gallery-1 .gallery-caption {\n\t\t\t\tmargin-left: 0;\n\t\t\t}\n\t\t\t\/* see gallery_shortcode() in wp-includes\/media.php *\/\n\t\t<\/style>\n\t\t<div id='gallery-1' class='gallery galleryid-58855 gallery-columns-3 gallery-size-thumbnail'><dl class='gallery-item'>\n\t\t\t<dt class='gallery-icon portrait'>\n\t\t\t\t<a href=\"https:\/\/www.blogdomassinha.com.br\/v1\/wp-content\/uploads\/2026\/08\/48a60e16-783f-482e-bd7d-8b30bb8578ed.jpeg\" class=\"gallery_colorbox\"><img width=\"150\" height=\"150\" src=\"https:\/\/www.blogdomassinha.com.br\/v1\/wp-content\/uploads\/2026\/08\/48a60e16-783f-482e-bd7d-8b30bb8578ed-150x150.jpeg\"  class=\"attachment-thumbnail size-thumbnail\" alt=\"\" loading=\"lazy\" \/><\/a>\n\t\t\t<\/dt><\/dl><dl class='gallery-item'>\n\t\t\t<dt class='gallery-icon portrait'>\n\t\t\t\t<a href=\"https:\/\/www.blogdomassinha.com.br\/v1\/wp-content\/uploads\/2026\/08\/ca47b196-3803-4ba2-8ff2-15c41632029b.jpeg\" class=\"gallery_colorbox\"><img width=\"150\" height=\"150\" src=\"https:\/\/www.blogdomassinha.com.br\/v1\/wp-content\/uploads\/2026\/08\/ca47b196-3803-4ba2-8ff2-15c41632029b-150x150.jpeg\"  class=\"attachment-thumbnail size-thumbnail\" alt=\"\" loading=\"lazy\" \/><\/a>\n\t\t\t<\/dt><\/dl>\n\t\t\t<br style='clear: both' \/>\n\t\t<\/div>\n\n","protected":false},"excerpt":{"rendered":"<p>Na fotografia aparecem, junto comigo, queridos amigos que est\u00e3o diretamente ligados a esse importante evento que movimentar\u00e1 o distrito de Inhobim, em Vit\u00f3ria da Conquista, nos dias 5, 6 e 7 de setembro. Est\u00e1 conosco o querido Ricardo, de Porto Seguro, que \u00e9 um dos participantes e concorrentes da competi\u00e7\u00e3o. Ao lado dele, Paulinho Vanderlei [&hellip;]<\/p>\n","protected":false},"author":3,"featured_media":58856,"comment_status":"open","ping_status":"open","sticky":false,"template":"","format":"standard","meta":[],"categories":[7,3],"tags":[],"_links":{"self":[{"href":"https:\/\/www.blogdomassinha.com.br\/v1\/wp-json\/wp\/v2\/posts\/58855"}],"collection":[{"href":"https:\/\/www.blogdomassinha.com.br\/v1\/wp-json\/wp\/v2\/posts"}],"about":[{"href":"https:\/\/www.blogdomassinha.com.br\/v1\/wp-json\/wp\/v2\/types\/post"}],"author":[{"embeddable":true,"href":"https:\/\/www.blogdomassinha.com.br\/v1\/wp-json\/wp\/v2\/users\/3"}],"replies":[{"embeddable":true,"href":"https:\/\/www.blogdomassinha.com.br\/v1\/wp-json\/wp\/v2\/comments?post=58855"}],"version-history":[{"count":1,"href":"https:\/\/www.blogdomassinha.com.br\/v1\/wp-json\/wp\/v2\/posts\/58855\/revisions"}],"predecessor-version":[{"id":58859,"href":"https:\/\/www.blogdomassinha.com.br\/v1\/wp-json\/wp\/v2\/posts\/58855\/revisions\/58859"}],"wp:featuredmedia":[{"embeddable":true,"href":"https:\/\/www.blogdomassinha.com.br\/v1\/wp-json\/wp\/v2\/media\/58856"}],"wp:attachment":[{"href":"https:\/\/www.blogdomassinha.com.br\/v1\/wp-json\/wp\/v2\/media?parent=58855"}],"wp:term":[{"taxonomy":"category","embeddable":true,"href":"https:\/\/www.blogdomassinha.com.br\/v1\/wp-json\/wp\/v2\/categories?post=58855"},{"taxonomy":"post_tag","embeddable":true,"href":"https:\/\/www.blogdomassinha.com.br\/v1\/wp-json\/wp\/v2\/tags?post=58855"}],"curies":[{"name":"wp","href":"https:\/\/api.w.org\/{rel}","templated":true}]}}