{"id":58853,"date":"2026-08-31T15:14:27","date_gmt":"2026-08-31T18:14:27","guid":{"rendered":"https:\/\/www.blogdomassinha.com.br\/v1\/?p=58853"},"modified":"2026-08-31T15:14:27","modified_gmt":"2026-08-31T18:14:27","slug":"gilberto-luna-escreve-e-assina-uma-importante-analise-da-politica-conquistense-com-o-conhecimento-que-lhe-e-proprio-e-com-total-isencao","status":"publish","type":"post","link":"https:\/\/www.blogdomassinha.com.br\/v1\/2026\/08\/31\/gilberto-luna-escreve-e-assina-uma-importante-analise-da-politica-conquistense-com-o-conhecimento-que-lhe-e-proprio-e-com-total-isencao\/","title":{"rendered":"Gilberto Luna escreve e assina uma importante an\u00e1lise da pol\u00edtica conquistense, com o conhecimento que lhe \u00e9 pr\u00f3prio e com total isen\u00e7\u00e3o"},"content":{"rendered":"<p class=\"p2\"><span class=\"s1\"><img loading=\"lazy\" class=\"size-medium wp-image-55969 alignleft\" src=\"https:\/\/www.blogdomassinha.com.br\/v1\/wp-content\/uploads\/2026\/04\/IMG_5954-208x300.jpeg\" alt=\"\" width=\"208\" height=\"300\" srcset=\"https:\/\/www.blogdomassinha.com.br\/v1\/wp-content\/uploads\/2026\/04\/IMG_5954-208x300.jpeg 208w, https:\/\/www.blogdomassinha.com.br\/v1\/wp-content\/uploads\/2026\/04\/IMG_5954.jpeg 277w\" sizes=\"(max-width: 208px) 100vw, 208px\" \/><br \/>\nO meu querido amigo Gilberto Ferreira Luna, amigo de longas datas. Jogamos futebol juntos, brincamos carnavais. Ele foi um dos meus maiores incentivadores, um apoiador atrav\u00e9s da sua marca. Ele, que \u00e9 engenheiro civil e criador da empresa Ecosane.<\/span><\/p>\n<p class=\"p2\"><span class=\"s1\">Gilberto \u00e9 um querido irm\u00e3o, gosta de pol\u00edtica, \u00e9 um humanista e sempre est\u00e1 nos mandando textos incr\u00edveis, que eu tenho a honra e o privil\u00e9gio de transcrever aqui para o nosso Blog do Agito Geral.<\/span><\/p>\n<p class=\"p2\"><span class=\"s1\">Desta feita, Gilberto traz uma an\u00e1lise da atual conjuntura pol\u00edtica de Vit\u00f3ria da Conquista, quando n\u00f3s temos agora, em outubro, uma elei\u00e7\u00e3o dific\u00edlima para quem busca uma cadeira na Assembleia Legislativa do Estado, ou mesmo para aqueles que buscam renovar o mandato, e tamb\u00e9m para quem disputa uma vaga na C\u00e2mara Federal.<\/span><\/p>\n<p class=\"p2\"><span class=\"s1\">Ele traz um elenco de nomes que fazem parte desse contexto.<\/span><\/p>\n<p class=\"p2\"><span class=\"s1\">Poder\u00e1, talvez, ter esquecido algum, mas n\u00e3o foi proposital. At\u00e9 porque n\u00f3s pensamos que todo e qualquer candidato, independentemente de voc\u00ea gostar ou n\u00e3o, precisa ser respeitado como tal. N\u00e3o podemos cometer um erro grav\u00edssimo de trazer para o pessoal aquele ou aquela que a gente entende que n\u00e3o seria um candidato ideal.<\/span><\/p>\n<p class=\"p2\"><span class=\"s1\">S\u00f3 de se inscrever como algu\u00e9m que aspira a um cargo eletivo, ele precisa ser considerado, sob pena de cometermos um erro de indiferen\u00e7a ou de deseleg\u00e2ncia.<\/span><\/p>\n<p class=\"p2\"><span class=\"s1\">Dito isso, voc\u00eas ver\u00e3o que o que vai a seguir, nessa sua an\u00e1lise, chega at\u00e9 o ano de 2028, quando ocorrer\u00e1 a sucess\u00e3o municipal em Vit\u00f3ria da Conquista. Ou seja, o agora vai influenciar, e muito, no futuro l\u00e1 na frente.<\/span><\/p>\n<p class=\"p2\"><span class=\"s1\">Vamos, portanto, acompanhar a an\u00e1lise de Gilberto Luna, um olhar de quem conhece a pol\u00edtica conquistense, mas que procura faz\u00ea-lo com independ\u00eancia e, acima de tudo, com total isen\u00e7\u00e3o.<\/span><\/p>\n<p class=\"p2\"><span class=\"s1\">\u201cA FOR\u00c7A DO PROJETO COLETIVO <\/span><\/p>\n<p class=\"p2\"><span class=\"s1\">Este diagn\u00f3stico pol\u00edtico \u00e9 fruto de profundas reflex\u00f5es e di\u00e1logos com o professor Wilton Cunha, um velho amigo, um dos fundadores hist\u00f3ricos do Partido dos Trabalhadores (PT) em Vit\u00f3ria da Conquista e regi\u00e3o. Como cientista social especializado em estat\u00edstica eleitoral e soci\u00f3logo pol\u00edtico,<span class=\"Apple-converted-space\">\u00a0 <\/span>Wilton encontra-se hoje ausente das disputas partid\u00e1rias diretas, mas mant\u00e9m um dom\u00ednio anal\u00edtico t\u00e3o afiado sobre os fatos municipais, estaduais e nacionais que lhe permite emitir pareceres quase cabal\u00edsticos sobre qualquer cen\u00e1rio. \u00c9 sob a \u00f3tica dessa rica bagagem conceitual e emp\u00edrica que se torna poss\u00edvel compreender o DNA eleitoral de Vit\u00f3ria da Conquista, um col\u00e9gio vibrante de 250.000 eleitores onde as urnas historicamente consolidaram uma premissa clara: candidaturas isoladas caminham com o risco, enquanto nomes vinculados a projetos coletivos s\u00f3lidos tendem ao sucesso. O eleitor conquistense desenvolveu uma forte cultura de identifica\u00e7\u00e3o partid\u00e1ria e program\u00e1tica, exigindo dos novos blocos uma sintonia fina com essa tradi\u00e7\u00e3o.<\/span><\/p>\n<p class=\"p2\"><span class=\"s1\">A emblem\u00e1tica elei\u00e7\u00e3o de Guilherme Menezes em 2002 \u00e9 o caso definitivo de como uma candidatura se agiganta quando sintonizada com um projeto de grupo. Guilherme n\u00e3o venceu apenas pelo seu carisma ; ele era a face vis\u00edvel de um modo de governar implantado desde 1997. Quando renunciou \u00e0 prefeitura em 2002 para buscar uma vaga na C\u00e2mara Federal, o grupo pol\u00edtico (PT) marchou de forma monol\u00edtica. A m\u00e1quina municipal continuou gerando lembran\u00e7as positivo sob o comando do vice, Jos\u00e9 Raimundo Fontes, enquanto a n\u00edvel nacional a &#8220;Onda Lula&#8221; impulsionava o projeto. O resultado foram aproximadamente 50.000<span class=\"Apple-converted-space\">\u00a0 <\/span>votos unificados dentro de Conquista. Ficou provado que o voto n\u00e3o era apenas nominal, mas sim de ades\u00e3o a um projeto pol\u00edtico continuado.<\/span><\/p>\n<p class=\"p2\"><span class=\"s1\">Longe de ser uma for\u00e7a coadjuvante, o Bloco Governista Local entra na disputa em absoluta paridade e<span class=\"Apple-converted-space\">\u00a0 <\/span>p\u00e9 de igualdade com a esquerda tradicional. Sob a lideran\u00e7a direta da prefeita Sheila Lemos e de seu vice-prefeito, Dr. Alo\u00edsio Alan, o grupo governista demonstra um engajamento total de suas estruturas para consagrar novos nomes e consolidar a guinada pol\u00edtica do munic\u00edpio atrav\u00e9s da for\u00e7a da m\u00e1quina municipal e da identidade ideol\u00f3gica nacional.<\/span><!--more--><\/p>\n<p class=\"p2\"><span class=\"s1\">Neste campo, Wagner Alves (Uni\u00e3o Brasil) representa o projeto central de poder <\/span>e a m\u00e1xima express\u00e3o da continuidade administrativa no munic\u00edpio. Sua candidatura para a Assembleia Legislativa da Bahia\u00a0 \u00e9 impulsionada pelo ritmo acelerado de entregas da Prefeitura, que funciona como a grande vitrine e o motor de sua campanha. O engajamento institucional e pol\u00edtico da prefeita Sheila Lemos \u00e9 irrestrito: ela coloca o peso de sua alta aprova\u00e7\u00e3o popular, o canteiro de obras que transforma a cidade e a for\u00e7a de sua lideran\u00e7a politica diretamente a servi\u00e7o do projeto. Cada avan\u00e7o em infraestrutura, sa\u00fade e moderniza\u00e7\u00e3o urbana promovido pela gest\u00e3o municipal \u00e9 convertido em credencial eleitoral para Wagner. Al\u00e9m desse poderoso alicerce local, ele det\u00e9m\u00a0 um forte aval politico de ACM Neto, maior refer\u00eancia estadual do grupo, consolidando-se como um dos representantes oficiais e leg\u00edtimos aptos a garantir a continuidade dos investimentos que a cidade tanto precisa, al\u00e9m de fortalecer o projeto futuro da prefeita Sheila Andrade.<\/p>\n<p class=\"p2\"><span class=\"s1\">Por sua vez, Dra. Lara (Republicanos) desponta como o fen\u00f4meno de maior engajamento org\u00e2nico deste bloco, impulsionada pelo peso decisivo de seu esposo, o vice-prefeito Dr. Alo\u00edsio Alan, que atua como o seu grande<span class=\"Apple-converted-space\">\u00a0 <\/span>apoiador. <\/span><\/p>\n<p class=\"p2\"><span class=\"s1\">A lideran\u00e7a de Dr. Alan confere \u00e0 candidatura da sua esposa uma musculatura institucional<span class=\"Apple-converted-space\">\u00a0 <\/span>e uma forte capilaridade junto a setores estrat\u00e9gicos da sociedade civil, permitindo que Dra. Lara se consolide como a leg\u00edtima e maior representante dos bolsonaristas no munic\u00edpio. Ela canaliza uma corrente de eleitores marcada por uma fidelidade absoluta e um engajamento inabal\u00e1vel \u00e0s pautas da direita; um eleitorado que, movido por uma convic\u00e7\u00e3o profunda que muitas vezes se sobrep\u00f5e a qualquer pragmatismo partid\u00e1rio tradicional, enxerga nela a voz aut\u00eantica das bandeiras do CAPIT\u00c3O na cidade. Essa poderosa engrenagem ideol\u00f3gica e pol\u00edtica ganha ainda mais sustenta\u00e7\u00e3o na base popular atrav\u00e9s de sua atua\u00e7\u00e3o na C\u00e2mara Municipal, onde, no exerc\u00edcio do mandato de vereadora, ela come\u00e7a a despontar de forma expressiva pelo trabalho social e humanit\u00e1rio que vem desenvolvendo ativamente em benef\u00edcio de toda a comunidade conquistense.<\/span><\/p>\n<p class=\"p2\"><span class=\"s1\">Abaixo da superf\u00edcie ideol\u00f3gica, contudo, o Bloco Governista Local abriga uma disputa interna acirrada que redefine as for\u00e7as locais. Em que pese o fato de tanto Wagner Alves quanto Dra. Lara estarem fortemente ligados \u00e0 lideran\u00e7a estadual de ACM Neto, a competi\u00e7\u00e3o velada entre ambos nas urnas vai muito al\u00e9m de uma vaga na Assembleia Legislativa. Essa polariza\u00e7\u00e3o interna funciona como o primeiro turno pr\u00e1tico para desenhar o futuro pol\u00edtico do grupo, onde o tamanho da vota\u00e7\u00e3o relativa \u2014 e n\u00e3o o n\u00famero absoluto de votos \u2014 ditar\u00e1 quem det\u00e9m mais peso e legitimidade na mesa de negocia\u00e7\u00f5es. Como a prefeita Sheila Lemos det\u00e9m o comando natural da m\u00e1quina municipal e a obriga\u00e7\u00e3o dos n\u00fameros brutos, a for\u00e7a pol\u00edtica de Dra. Lara e do vice-prefeito Dr. Alan ser\u00e1 medida pela propor\u00e7\u00e3o e efici\u00eancia de seus votos em bases espec\u00edficas. O resultado deixar\u00e1 uma pergunta central no ar: a prefeita e o vice v\u00e3o se reaproximar ap\u00f3s a elei\u00e7\u00e3o ou v\u00e3o caminhar por lados opostos para a pr\u00f3xima elei\u00e7\u00e3o de prefeito? O desfecho dessa apura\u00e7\u00e3o ser\u00e1 o fiel da balan\u00e7a para definir se o grupo manter\u00e1 a unidade de poder ou se marchar\u00e1 fragmentado para o embate executivo subsequente.<\/span><\/p>\n<p class=\"p2\"><span class=\"s1\">Somando-se a essa complexa engrenagem da direita, o cen\u00e1rio conta com a presen\u00e7a estrat\u00e9gica do deputado estadual Tiago Correia (PSDB). Nascido em Vit\u00f3ria da Conquista, ele representa uma for\u00e7a consolidada que pescar\u00e1 votos no mesmo eleitorado conservador moderado e produtivo. Na elei\u00e7\u00e3o passada, ele contou com o apoio direto da prefeita Sheila Lemos, o que lhe conferiu forte reconhecimento na cidade. Embora a m\u00e1quina oficial hoje esteja voltada para Wagner, Tiago Correia agora avan\u00e7a no tabuleiro amparado pelo apoio de importantes vereadores da base aliada, fragmentando a fidelidade dos parlamentares locais e adicionando mais um elemento de forte concorr\u00eancia interna ao bloco de oposi\u00e7\u00e3o ao PT.<\/span><\/p>\n<p class=\"p2\"><span class=\"s1\">De forma independente, Marcos Adriano (PDT) atua de maneira<span class=\"Apple-converted-space\">\u00a0 <\/span>estrat\u00e9gica ao buscar o eleitorado que valoriza a efici\u00eancia t\u00e9cnica e a independ\u00eancia. Tendo conquistado uma vota\u00e7\u00e3o expressiva de quase 7 mil votos em sua estreia para prefeito, ele dialoga com setores produtivos, profissionais liberais e eleitores conservadores moderados que buscam uma renova\u00e7\u00e3o qualificada, ampliando o alcance do campo de oposi\u00e7\u00e3o ao PT fora das estruturas tradicionais de partido.<\/span><\/p>\n<p class=\"p2\"><span class=\"s1\">Dentro da federa\u00e7\u00e3o, Waldenor Pereira (PT) \u00e9 a espinha dorsal do projeto federal do seu grupo .Sua candidatura a deputado federal carrega a tradi\u00e7\u00e3o direta deixada por Guilherme . Waldenor capta o voto org\u00e2nico do funcionalismo, da classe trabalhadora organizada e da milit\u00e2ncia de esquerda tradicional. O seu maior trunfo \u00e9 ser visto como o canal direto de capta\u00e7\u00e3o de recursos de Bras\u00edlia para a regi\u00e3o.<\/span><\/p>\n<p class=\"p2\"><span class=\"s1\">Ao mesmo tempo, Jos\u00e9 Raimundo Fontes (PT) representa o elo vivo com o legado administrativo de Conquista. &#8220;Z\u00e9 Raimundo&#8221; aciona a mem\u00f3ria afetiva e pol\u00edtica do eleitorado tradicional. Sua candidatura para a Assembleia Legislativa funciona como um porto seguro para o eleitor que busca experi\u00eancia e a heran\u00e7a do modelo de gest\u00e3o que transformou a cidade nas d\u00e9cadas passadas.<\/span><\/p>\n<p class=\"p2\"><span class=\"s1\">Para oxigenar o bloco, Gabriela Garrido (PV) funciona como o elemento de amplia\u00e7\u00e3o da Federa\u00e7\u00e3o. Por vir de fora da milit\u00e2ncia partid\u00e1ria cl\u00e1ssica, ela dialoga com setores que o PT tradicional tem dificuldade de acessar, focando em pautas de seguran\u00e7a p\u00fablica e direitos das mulheres. \u00c9 uma candidatura que insere novas demandas em um projeto pol\u00edtico antigo.<\/span><\/p>\n<p class=\"p2\"><span class=\"s1\">Ainda neste grupo, Fabr\u00edcio Falc\u00e3o (PCdoB) surge como o leg\u00edtimo representante do &#8220;voto distrital informal&#8221; e da capilaridade regional. Como deputado estadual experiente e com fortes bases no sudoeste e nos distritos, Fabr\u00edcio atua como o motor de atra\u00e7\u00e3o de prefeitos da regi\u00e3o e de lideran\u00e7as de bairros, agregando pragmatismo eleitoral e for\u00e7a de rua ao bloco de esquerda.<\/span><\/p>\n<p class=\"p2\"><span class=\"s1\">A hist\u00f3ria de Vit\u00f3ria da Conquista ensina que candidatos que tentam caminhar de forma isolada tendem a ser engolidos pelas grandes ondas pol\u00edticas. Nesta elei\u00e7\u00e3o, o desempenho de Wagner Alves medir\u00e1 a for\u00e7a real, o volume de realiza\u00e7\u00f5es e a capacidade de transfer\u00eancia eleitoral da engrenagem municipal liderada por Sheila Lemos em sintonia com ACM Neto. Por outro lado, Dra. Lara testar\u00e1 at\u00e9 onde a fus\u00e3o de ideologia nacional e assist\u00eancia local consegue chegar sob a b\u00ean\u00e7\u00e3o do vice-prefeito,<span class=\"Apple-converted-space\">\u00a0 <\/span>em uma acirrada disputa pelo amanh\u00e3 do pr\u00f3prio grupo. Do lado oposto, o sucesso de Waldenor, Z\u00e9 Raimundo, Gabriela e Fabr\u00edcio depender\u00e1 de qu\u00e3o viva est\u00e1 a mem\u00f3ria do projeto que Guilherme Menezes iniciou. Mais uma vez, Conquista escolher\u00e1 projetos, e n\u00e3o apenas indiv\u00edduos.<\/span><\/p>\n<p class=\"p2\"><span class=\"s1\">Gilberto Ferreira Luna\u201d<\/span><\/p>\n","protected":false},"excerpt":{"rendered":"<p>O meu querido amigo Gilberto Ferreira Luna, amigo de longas datas. Jogamos futebol juntos, brincamos carnavais. Ele foi um dos meus maiores incentivadores, um apoiador atrav\u00e9s da sua marca. Ele, que \u00e9 engenheiro civil e criador da empresa Ecosane. Gilberto \u00e9 um querido irm\u00e3o, gosta de pol\u00edtica, \u00e9 um humanista e sempre est\u00e1 nos mandando [&hellip;]<\/p>\n","protected":false},"author":3,"featured_media":55969,"comment_status":"open","ping_status":"open","sticky":false,"template":"","format":"standard","meta":[],"categories":[821,819,7,1296],"tags":[],"_links":{"self":[{"href":"https:\/\/www.blogdomassinha.com.br\/v1\/wp-json\/wp\/v2\/posts\/58853"}],"collection":[{"href":"https:\/\/www.blogdomassinha.com.br\/v1\/wp-json\/wp\/v2\/posts"}],"about":[{"href":"https:\/\/www.blogdomassinha.com.br\/v1\/wp-json\/wp\/v2\/types\/post"}],"author":[{"embeddable":true,"href":"https:\/\/www.blogdomassinha.com.br\/v1\/wp-json\/wp\/v2\/users\/3"}],"replies":[{"embeddable":true,"href":"https:\/\/www.blogdomassinha.com.br\/v1\/wp-json\/wp\/v2\/comments?post=58853"}],"version-history":[{"count":1,"href":"https:\/\/www.blogdomassinha.com.br\/v1\/wp-json\/wp\/v2\/posts\/58853\/revisions"}],"predecessor-version":[{"id":58854,"href":"https:\/\/www.blogdomassinha.com.br\/v1\/wp-json\/wp\/v2\/posts\/58853\/revisions\/58854"}],"wp:featuredmedia":[{"embeddable":true,"href":"https:\/\/www.blogdomassinha.com.br\/v1\/wp-json\/wp\/v2\/media\/55969"}],"wp:attachment":[{"href":"https:\/\/www.blogdomassinha.com.br\/v1\/wp-json\/wp\/v2\/media?parent=58853"}],"wp:term":[{"taxonomy":"category","embeddable":true,"href":"https:\/\/www.blogdomassinha.com.br\/v1\/wp-json\/wp\/v2\/categories?post=58853"},{"taxonomy":"post_tag","embeddable":true,"href":"https:\/\/www.blogdomassinha.com.br\/v1\/wp-json\/wp\/v2\/tags?post=58853"}],"curies":[{"name":"wp","href":"https:\/\/api.w.org\/{rel}","templated":true}]}}