{"id":58824,"date":"2026-08-30T12:26:23","date_gmt":"2026-08-30T15:26:23","guid":{"rendered":"https:\/\/www.blogdomassinha.com.br\/v1\/?p=58824"},"modified":"2026-08-30T12:26:23","modified_gmt":"2026-08-30T15:26:23","slug":"auxiliares-de-enfermagem-celebram-aprovacao-de-projeto-de-lei-do-executivo-para-valorizacao-da-categoria","status":"publish","type":"post","link":"https:\/\/www.blogdomassinha.com.br\/v1\/2026\/08\/30\/auxiliares-de-enfermagem-celebram-aprovacao-de-projeto-de-lei-do-executivo-para-valorizacao-da-categoria\/","title":{"rendered":"Auxiliares de Enfermagem celebram aprova\u00e7\u00e3o de Projeto de Lei do Executivo para valoriza\u00e7\u00e3o da categoria"},"content":{"rendered":"<p class=\"p2\"><span class=\"s1\"><img loading=\"lazy\" class=\"alignright size-medium wp-image-58825\" src=\"https:\/\/www.blogdomassinha.com.br\/v1\/wp-content\/uploads\/2026\/08\/IMG_1456-300x200.jpeg\" alt=\"\" width=\"300\" height=\"200\" srcset=\"https:\/\/www.blogdomassinha.com.br\/v1\/wp-content\/uploads\/2026\/08\/IMG_1456-300x200.jpeg 300w, https:\/\/www.blogdomassinha.com.br\/v1\/wp-content\/uploads\/2026\/08\/IMG_1456.jpeg 600w\" sizes=\"(max-width: 300px) 100vw, 300px\" \/><br \/>\nNa manh\u00e3 desta sexta-feira (28), o p\u00e1tio do Pal\u00e1cio da Joia do Sert\u00e3o Baiano recebeu representantes dos auxiliares de enfermagem do munic\u00edpio e membros do Sindicato dos Servidores P\u00fablicos Municipais de Vit\u00f3ria da Conquista (Sinserv) para um momento de agradecimento ao poderes executivo e legislativo municipais, respectivamente, pelo envio e aprova\u00e7\u00e3o do Projeto de Lei n\u00ba 25\/2026, que valoriza os profissionais, reconhecendo a trajet\u00f3ria deles no cuidado com a Sa\u00fade em todo o munic\u00edpio.<\/span><\/p>\n<p class=\"p2\"><span class=\"s1\">A prefeita Sheila Lemos recepcionou a comitiva acompanhada do secret\u00e1rio da Casa Civil, Ivanildo da Silva, da secret\u00e1ria de Sa\u00fade, Lorena Silveira, da secret\u00e1ria de Rela\u00e7\u00f5es Institucionais, Kalilly Lemos, al\u00e9m dos vereadores Lu\u00eds Carlos Dud\u00e9 e Herm\u00ednio Oliveira, representantes da C\u00e2mara de Vereadores.<\/span><\/p>\n<p class=\"p2\"><span class=\"s1\">De acordo com o texto do PL, a medida reorganiza o quadro de profissionais de sa\u00fade do munic\u00edpio, extinguindo o cargo de Auxiliar de Enfermagem, com a possibilidade de aproveitamento dos servidores est\u00e1veis ocupantes do cargo como T\u00e9cnicos de Enfermagem. A medida leva em conta as novas estrat\u00e9gias de sa\u00fade desenvolvidas pelo Estado Brasileiro, considerando que a totalidade dos atuais ocupantes do cargo de Auxiliar de Enfermagem possui habilita\u00e7\u00e3o como T\u00e9cnicos de Enfermagem, medida que se mostra bastante ben\u00e9fica para o fortalecimento e aprimoramento dos servi\u00e7os prestados pelo Munic\u00edpios aos cidad\u00e3os na \u00e1rea da sa\u00fade.<\/span><\/p>\n<p class=\"p2\"><span class=\"s1\">O projeto ser\u00e1 sancionado pela prefeita Sheila Lemos nos pr\u00f3ximos dias, ap\u00f3s an\u00e1lise pela Procuradoria-Geral do Munic\u00edpio.<\/span><\/p>\n<p class=\"p2\"><span class=\"s1\">Em sua fala durante o ato, a prefeita Sheila Lemos parabenizou a categoria pela conquista e valorizou os esfor\u00e7os para o di\u00e1logo com o poder p\u00fablico. \u201cQuando no primeiro momento n\u00f3s sentamos com o Sinserv l\u00e1 em 2022, eu entendi que era uma quest\u00e3o de reconhecimento. Voc\u00eas s\u00e3o t\u00e9cnicas de enfermagem, trabalham fazendo o servi\u00e7o t\u00e9cnico, e precisam desse reconhecimento. O melhor caminho para se conseguir conquistas para os servidores p\u00fablicos \u00e9 atrav\u00e9s dos sindicatos. E o Sinserv est\u00e1 sempre dialogando com a gest\u00e3o. Por isso que n\u00f3s n\u00e3o temos dificuldade de conseguir as coisas\u201d, afirmou.<\/span><!--more--><\/p>\n<p class=\"p2\"><span class=\"s1\">Secret\u00e1ria de Rela\u00e7\u00f5es Institucionais, Kalilly Lemos salientou a import\u00e2ncia dos profissionais para o cuidado com a sa\u00fade do munic\u00edpio. \u201cEu estou at\u00e9 emocionada, porque \u00e9 uma luta justa e que merecia ser vencida. Quando olho para essas meninas e vejo a felicidade delas, isso me transforma como pessoa. E isso \u00e9 que vale a pena na vida. Voc\u00eas acreditaram e n\u00e3o desistiram, e est\u00e3o conquistando algo que n\u00e3o \u00e9 pelo dinheiro, \u00e9 pela justi\u00e7a\u201d, expressou.<\/span><\/p>\n<p class=\"p2\"><span class=\"s1\">Presidente da Comiss\u00e3o de Constitui\u00e7\u00e3o e Justi\u00e7a (CCJ) da C\u00e2mara de Vereadores, Lu\u00eds Carlos Dud\u00e9 reconheceu a luta da categoria e ressaltou a colabora\u00e7\u00e3o entre os poderes Executivo e Legislativo. \u201cDepois de quinze anos de espera, a gest\u00e3o teve a sensibilidade de atender sobretudo aos servidores e \u00e0s pessoas que precisam. E com o comprometimento da C\u00e2mara de Vereadores de Vit\u00f3ria da Conquista, porque a CCJ analisou a legalidade das propostas, para que n\u00e3o houvesse preju\u00edzo \u00e0 categoria. A lei que extingue o cargo de provimento efetivo de auxiliar de enfermagem na estrutura de pessoal do Poder Executivo est\u00e1 aqui, e hoje voc\u00eas podem comemorar\u201d, disse.<\/span><\/p>\n<p class=\"p2\"><span class=\"s1\">Emocionada, a presidente do Sinserv, L\u00facia Chagas, agradeceu \u00e0s auxiliares pela luta durante os anos para o reconhecimento merecido. \u201cQuero agradecer ao Governo Municipal, \u00e0 C\u00e2mara de Vereadores, \u00e0s nossas auxiliares, que s\u00e3o guerreiras, ao nosso jur\u00eddico, que pegou essa causa com for\u00e7a e vontade, e a toda a minha dire\u00e7\u00e3o que est\u00e1 aqui presente. Sei que muitas vezes a gente n\u00e3o consegue tudo o que quer, mas aos poucos n\u00f3s vamos chegar l\u00e1. Esse momento ficar\u00e1 para a hist\u00f3ria\u201d, contou.<\/span><\/p>\n<p class=\"p2\"><span class=\"s1\">Representando a categoria, Simone Rodrigues fez quest\u00e3o de relembrar o comprometimento dos colegas de profiss\u00e3o para que a conquista fosse alcan\u00e7ada, e agradeceu a quem contribuiu nesse processo. \u201cAgora sou t\u00e9cnica de enfermagem! N\u00f3s agradecemos de cora\u00e7\u00e3o a Kalilly, a Di\u00f3genes, por abra\u00e7arem a nossa causa. Agradecemos aos vereadores Dud\u00e9 e Herm\u00ednio, que nos receberam na CCJ. A prefeita Sheila v\u00e1rias vezes abriu as portas para se reunir com a gente e fez no tempo que Deus determinou para ser feito. Agrade\u00e7o \u00e0 L\u00facia, na presid\u00eancia do Sinserv, e \u00e0s demais diretorias que abra\u00e7aram a nossa causa\u201d, relatou.<\/span><\/p>\n<p class=\"p2\"><span class=\"s1\">O PL tamb\u00e9m amplia o n\u00famero de vagas do cargo de provimento efetivo de T\u00e9cnico de Enfermagem para 426 (quatrocentas e vinte e seis) vagas. Em at\u00e9 90 dias ap\u00f3s a san\u00e7\u00e3o e a publica\u00e7\u00e3o da Lei, a Prefeitura Municipal emitir\u00e1 decreto regulamentador para execu\u00e7\u00e3o da norma.<\/span><\/p>\n","protected":false},"excerpt":{"rendered":"<p>Na manh\u00e3 desta sexta-feira (28), o p\u00e1tio do Pal\u00e1cio da Joia do Sert\u00e3o Baiano recebeu representantes dos auxiliares de enfermagem do munic\u00edpio e membros do Sindicato dos Servidores P\u00fablicos Municipais de Vit\u00f3ria da Conquista (Sinserv) para um momento de agradecimento ao poderes executivo e legislativo municipais, respectivamente, pelo envio e aprova\u00e7\u00e3o do Projeto de Lei [&hellip;]<\/p>\n","protected":false},"author":3,"featured_media":58825,"comment_status":"open","ping_status":"open","sticky":false,"template":"","format":"standard","meta":[],"categories":[7,1],"tags":[],"_links":{"self":[{"href":"https:\/\/www.blogdomassinha.com.br\/v1\/wp-json\/wp\/v2\/posts\/58824"}],"collection":[{"href":"https:\/\/www.blogdomassinha.com.br\/v1\/wp-json\/wp\/v2\/posts"}],"about":[{"href":"https:\/\/www.blogdomassinha.com.br\/v1\/wp-json\/wp\/v2\/types\/post"}],"author":[{"embeddable":true,"href":"https:\/\/www.blogdomassinha.com.br\/v1\/wp-json\/wp\/v2\/users\/3"}],"replies":[{"embeddable":true,"href":"https:\/\/www.blogdomassinha.com.br\/v1\/wp-json\/wp\/v2\/comments?post=58824"}],"version-history":[{"count":1,"href":"https:\/\/www.blogdomassinha.com.br\/v1\/wp-json\/wp\/v2\/posts\/58824\/revisions"}],"predecessor-version":[{"id":58826,"href":"https:\/\/www.blogdomassinha.com.br\/v1\/wp-json\/wp\/v2\/posts\/58824\/revisions\/58826"}],"wp:featuredmedia":[{"embeddable":true,"href":"https:\/\/www.blogdomassinha.com.br\/v1\/wp-json\/wp\/v2\/media\/58825"}],"wp:attachment":[{"href":"https:\/\/www.blogdomassinha.com.br\/v1\/wp-json\/wp\/v2\/media?parent=58824"}],"wp:term":[{"taxonomy":"category","embeddable":true,"href":"https:\/\/www.blogdomassinha.com.br\/v1\/wp-json\/wp\/v2\/categories?post=58824"},{"taxonomy":"post_tag","embeddable":true,"href":"https:\/\/www.blogdomassinha.com.br\/v1\/wp-json\/wp\/v2\/tags?post=58824"}],"curies":[{"name":"wp","href":"https:\/\/api.w.org\/{rel}","templated":true}]}}