{"id":56397,"date":"2026-05-01T17:25:31","date_gmt":"2026-05-01T20:25:31","guid":{"rendered":"https:\/\/www.blogdomassinha.com.br\/v1\/?p=56397"},"modified":"2026-05-01T17:25:31","modified_gmt":"2026-05-01T20:25:31","slug":"comunidade-evangelica-convida-populacao-conquistense-para-participar-de-evento-hoje-no-boulevard-shopping-o-convite-e-independente-de-religioes","status":"publish","type":"post","link":"https:\/\/www.blogdomassinha.com.br\/v1\/2026\/05\/01\/comunidade-evangelica-convida-populacao-conquistense-para-participar-de-evento-hoje-no-boulevard-shopping-o-convite-e-independente-de-religioes\/","title":{"rendered":"Comunidade Evang\u00e9lica convida popula\u00e7\u00e3o conquistense para participar de evento hoje no Boulevard Shopping. O convite \u00e9 independente de religi\u00f5es"},"content":{"rendered":"<p class=\"p2\"><span class=\"s1\"><img loading=\"lazy\" class=\"size-medium wp-image-56398 alignleft\" src=\"https:\/\/www.blogdomassinha.com.br\/v1\/wp-content\/uploads\/2026\/05\/d55d1d46-dd74-4d88-8702-685d0bb822f8-300x300.jpeg\" alt=\"\" width=\"300\" height=\"300\" srcset=\"https:\/\/www.blogdomassinha.com.br\/v1\/wp-content\/uploads\/2026\/05\/d55d1d46-dd74-4d88-8702-685d0bb822f8-300x300.jpeg 300w, https:\/\/www.blogdomassinha.com.br\/v1\/wp-content\/uploads\/2026\/05\/d55d1d46-dd74-4d88-8702-685d0bb822f8-150x150.jpeg 150w, https:\/\/www.blogdomassinha.com.br\/v1\/wp-content\/uploads\/2026\/05\/d55d1d46-dd74-4d88-8702-685d0bb822f8.jpeg 500w\" sizes=\"(max-width: 300px) 100vw, 300px\" \/><br \/>\nMeus amigos, minhas amigas, vivemos tempos desafiadores em todo o mundo. A sociedade, de forma geral, tem buscado caminhos, respostas e, sobretudo, equil\u00edbrio diante de tudo que temos presenciado. E \u00e9 importante lembrar que esse movimento n\u00e3o \u00e9 de agora. H\u00e1 muito tempo, pessoas de f\u00e9, independentemente de denomina\u00e7\u00e3o religiosa, v\u00eam se unindo em torno de um prop\u00f3sito maior: a conviv\u00eancia harmoniosa e o fortalecimento dos valores humanos.<\/span><\/p>\n<p class=\"p2\"><span class=\"s1\">Os crist\u00e3os, de diferentes igrejas e tradi\u00e7\u00f5es, t\u00eam adotado uma postura cada vez mais ecum\u00eanica, compreendendo que a f\u00e9 deve ser um instrumento de uni\u00e3o e n\u00e3o de separa\u00e7\u00e3o. Todos aqueles que creem em Deus como caminho, como norte e como prop\u00f3sito maior, entendem que n\u00e3o deve haver barreiras quando o objetivo \u00e9 promover a paz, o respeito e a fraternidade entre as pessoas.<\/span><\/p>\n<p class=\"p2\"><span class=\"s1\">E Vit\u00f3ria da Conquista tem essa caracter\u00edstica. Ao longo dos anos, a cidade sempre demonstrou capacidade de conviv\u00eancia respeitosa entre diferentes cren\u00e7as, culturas e formas de pensar. \u00c9 esse esp\u00edrito que se reafirma hoje, 01 de maio, Dia do Trabalhador.<\/span><!--more--><\/p>\n<p class=\"p2\"><span class=\"s1\">A partir das 15h, no estacionamento do Boulevard Shopping Vit\u00f3ria da Conquista, a comunidade evang\u00e9lica convida toda a popula\u00e7\u00e3o \u2014 independentemente de religi\u00e3o \u2014 para participar de um grande encontro de f\u00e9 e reflex\u00e3o. Ser\u00e1 um momento de ora\u00e7\u00e3o, de uni\u00e3o e de manifesta\u00e7\u00e3o em favor da paz, n\u00e3o apenas para o nosso munic\u00edpio, mas para todo o estado e para o mundo.<\/span><\/p>\n<p class=\"p2\"><span class=\"s1\">O convite est\u00e1 feito. \u00c9 uma oportunidade de reunir fam\u00edlias, amigos e cidad\u00e3os em um ambiente de respeito e espiritualidade, refor\u00e7ando aquilo que nos une enquanto sociedade.<\/span><\/p>\n","protected":false},"excerpt":{"rendered":"<p>Meus amigos, minhas amigas, vivemos tempos desafiadores em todo o mundo. A sociedade, de forma geral, tem buscado caminhos, respostas e, sobretudo, equil\u00edbrio diante de tudo que temos presenciado. E \u00e9 importante lembrar que esse movimento n\u00e3o \u00e9 de agora. H\u00e1 muito tempo, pessoas de f\u00e9, independentemente de denomina\u00e7\u00e3o religiosa, v\u00eam se unindo em torno [&hellip;]<\/p>\n","protected":false},"author":3,"featured_media":56398,"comment_status":"open","ping_status":"open","sticky":false,"template":"","format":"standard","meta":[],"categories":[7,3],"tags":[],"_links":{"self":[{"href":"https:\/\/www.blogdomassinha.com.br\/v1\/wp-json\/wp\/v2\/posts\/56397"}],"collection":[{"href":"https:\/\/www.blogdomassinha.com.br\/v1\/wp-json\/wp\/v2\/posts"}],"about":[{"href":"https:\/\/www.blogdomassinha.com.br\/v1\/wp-json\/wp\/v2\/types\/post"}],"author":[{"embeddable":true,"href":"https:\/\/www.blogdomassinha.com.br\/v1\/wp-json\/wp\/v2\/users\/3"}],"replies":[{"embeddable":true,"href":"https:\/\/www.blogdomassinha.com.br\/v1\/wp-json\/wp\/v2\/comments?post=56397"}],"version-history":[{"count":1,"href":"https:\/\/www.blogdomassinha.com.br\/v1\/wp-json\/wp\/v2\/posts\/56397\/revisions"}],"predecessor-version":[{"id":56399,"href":"https:\/\/www.blogdomassinha.com.br\/v1\/wp-json\/wp\/v2\/posts\/56397\/revisions\/56399"}],"wp:featuredmedia":[{"embeddable":true,"href":"https:\/\/www.blogdomassinha.com.br\/v1\/wp-json\/wp\/v2\/media\/56398"}],"wp:attachment":[{"href":"https:\/\/www.blogdomassinha.com.br\/v1\/wp-json\/wp\/v2\/media?parent=56397"}],"wp:term":[{"taxonomy":"category","embeddable":true,"href":"https:\/\/www.blogdomassinha.com.br\/v1\/wp-json\/wp\/v2\/categories?post=56397"},{"taxonomy":"post_tag","embeddable":true,"href":"https:\/\/www.blogdomassinha.com.br\/v1\/wp-json\/wp\/v2\/tags?post=56397"}],"curies":[{"name":"wp","href":"https:\/\/api.w.org\/{rel}","templated":true}]}}