{"id":56365,"date":"2026-05-01T09:41:51","date_gmt":"2026-05-01T12:41:51","guid":{"rendered":"https:\/\/www.blogdomassinha.com.br\/v1\/?p=56365"},"modified":"2026-05-01T09:42:41","modified_gmt":"2026-05-01T12:42:41","slug":"motociclistas-avancam-na-criacao-de-associacao-em-vitoria-da-conquista","status":"publish","type":"post","link":"https:\/\/www.blogdomassinha.com.br\/v1\/2026\/05\/01\/motociclistas-avancam-na-criacao-de-associacao-em-vitoria-da-conquista\/","title":{"rendered":"Motociclistas avan\u00e7am na cria\u00e7\u00e3o de associa\u00e7\u00e3o em Vit\u00f3ria da Conquista"},"content":{"rendered":"<p><img loading=\"lazy\" class=\"size-medium wp-image-56366 alignleft\" src=\"https:\/\/www.blogdomassinha.com.br\/v1\/wp-content\/uploads\/2026\/05\/IMG_6820-300x218.jpeg\" alt=\"\" width=\"300\" height=\"218\" srcset=\"https:\/\/www.blogdomassinha.com.br\/v1\/wp-content\/uploads\/2026\/05\/IMG_6820-300x218.jpeg 300w, https:\/\/www.blogdomassinha.com.br\/v1\/wp-content\/uploads\/2026\/05\/IMG_6820.jpeg 600w\" sizes=\"(max-width: 300px) 100vw, 300px\" \/><\/p>\n<p><em><br \/>\nCategoria busca formaliza\u00e7\u00e3o para garantir direitos, benef\u00edcios e melhores condi\u00e7\u00f5es de trabalho<\/em><\/p>\n<p>Na manh\u00e3 desta quarta-feira (29), representantes dos motociclistas trabalhadores de Vit\u00f3ria da Conquista participaram de uma reuni\u00e3o na Secretaria Municipal de Rela\u00e7\u00f5es Institucionais para conhecer o programa Associa\u00e7\u00e3o Legal e receber orienta\u00e7\u00f5es sobre a formaliza\u00e7\u00e3o da Associa\u00e7\u00e3o dos Motociclistas Trabalhadores do munic\u00edpio.<\/p>\n<p>A iniciativa marca um avan\u00e7o importante para a categoria, que passa a se organizar oficialmente com o objetivo de fortalecer a representatividade e buscar melhorias nas condi\u00e7\u00f5es de trabalho, al\u00e9m de acesso a direitos e benef\u00edcios.<\/p>\n<p>A proposta da associa\u00e7\u00e3o \u00e9 abranger todos os profissionais que atuam sobre duas rodas na cidade, n\u00e3o se limitando apenas aos que trabalham por meio de aplicativos digitais. A entidade pretende representar tamb\u00e9m motociclistas que atuam em empresas de log\u00edstica, entregas, servi\u00e7os diversos e demais atividades que utilizam a motocicleta como instrumento de trabalho.<\/p>\n<p>De acordo com Anderson Rocha, que integra a organiza\u00e7\u00e3o da entidade, o encontro representa um passo decisivo para a consolida\u00e7\u00e3o do movimento.<!--more--><\/p>\n<p>\u201cHoje demos um passo importante pelos motociclistas trabalhadores de Vit\u00f3ria da Conquista. Reunimos representantes da categoria na Secretaria de Rela\u00e7\u00f5es Institucionais para avan\u00e7ar na cria\u00e7\u00e3o da associa\u00e7\u00e3o, com apoio do programa Associa\u00e7\u00e3o Legal. Em breve, vamos convocar a Assembleia para eleger a diretoria e iniciar as negocia\u00e7\u00f5es por mais direitos, benef\u00edcios e melhores condi\u00e7\u00f5es de trabalho\u201d, afirmou.<\/p>\n<p>A expectativa \u00e9 de que, nos pr\u00f3ximos dias, seja divulgado o edital de convoca\u00e7\u00e3o da Assembleia Geral, que ir\u00e1 oficializar a cria\u00e7\u00e3o da entidade e definir sua diretoria.<\/p>\n<p>A formaliza\u00e7\u00e3o da associa\u00e7\u00e3o \u00e9 vista como um marco para a categoria, que busca maior organiza\u00e7\u00e3o, reconhecimento institucional e representatividade ampla no munic\u00edpio.<\/p>\n<p>Os interessados em acompanhar ou participar do movimento podem entrar em contato por meio do Instagram @amtconquista ou pelo e-mail amtconquista@gmail.com.<\/p>\n","protected":false},"excerpt":{"rendered":"<p>Categoria busca formaliza\u00e7\u00e3o para garantir direitos, benef\u00edcios e melhores condi\u00e7\u00f5es de trabalho Na manh\u00e3 desta quarta-feira (29), representantes dos motociclistas trabalhadores de Vit\u00f3ria da Conquista participaram de uma reuni\u00e3o na Secretaria Municipal de Rela\u00e7\u00f5es Institucionais para conhecer o programa Associa\u00e7\u00e3o Legal e receber orienta\u00e7\u00f5es sobre a formaliza\u00e7\u00e3o da Associa\u00e7\u00e3o dos Motociclistas Trabalhadores do munic\u00edpio. A [&hellip;]<\/p>\n","protected":false},"author":3,"featured_media":56366,"comment_status":"open","ping_status":"open","sticky":false,"template":"","format":"standard","meta":[],"categories":[7,1],"tags":[],"_links":{"self":[{"href":"https:\/\/www.blogdomassinha.com.br\/v1\/wp-json\/wp\/v2\/posts\/56365"}],"collection":[{"href":"https:\/\/www.blogdomassinha.com.br\/v1\/wp-json\/wp\/v2\/posts"}],"about":[{"href":"https:\/\/www.blogdomassinha.com.br\/v1\/wp-json\/wp\/v2\/types\/post"}],"author":[{"embeddable":true,"href":"https:\/\/www.blogdomassinha.com.br\/v1\/wp-json\/wp\/v2\/users\/3"}],"replies":[{"embeddable":true,"href":"https:\/\/www.blogdomassinha.com.br\/v1\/wp-json\/wp\/v2\/comments?post=56365"}],"version-history":[{"count":2,"href":"https:\/\/www.blogdomassinha.com.br\/v1\/wp-json\/wp\/v2\/posts\/56365\/revisions"}],"predecessor-version":[{"id":56368,"href":"https:\/\/www.blogdomassinha.com.br\/v1\/wp-json\/wp\/v2\/posts\/56365\/revisions\/56368"}],"wp:featuredmedia":[{"embeddable":true,"href":"https:\/\/www.blogdomassinha.com.br\/v1\/wp-json\/wp\/v2\/media\/56366"}],"wp:attachment":[{"href":"https:\/\/www.blogdomassinha.com.br\/v1\/wp-json\/wp\/v2\/media?parent=56365"}],"wp:term":[{"taxonomy":"category","embeddable":true,"href":"https:\/\/www.blogdomassinha.com.br\/v1\/wp-json\/wp\/v2\/categories?post=56365"},{"taxonomy":"post_tag","embeddable":true,"href":"https:\/\/www.blogdomassinha.com.br\/v1\/wp-json\/wp\/v2\/tags?post=56365"}],"curies":[{"name":"wp","href":"https:\/\/api.w.org\/{rel}","templated":true}]}}