{"id":56358,"date":"2026-05-01T09:29:29","date_gmt":"2026-05-01T12:29:29","guid":{"rendered":"https:\/\/www.blogdomassinha.com.br\/v1\/?p=56358"},"modified":"2026-05-01T09:29:29","modified_gmt":"2026-05-01T12:29:29","slug":"quem-dita-as-regras-e-o-centrao-e-lula-sabe-disso-cabe-a-ele-escolher-se-fica-com-a-esquerda-historica-ou-negocia-para-governar-o-pais","status":"publish","type":"post","link":"https:\/\/www.blogdomassinha.com.br\/v1\/2026\/05\/01\/quem-dita-as-regras-e-o-centrao-e-lula-sabe-disso-cabe-a-ele-escolher-se-fica-com-a-esquerda-historica-ou-negocia-para-governar-o-pais\/","title":{"rendered":"Quem dita as regras \u00e9 o Centr\u00e3o, e Lula sabe disso. Cabe a ele escolher: se fica com a esquerda hist\u00f3rica ou negocia para governar o pa\u00eds."},"content":{"rendered":"<p class=\"p2\"><span class=\"s1\"><img loading=\"lazy\" class=\"size-medium wp-image-56359 alignleft\" src=\"https:\/\/www.blogdomassinha.com.br\/v1\/wp-content\/uploads\/2026\/05\/IMG_6818-300x225.jpeg\" alt=\"\" width=\"300\" height=\"225\" srcset=\"https:\/\/www.blogdomassinha.com.br\/v1\/wp-content\/uploads\/2026\/05\/IMG_6818-300x225.jpeg 300w, https:\/\/www.blogdomassinha.com.br\/v1\/wp-content\/uploads\/2026\/05\/IMG_6818.jpeg 600w\" sizes=\"(max-width: 300px) 100vw, 300px\" \/><br \/>\nO sistema pol\u00edtico brasileiro \u00e9 o presidencialismo, e dentro dele existe uma engrenagem que n\u00e3o pode ser ignorada. Governar o pa\u00eds exige mais do que vontade pol\u00edtica ou identidade ideol\u00f3gica. Exige articula\u00e7\u00e3o, di\u00e1logo e, sobretudo, constru\u00e7\u00e3o de maioria. E \u00e9 nesse contexto que se insere o chamado Centr\u00e3o, um grupo que, na pr\u00e1tica, tem peso decisivo nas vota\u00e7\u00f5es e na condu\u00e7\u00e3o das pautas no Congresso Nacional.<\/span><\/p>\n<p class=\"p2\"><span class=\"s1\">Quando se fala em Luiz In\u00e1cio Lula da Silva, \u00e9 preciso compreender toda a sua trajet\u00f3ria. Um l\u00edder que nasceu politicamente no movimento sindical, no ABC paulista, vindo do agreste pernambucano, enfrentando dificuldades e se projetando como uma voz de resist\u00eancia em um per\u00edodo delicado da hist\u00f3ria brasileira. A constru\u00e7\u00e3o do Partido dos Trabalhadores, na d\u00e9cada de 1980, representou justamente essa tentativa de reorganizar for\u00e7as populares e dar um novo rumo \u00e0 pol\u00edtica nacional.<\/span><\/p>\n<p class=\"p2\"><span class=\"s1\">Mas o tempo passa, o cen\u00e1rio muda e a pol\u00edtica exige adapta\u00e7\u00e3o. Quando Lula chega ao poder, ele compreende que, para governar, precisa ampliar sua base. N\u00e3o bastava apenas a esquerda hist\u00f3rica. Foi necess\u00e1rio dialogar com outros setores da sociedade, inclusive com segmentos da centro-direita. A escolha do empres\u00e1rio Jos\u00e9 Alencar como vice-presidente simbolizou esse movimento de abertura e constru\u00e7\u00e3o de confian\u00e7a junto a diferentes grupos.<\/span><!--more--><\/p>\n<p class=\"p2\"><span class=\"s1\">Essa estrat\u00e9gia deu resultado. Lula governou por dois mandatos e, posteriormente, conseguiu eleger sua sucessora, mantendo o projeto pol\u00edtico por mais tempo. No entanto, o cen\u00e1rio pol\u00edtico brasileiro \u00e9 din\u00e2mico e, ao longo dos anos, novas for\u00e7as foram se reorganizando, ampliando sua influ\u00eancia, especialmente no Congresso Nacional.<\/span><\/p>\n<p class=\"p2\"><span class=\"s1\">Hoje, a realidade \u00e9 clara: para governar, \u00e9 necess\u00e1rio negociar. O chamado Centr\u00e3o ocupa um espa\u00e7o estrat\u00e9gico e tem capacidade de influenciar diretamente a governabilidade. Ignorar esse fator \u00e9 inviabilizar qualquer projeto de gest\u00e3o nacional. Por isso, o presidente precisa dialogar, construir pontes e, muitas vezes, ceder para garantir a condu\u00e7\u00e3o das pol\u00edticas p\u00fablicas.<\/span><\/p>\n<p class=\"p2\"><span class=\"s1\">Isso gera cr\u00edticas, especialmente de setores que defendem uma atua\u00e7\u00e3o mais fiel \u00e0s origens ideol\u00f3gicas do partido. Por outro lado, h\u00e1 o entendimento de que sem essa articula\u00e7\u00e3o o governo n\u00e3o avan\u00e7a. Trata-se de um equil\u00edbrio delicado entre manter princ\u00edpios e garantir governabilidade.<\/span><\/p>\n<p class=\"p2\"><span class=\"s1\">No fim das contas, a escolha \u00e9 pol\u00edtica e estrat\u00e9gica. Permanecer restrito a uma base ideol\u00f3gica mais pura pode dificultar a condu\u00e7\u00e3o do pa\u00eds. Ampliar alian\u00e7as pode garantir governabilidade, mas tamb\u00e9m exige concess\u00f5es. Esse \u00e9 o desafio permanente de quem ocupa a Presid\u00eancia da Rep\u00fablica no modelo pol\u00edtico brasileiro.<\/span><\/p>\n","protected":false},"excerpt":{"rendered":"<p>O sistema pol\u00edtico brasileiro \u00e9 o presidencialismo, e dentro dele existe uma engrenagem que n\u00e3o pode ser ignorada. Governar o pa\u00eds exige mais do que vontade pol\u00edtica ou identidade ideol\u00f3gica. Exige articula\u00e7\u00e3o, di\u00e1logo e, sobretudo, constru\u00e7\u00e3o de maioria. E \u00e9 nesse contexto que se insere o chamado Centr\u00e3o, um grupo que, na pr\u00e1tica, tem peso [&hellip;]<\/p>\n","protected":false},"author":3,"featured_media":56359,"comment_status":"open","ping_status":"open","sticky":false,"template":"","format":"standard","meta":[],"categories":[7,2],"tags":[],"_links":{"self":[{"href":"https:\/\/www.blogdomassinha.com.br\/v1\/wp-json\/wp\/v2\/posts\/56358"}],"collection":[{"href":"https:\/\/www.blogdomassinha.com.br\/v1\/wp-json\/wp\/v2\/posts"}],"about":[{"href":"https:\/\/www.blogdomassinha.com.br\/v1\/wp-json\/wp\/v2\/types\/post"}],"author":[{"embeddable":true,"href":"https:\/\/www.blogdomassinha.com.br\/v1\/wp-json\/wp\/v2\/users\/3"}],"replies":[{"embeddable":true,"href":"https:\/\/www.blogdomassinha.com.br\/v1\/wp-json\/wp\/v2\/comments?post=56358"}],"version-history":[{"count":1,"href":"https:\/\/www.blogdomassinha.com.br\/v1\/wp-json\/wp\/v2\/posts\/56358\/revisions"}],"predecessor-version":[{"id":56360,"href":"https:\/\/www.blogdomassinha.com.br\/v1\/wp-json\/wp\/v2\/posts\/56358\/revisions\/56360"}],"wp:featuredmedia":[{"embeddable":true,"href":"https:\/\/www.blogdomassinha.com.br\/v1\/wp-json\/wp\/v2\/media\/56359"}],"wp:attachment":[{"href":"https:\/\/www.blogdomassinha.com.br\/v1\/wp-json\/wp\/v2\/media?parent=56358"}],"wp:term":[{"taxonomy":"category","embeddable":true,"href":"https:\/\/www.blogdomassinha.com.br\/v1\/wp-json\/wp\/v2\/categories?post=56358"},{"taxonomy":"post_tag","embeddable":true,"href":"https:\/\/www.blogdomassinha.com.br\/v1\/wp-json\/wp\/v2\/tags?post=56358"}],"curies":[{"name":"wp","href":"https:\/\/api.w.org\/{rel}","templated":true}]}}