{"id":56350,"date":"2026-04-30T01:47:54","date_gmt":"2026-04-30T04:47:54","guid":{"rendered":"https:\/\/www.blogdomassinha.com.br\/v1\/?p=56350"},"modified":"2026-04-30T01:47:54","modified_gmt":"2026-04-30T04:47:54","slug":"diogo-azevedo-nelson-de-vivi-luciano-gomes-ivan-cordeiro-e-bibia-falaram-ontem-ao-agito-geral-como-votaram-no-pl-que-propoe-a-criacao-de-cargos-comissionados-pelo-executivo","status":"publish","type":"post","link":"https:\/\/www.blogdomassinha.com.br\/v1\/2026\/04\/30\/diogo-azevedo-nelson-de-vivi-luciano-gomes-ivan-cordeiro-e-bibia-falaram-ontem-ao-agito-geral-como-votaram-no-pl-que-propoe-a-criacao-de-cargos-comissionados-pelo-executivo\/","title":{"rendered":"Diogo Azevedo, Nelson de Vivi, Luciano Gomes, Ivan Cordeiro e Bibia falaram ontem ao Agito Geral como votaram no PL que prop\u00f5e a cria\u00e7\u00e3o de cargos comissionados pelo Executivo."},"content":{"rendered":"<p class=\"p2\"><span class=\"s1\"><img loading=\"lazy\" class=\"size-medium wp-image-56351 alignleft\" src=\"https:\/\/www.blogdomassinha.com.br\/v1\/wp-content\/uploads\/2026\/04\/IMG_6802-300x225.jpeg\" alt=\"\" width=\"300\" height=\"225\" srcset=\"https:\/\/www.blogdomassinha.com.br\/v1\/wp-content\/uploads\/2026\/04\/IMG_6802-300x225.jpeg 300w, https:\/\/www.blogdomassinha.com.br\/v1\/wp-content\/uploads\/2026\/04\/IMG_6802.jpeg 600w\" sizes=\"(max-width: 300px) 100vw, 300px\" \/><br \/>\nO projeto de lei encaminhado pelo Executivo Municipal \u00e0 C\u00e2mara de Vereadores, propondo a cria\u00e7\u00e3o de cargos comissionados, movimentou intensamente o cen\u00e1rio pol\u00edtico local na sess\u00e3o realizada ontem. Como era de se esperar, a mat\u00e9ria gerou pol\u00eamica, principalmente por estarmos em um per\u00edodo pr\u00e9-eleitoral, cujos desdobramentos j\u00e1 apontam para as disputas que se estender\u00e3o at\u00e9 2028.<\/span><\/p>\n<p class=\"p2\"><span class=\"s1\">A proposta foi apreciada pelos vereadores, que analisaram e votaram conforme suas convic\u00e7\u00f5es, enquanto a popula\u00e7\u00e3o acompanha atentamente cada movimento do Legislativo. A iniciativa da prefeita Sheila Lemos provocou debates e diferentes interpreta\u00e7\u00f5es, refletindo o momento pol\u00edtico vivido pela cidade.<\/span><\/p>\n<p class=\"p2\"><span class=\"s1\">Durante a cobertura no programa Agito Geral, buscamos ouvir os parlamentares sobre suas posi\u00e7\u00f5es. O vereador Diogo Azevedo, do Uni\u00e3o Brasil, afirmou ter votado contra o projeto, posicionamento semelhante ao de Nelson de Vivi, que tamb\u00e9m rejeitou a proposta e assumiu publicamente seu voto.<\/span><!--more--><\/p>\n<p class=\"p2\"><span class=\"s1\">Por outro lado, o vereador Luciano Gomes votou favoravelmente ao projeto, apresentando justificativas que, segundo ele, sustentam a necessidade da medida proposta pelo Executivo. Na mesma linha, o l\u00edder da bancada governista, Bibia, tamb\u00e9m votou a favor e afirmou que manteria essa posi\u00e7\u00e3o sempre que necess\u00e1rio.<\/span><\/p>\n<p class=\"p2\"><span class=\"s1\">O presidente da C\u00e2mara, Ivan Cordeiro, explicou que, por prerrogativa do cargo, n\u00e3o participa das vota\u00e7\u00f5es ordin\u00e1rias, a n\u00e3o ser em caso de empate, quando exerce o chamado voto de minerva. Assim, n\u00e3o houve manifesta\u00e7\u00e3o de voto por parte da presid\u00eancia nesta ocasi\u00e3o.<\/span><\/p>\n<p class=\"p2\"><span class=\"s1\">Alguns parlamentares n\u00e3o se pronunciaram no momento da abordagem. A vereadora L\u00e9ia preferiu n\u00e3o conceder entrevista por motivos pessoais, enquanto a vereadora Cris Rocha n\u00e3o permaneceu para falar. J\u00e1 o vereador Andresson Ribeiro havia sinalizado disponibilidade, mas n\u00e3o foi localizado posteriormente no plen\u00e1rio. Registra-se ainda a aus\u00eancia da vereadora Lara Fernandes na sess\u00e3o.<\/span><\/p>\n<p class=\"p2\"><span class=\"s1\">O epis\u00f3dio evidencia o clima pol\u00edtico cada vez mais aquecido na cidade, com posi\u00e7\u00f5es bem definidas e um cen\u00e1rio que tende a se intensificar \u00e0 medida que se aproximam as elei\u00e7\u00f5es de 2026. A popula\u00e7\u00e3o acompanha, observa e faz sua pr\u00f3pria leitura dos fatos, enquanto o debate pol\u00edtico segue em plena ebuli\u00e7\u00e3o.<\/span><\/p>\n","protected":false},"excerpt":{"rendered":"<p>O projeto de lei encaminhado pelo Executivo Municipal \u00e0 C\u00e2mara de Vereadores, propondo a cria\u00e7\u00e3o de cargos comissionados, movimentou intensamente o cen\u00e1rio pol\u00edtico local na sess\u00e3o realizada ontem. Como era de se esperar, a mat\u00e9ria gerou pol\u00eamica, principalmente por estarmos em um per\u00edodo pr\u00e9-eleitoral, cujos desdobramentos j\u00e1 apontam para as disputas que se estender\u00e3o at\u00e9 [&hellip;]<\/p>\n","protected":false},"author":3,"featured_media":56351,"comment_status":"open","ping_status":"open","sticky":false,"template":"","format":"standard","meta":[],"categories":[7,2],"tags":[],"_links":{"self":[{"href":"https:\/\/www.blogdomassinha.com.br\/v1\/wp-json\/wp\/v2\/posts\/56350"}],"collection":[{"href":"https:\/\/www.blogdomassinha.com.br\/v1\/wp-json\/wp\/v2\/posts"}],"about":[{"href":"https:\/\/www.blogdomassinha.com.br\/v1\/wp-json\/wp\/v2\/types\/post"}],"author":[{"embeddable":true,"href":"https:\/\/www.blogdomassinha.com.br\/v1\/wp-json\/wp\/v2\/users\/3"}],"replies":[{"embeddable":true,"href":"https:\/\/www.blogdomassinha.com.br\/v1\/wp-json\/wp\/v2\/comments?post=56350"}],"version-history":[{"count":1,"href":"https:\/\/www.blogdomassinha.com.br\/v1\/wp-json\/wp\/v2\/posts\/56350\/revisions"}],"predecessor-version":[{"id":56352,"href":"https:\/\/www.blogdomassinha.com.br\/v1\/wp-json\/wp\/v2\/posts\/56350\/revisions\/56352"}],"wp:featuredmedia":[{"embeddable":true,"href":"https:\/\/www.blogdomassinha.com.br\/v1\/wp-json\/wp\/v2\/media\/56351"}],"wp:attachment":[{"href":"https:\/\/www.blogdomassinha.com.br\/v1\/wp-json\/wp\/v2\/media?parent=56350"}],"wp:term":[{"taxonomy":"category","embeddable":true,"href":"https:\/\/www.blogdomassinha.com.br\/v1\/wp-json\/wp\/v2\/categories?post=56350"},{"taxonomy":"post_tag","embeddable":true,"href":"https:\/\/www.blogdomassinha.com.br\/v1\/wp-json\/wp\/v2\/tags?post=56350"}],"curies":[{"name":"wp","href":"https:\/\/api.w.org\/{rel}","templated":true}]}}