{"id":56343,"date":"2026-04-29T01:54:36","date_gmt":"2026-04-29T04:54:36","guid":{"rendered":"https:\/\/www.blogdomassinha.com.br\/v1\/?p=56343"},"modified":"2026-04-29T01:54:52","modified_gmt":"2026-04-29T04:54:52","slug":"miconquista-2026-do-jeitinho-que-a-gente-quer-do-jeito-que-o-povo-gosta-na-rua","status":"publish","type":"post","link":"https:\/\/www.blogdomassinha.com.br\/v1\/2026\/04\/29\/miconquista-2026-do-jeitinho-que-a-gente-quer-do-jeito-que-o-povo-gosta-na-rua\/","title":{"rendered":"Miconquista 2026: do jeitinho que a gente quer, do jeito que o povo gosta \u2014 na rua!"},"content":{"rendered":"<p><img loading=\"lazy\" class=\"size-medium wp-image-56344 alignleft\" src=\"https:\/\/www.blogdomassinha.com.br\/v1\/wp-content\/uploads\/2026\/04\/IMG_6776-251x300.jpeg\" alt=\"\" width=\"251\" height=\"300\" srcset=\"https:\/\/www.blogdomassinha.com.br\/v1\/wp-content\/uploads\/2026\/04\/IMG_6776-251x300.jpeg 251w, https:\/\/www.blogdomassinha.com.br\/v1\/wp-content\/uploads\/2026\/04\/IMG_6776.jpeg 418w\" sizes=\"(max-width: 251px) 100vw, 251px\" \/><\/p>\n<p class=\"p2\"><span class=\"s1\"><br \/>\nVoc\u00ea sabe que a festa Miconquista, a nossa micareta, que nasceu l\u00e1 em 1989, n\u00e3o foi fruto de acaso, nem de m\u00e1gica. Foi constru\u00edda com muita luta, persist\u00eancia e, sobretudo, com a cren\u00e7a de que Vit\u00f3ria da Conquista poderia, sim, realizar uma grande festa carnavalesca fora de \u00e9poca.<\/span><\/p>\n<p class=\"p2\"><span class=\"s1\">Naquele tempo, os blocos que animavam o carnaval da cidade sabiam das limita\u00e7\u00f5es. Era dif\u00edcil imaginar que conseguir\u00edamos trazer para c\u00e1 as grandes bandas do ax\u00e9, que brilhavam em Salvador. Ainda assim, havia criatividade, havia organiza\u00e7\u00e3o e havia paix\u00e3o. Os carnavais dos anos 70 e 80, vividos no Clube Social e nas ruas da cidade \u2014 passando pela Pra\u00e7a Tancredo Neves, descendo a Rua dos Andradas \u2014 mostravam que existia uma base cultural forte, pronta para algo maior.<\/span><\/p>\n<p class=\"p2\"><span class=\"s1\">Foi preciso convencer, dialogar, insistir. E a micareta veio. E veio para fazer hist\u00f3ria. Durante 15 anos, foi uma das maiores do Brasil, consolidando-se como um dos principais eventos do calend\u00e1rio festivo, movimentando a economia, a cultura e a autoestima da nossa cidade.<\/span><\/p>\n<p class=\"p2\"><span class=\"s1\">Como tudo na vida, houve um momento de desgaste. Mas a hist\u00f3ria n\u00e3o se apaga. Ela se reinventa. E foi assim que a Miconquista retornou, ap\u00f3s um hiato, com for\u00e7a total nos anos de 2023, 2024 e 2025, resgatando o entusiasmo do povo e reacendendo a chama dessa tradi\u00e7\u00e3o t\u00e3o querida.<\/span><\/p>\n<p class=\"p2\"><span class=\"s1\">Mas havia um clamor. Um pedido que vinha das ruas: a festa precisava voltar ao seu formato original, aberta, democr\u00e1tica, pulsante, com o povo ocupando as avenidas, vivendo intensamente cada momento. E esse pedido foi ouvido.<\/span><!--more--><\/p>\n<p class=\"p2\"><span class=\"s1\">Em 2026, a Miconquista ser\u00e1 na rua. Nos dias 26 e 27 de setembro, Vit\u00f3ria da Conquista se transformar\u00e1 novamente em um grande palco a c\u00e9u aberto, recebendo foli\u00f5es da cidade, da regi\u00e3o, do Nordeste e de diversas partes do Brasil.<\/span><\/p>\n<p class=\"p2\"><span class=\"s1\">A mudan\u00e7a de data tamb\u00e9m atende a uma demanda importante. Setembro traz um clima mais agrad\u00e1vel, com dias ensolarados e a leveza da esta\u00e7\u00e3o das flores, criando o cen\u00e1rio perfeito para a celebra\u00e7\u00e3o.<\/span><\/p>\n<p class=\"p2\"><span class=\"s1\">E as atra\u00e7\u00f5es j\u00e1 come\u00e7am a dar o tom do que vem por a\u00ed. Est\u00e3o confirmados Tomate, Kann\u00e1rio e Thiago Aquino, nomes que representam a energia, a vibra\u00e7\u00e3o e a identidade da festa. E, como j\u00e1 se anuncia, vem muito mais por a\u00ed.<\/span><\/p>\n<p class=\"p2\"><span class=\"s1\">A cidade j\u00e1 sente esse clima no ar. J\u00e1 vibra. J\u00e1 se prepara. Porque a Miconquista n\u00e3o \u00e9 apenas um evento. \u00c9 mem\u00f3ria, \u00e9 identidade, \u00e9 celebra\u00e7\u00e3o coletiva.<\/span><\/p>\n<p class=\"p2\"><span class=\"s1\">Aguardemos. Porque a festa est\u00e1 de volta, do jeito que a gente quer e do jeito que o povo gosta.<\/span><\/p>\n","protected":false},"excerpt":{"rendered":"<p>Voc\u00ea sabe que a festa Miconquista, a nossa micareta, que nasceu l\u00e1 em 1989, n\u00e3o foi fruto de acaso, nem de m\u00e1gica. Foi constru\u00edda com muita luta, persist\u00eancia e, sobretudo, com a cren\u00e7a de que Vit\u00f3ria da Conquista poderia, sim, realizar uma grande festa carnavalesca fora de \u00e9poca. Naquele tempo, os blocos que animavam o [&hellip;]<\/p>\n","protected":false},"author":3,"featured_media":56344,"comment_status":"open","ping_status":"open","sticky":false,"template":"","format":"standard","meta":[],"categories":[7,3],"tags":[],"_links":{"self":[{"href":"https:\/\/www.blogdomassinha.com.br\/v1\/wp-json\/wp\/v2\/posts\/56343"}],"collection":[{"href":"https:\/\/www.blogdomassinha.com.br\/v1\/wp-json\/wp\/v2\/posts"}],"about":[{"href":"https:\/\/www.blogdomassinha.com.br\/v1\/wp-json\/wp\/v2\/types\/post"}],"author":[{"embeddable":true,"href":"https:\/\/www.blogdomassinha.com.br\/v1\/wp-json\/wp\/v2\/users\/3"}],"replies":[{"embeddable":true,"href":"https:\/\/www.blogdomassinha.com.br\/v1\/wp-json\/wp\/v2\/comments?post=56343"}],"version-history":[{"count":2,"href":"https:\/\/www.blogdomassinha.com.br\/v1\/wp-json\/wp\/v2\/posts\/56343\/revisions"}],"predecessor-version":[{"id":56346,"href":"https:\/\/www.blogdomassinha.com.br\/v1\/wp-json\/wp\/v2\/posts\/56343\/revisions\/56346"}],"wp:featuredmedia":[{"embeddable":true,"href":"https:\/\/www.blogdomassinha.com.br\/v1\/wp-json\/wp\/v2\/media\/56344"}],"wp:attachment":[{"href":"https:\/\/www.blogdomassinha.com.br\/v1\/wp-json\/wp\/v2\/media?parent=56343"}],"wp:term":[{"taxonomy":"category","embeddable":true,"href":"https:\/\/www.blogdomassinha.com.br\/v1\/wp-json\/wp\/v2\/categories?post=56343"},{"taxonomy":"post_tag","embeddable":true,"href":"https:\/\/www.blogdomassinha.com.br\/v1\/wp-json\/wp\/v2\/tags?post=56343"}],"curies":[{"name":"wp","href":"https:\/\/api.w.org\/{rel}","templated":true}]}}