{"id":56340,"date":"2026-04-29T01:44:47","date_gmt":"2026-04-29T04:44:47","guid":{"rendered":"https:\/\/www.blogdomassinha.com.br\/v1\/?p=56340"},"modified":"2026-04-29T01:53:30","modified_gmt":"2026-04-29T04:53:30","slug":"as-autoridades-devem-ser-respeitadas-assim-como-os-nossos-pais-e-professores-para-que-sirvam-de-exemplo-para-os-nossos-jovens-e-mas-lula-e-bolsonaro-deram-um-pessimo-exemplo-nas-eleicoes-de-2022","status":"publish","type":"post","link":"https:\/\/www.blogdomassinha.com.br\/v1\/2026\/04\/29\/as-autoridades-devem-ser-respeitadas-assim-como-os-nossos-pais-e-professores-para-que-sirvam-de-exemplo-para-os-nossos-jovens-e-mas-lula-e-bolsonaro-deram-um-pessimo-exemplo-nas-eleicoes-de-2022\/","title":{"rendered":"As autoridades devem ser respeitadas, assim como os nossos pais e professores, para que sirvam de exemplo para os nossos jovens. \u00c9, mas Lula e Bolsonaro deram um p\u00e9ssimo exemplo nas elei\u00e7\u00f5es de 2022."},"content":{"rendered":"<p class=\"p2\"><span class=\"s1\"><img loading=\"lazy\" class=\"alignright size-medium wp-image-56341\" src=\"https:\/\/www.blogdomassinha.com.br\/v1\/wp-content\/uploads\/2026\/04\/IMG_6775-300x173.jpeg\" alt=\"\" width=\"300\" height=\"173\" srcset=\"https:\/\/www.blogdomassinha.com.br\/v1\/wp-content\/uploads\/2026\/04\/IMG_6775-300x173.jpeg 300w, https:\/\/www.blogdomassinha.com.br\/v1\/wp-content\/uploads\/2026\/04\/IMG_6775.jpeg 600w\" sizes=\"(max-width: 300px) 100vw, 300px\" \/><br \/>\nEu fui criado, e tenho certeza de que a grande maioria dos nossos leitores, n\u00e3o importa a idade, mas principalmente daqueles que nasceram de tr\u00eas d\u00e9cadas para tr\u00e1s, tamb\u00e9m. Todos n\u00f3s fomos criados com uma educa\u00e7\u00e3o que nos impunha respeito a todos aqueles que entend\u00edamos que estavam \u00e0 nossa frente na idade, na posi\u00e7\u00e3o diante de uma comunidade, de uma sociedade: os professores, os nossos pais, as autoridades.<\/span><\/p>\n<p class=\"p2\"><span class=\"s1\">Todos n\u00f3s sab\u00edamos que t\u00ednhamos que respeitar. \u00c9 uma quest\u00e3o de cultura, da qual eu n\u00e3o me arrependo. N\u00e3o se trata de saudosismo, mas \u00e9 mesmo de falta de conex\u00e3o com a realidade, porque hoje tudo banalizou, e n\u00f3s vemos um pa\u00eds completamente equivocado, com uma juventude que inverteu todos os processos.<\/span><\/p>\n<p class=\"p2\"><span class=\"s1\">Eu me lembro muito bem, voc\u00ea sabe, caro leitor, do que eu estou falando: a gente sentava \u00e0 mesa e, respeitosamente, aguardava que os nossos pais dessem a primeira colherada. N\u00f3s n\u00e3o sent\u00e1vamos \u00e0 mesa sem camisa, n\u00e3o faz\u00edamos absolutamente nada ao sentar no almo\u00e7o de domingo, no jantar, no caf\u00e9 da manh\u00e3, sem que antes esper\u00e1ssemos que os nossos pais entoassem uma ora\u00e7\u00e3o. Era assim.<\/span><\/p>\n<p class=\"p2\"><span class=\"s1\">S\u00f3 que hoje tudo inverteu. O filho \u00e9 que d\u00e1 ordem nos pais, acham que s\u00e3o capazes de tudo, inclusive fazer com que os pais calem a boca. N\u00f3s sabemos disso. Os pais perderam o controle.<\/span><!--more--><\/p>\n<p class=\"p2\"><span class=\"s1\">Mas o que dizer, meus amigos, dessa invers\u00e3o de valores, quando vimos, estarrecidos, boquiabertos, em frente \u00e0 televis\u00e3o, nos canais de r\u00e1dio, assistimos aterrorizados, tristes, vendo os nossos dois candidatos \u00e0 Presid\u00eancia da Rep\u00fablica, o atual presidente Lula e, \u00e0 \u00e9poca, o ex-presidente Jair Bolsonaro, degladiando-se? Mas n\u00e3o era um embate filos\u00f3fico, de conhecimento.<\/span><\/p>\n<p class=\"p2\"><span class=\"s1\">Eram agress\u00f5es verbais, um xingando o outro de ladr\u00e3o, numa verdadeira falta de respeito com os eleitores, com os brasileiros. E, lamentavelmente, ficou esse p\u00e9ssimo exemplo para os nossos jovens, que entendem: se eles fazem isso, por que n\u00f3s n\u00e3o far\u00edamos o mesmo? Que tristeza. Estamos chegando a uma pr\u00f3xima elei\u00e7\u00e3o.<\/span><\/p>\n<p class=\"p2\"><span class=\"s1\">Esperamos que os dois pr\u00f3ximos candidatos \u00e0 Presid\u00eancia da Rep\u00fablica se contenham mais e busquem o conte\u00fado republicano e respeitoso.<\/span><\/p>\n","protected":false},"excerpt":{"rendered":"<p>Eu fui criado, e tenho certeza de que a grande maioria dos nossos leitores, n\u00e3o importa a idade, mas principalmente daqueles que nasceram de tr\u00eas d\u00e9cadas para tr\u00e1s, tamb\u00e9m. Todos n\u00f3s fomos criados com uma educa\u00e7\u00e3o que nos impunha respeito a todos aqueles que entend\u00edamos que estavam \u00e0 nossa frente na idade, na posi\u00e7\u00e3o diante [&hellip;]<\/p>\n","protected":false},"author":3,"featured_media":56341,"comment_status":"open","ping_status":"open","sticky":false,"template":"","format":"standard","meta":[],"categories":[7,2],"tags":[],"_links":{"self":[{"href":"https:\/\/www.blogdomassinha.com.br\/v1\/wp-json\/wp\/v2\/posts\/56340"}],"collection":[{"href":"https:\/\/www.blogdomassinha.com.br\/v1\/wp-json\/wp\/v2\/posts"}],"about":[{"href":"https:\/\/www.blogdomassinha.com.br\/v1\/wp-json\/wp\/v2\/types\/post"}],"author":[{"embeddable":true,"href":"https:\/\/www.blogdomassinha.com.br\/v1\/wp-json\/wp\/v2\/users\/3"}],"replies":[{"embeddable":true,"href":"https:\/\/www.blogdomassinha.com.br\/v1\/wp-json\/wp\/v2\/comments?post=56340"}],"version-history":[{"count":1,"href":"https:\/\/www.blogdomassinha.com.br\/v1\/wp-json\/wp\/v2\/posts\/56340\/revisions"}],"predecessor-version":[{"id":56342,"href":"https:\/\/www.blogdomassinha.com.br\/v1\/wp-json\/wp\/v2\/posts\/56340\/revisions\/56342"}],"wp:featuredmedia":[{"embeddable":true,"href":"https:\/\/www.blogdomassinha.com.br\/v1\/wp-json\/wp\/v2\/media\/56341"}],"wp:attachment":[{"href":"https:\/\/www.blogdomassinha.com.br\/v1\/wp-json\/wp\/v2\/media?parent=56340"}],"wp:term":[{"taxonomy":"category","embeddable":true,"href":"https:\/\/www.blogdomassinha.com.br\/v1\/wp-json\/wp\/v2\/categories?post=56340"},{"taxonomy":"post_tag","embeddable":true,"href":"https:\/\/www.blogdomassinha.com.br\/v1\/wp-json\/wp\/v2\/tags?post=56340"}],"curies":[{"name":"wp","href":"https:\/\/api.w.org\/{rel}","templated":true}]}}