{"id":56337,"date":"2026-04-29T01:18:02","date_gmt":"2026-04-29T04:18:02","guid":{"rendered":"https:\/\/www.blogdomassinha.com.br\/v1\/?p=56337"},"modified":"2026-04-29T01:18:02","modified_gmt":"2026-04-29T04:18:02","slug":"projeto-conquistar-mostra-que-a-juventude-quer-sim-vencer-102-alunos-em-sala-de-aula-numa-noite-de-terca-feira-em-vitoria-da-conquista","status":"publish","type":"post","link":"https:\/\/www.blogdomassinha.com.br\/v1\/2026\/04\/29\/projeto-conquistar-mostra-que-a-juventude-quer-sim-vencer-102-alunos-em-sala-de-aula-numa-noite-de-terca-feira-em-vitoria-da-conquista\/","title":{"rendered":"Projeto Conquistar mostra que a juventude quer, sim, vencer: 102 alunos em sala de aula numa noite de ter\u00e7a-feira em Vit\u00f3ria da Conquista."},"content":{"rendered":"<p class=\"p2\"><span class=\"s1\"><img loading=\"lazy\" class=\"size-medium wp-image-56338 alignleft\" src=\"https:\/\/www.blogdomassinha.com.br\/v1\/wp-content\/uploads\/2026\/04\/e53c3ba6-3cc8-42c3-a582-a7fa1964bbd0-300x169.jpeg\" alt=\"\" width=\"300\" height=\"169\" srcset=\"https:\/\/www.blogdomassinha.com.br\/v1\/wp-content\/uploads\/2026\/04\/e53c3ba6-3cc8-42c3-a582-a7fa1964bbd0-300x169.jpeg 300w, https:\/\/www.blogdomassinha.com.br\/v1\/wp-content\/uploads\/2026\/04\/e53c3ba6-3cc8-42c3-a582-a7fa1964bbd0.jpeg 600w\" sizes=\"(max-width: 300px) 100vw, 300px\" \/><br \/>\nComo ousam afirmar que a juventude n\u00e3o quer nada? Em plena ter\u00e7a-feira \u00e0 noite, mais de uma centena de jovens reunidos em sala de aula, no cursinho Z\u00eanite, buscando conhecimento, oportunidade e um futuro melhor. Essa \u00e9 a realidade que vimos de perto e que desmonta qualquer discurso negativo sobre a nossa juventude.<\/span><\/p>\n<p class=\"p2\"><span class=\"s1\">Durante muito tempo se repetiu a frase de que \u201co Brasil \u00e9 o pa\u00eds do futuro\u201d. Mas talvez seja mais justo dizer que o pa\u00eds \u00e9 o futuro do presente, porque \u00e9 agora que esses jovens est\u00e3o se preparando, estudando, abrindo m\u00e3o do lazer e do descanso para construir uma nova hist\u00f3ria para suas vidas.<\/span><\/p>\n<p class=\"p2\"><span class=\"s1\">O Projeto Conquistar nasce exatamente dessa compreens\u00e3o. Idealizado e conduzido pelo jovem Luizinho, um ex-estudante da escola p\u00fablica, formado tamb\u00e9m em universidade p\u00fablica, o projeto \u00e9 resultado de iniciativa, coragem e vontade de transformar realidades. Ele n\u00e3o esperou que as oportunidades aparecessem, foi atr\u00e1s, articulou, mobilizou e fez acontecer.<\/span><\/p>\n<p class=\"p2\"><span class=\"s1\">Com o apoio da Secretaria de Desenvolvimento Econ\u00f4mico e da prefeita Sheila Lemos, o projeto ganhou corpo e passou a contar com parcerias importantes da iniciativa privada. A Faculdade Uninassau abre suas portas aos finais de semana, no Boulevard Shopping, para receber esses estudantes, enquanto o cursinho Z\u00eanite oferece suporte pedag\u00f3gico gratuito, garantindo acesso ao conte\u00fado necess\u00e1rio para quem sonha com a universidade.<\/span><!--more--><\/p>\n<p class=\"p2\"><span class=\"s1\">E os resultados j\u00e1 come\u00e7aram a aparecer. Na primeira edi\u00e7\u00e3o, mais de 80 alunos conquistaram aprova\u00e7\u00e3o em universidades p\u00fablicas, fruto de esfor\u00e7o, disciplina e dedica\u00e7\u00e3o. Jovens que abriram m\u00e3o de momentos com a fam\u00edlia, que vieram da periferia e da zona rural, mas que decidiram acreditar no pr\u00f3prio potencial.<\/span><\/p>\n<p class=\"p2\"><span class=\"s1\">Agora, em 2026, o projeto cresce ainda mais. J\u00e1 s\u00e3o mais de 300 inscritos, todos com o mesmo objetivo: conquistar uma vaga no ensino superior e mudar suas trajet\u00f3rias. Eles sabem que a disputa \u00e9 dif\u00edcil, que concorrem com quem teve mais oportunidades, mas isso n\u00e3o os impede de seguir em frente.<\/span><\/p>\n<p class=\"p2\"><span class=\"s1\">O que vimos n\u00e3o foi apenas uma sala cheia. Foi esperan\u00e7a. Foi determina\u00e7\u00e3o. Foi a prova de que, quando existe oportunidade, a juventude responde. E responde com trabalho, com esfor\u00e7o e com vontade de vencer.<\/span><\/p>\n<p class=\"p2\"><span class=\"s1\">Luizinho, parab\u00e9ns pela iniciativa. Parab\u00e9ns \u00e0 gest\u00e3o municipal por apoiar um projeto que transforma vidas. E parab\u00e9ns, principalmente, a esses jovens, que mostram todos os dias que o futuro n\u00e3o \u00e9 promessa, \u00e9 constru\u00e7\u00e3o.<\/span><\/p>\n","protected":false},"excerpt":{"rendered":"<p>Como ousam afirmar que a juventude n\u00e3o quer nada? Em plena ter\u00e7a-feira \u00e0 noite, mais de uma centena de jovens reunidos em sala de aula, no cursinho Z\u00eanite, buscando conhecimento, oportunidade e um futuro melhor. Essa \u00e9 a realidade que vimos de perto e que desmonta qualquer discurso negativo sobre a nossa juventude. Durante muito [&hellip;]<\/p>\n","protected":false},"author":3,"featured_media":56338,"comment_status":"open","ping_status":"open","sticky":false,"template":"","format":"standard","meta":[],"categories":[7,1],"tags":[],"_links":{"self":[{"href":"https:\/\/www.blogdomassinha.com.br\/v1\/wp-json\/wp\/v2\/posts\/56337"}],"collection":[{"href":"https:\/\/www.blogdomassinha.com.br\/v1\/wp-json\/wp\/v2\/posts"}],"about":[{"href":"https:\/\/www.blogdomassinha.com.br\/v1\/wp-json\/wp\/v2\/types\/post"}],"author":[{"embeddable":true,"href":"https:\/\/www.blogdomassinha.com.br\/v1\/wp-json\/wp\/v2\/users\/3"}],"replies":[{"embeddable":true,"href":"https:\/\/www.blogdomassinha.com.br\/v1\/wp-json\/wp\/v2\/comments?post=56337"}],"version-history":[{"count":1,"href":"https:\/\/www.blogdomassinha.com.br\/v1\/wp-json\/wp\/v2\/posts\/56337\/revisions"}],"predecessor-version":[{"id":56339,"href":"https:\/\/www.blogdomassinha.com.br\/v1\/wp-json\/wp\/v2\/posts\/56337\/revisions\/56339"}],"wp:featuredmedia":[{"embeddable":true,"href":"https:\/\/www.blogdomassinha.com.br\/v1\/wp-json\/wp\/v2\/media\/56338"}],"wp:attachment":[{"href":"https:\/\/www.blogdomassinha.com.br\/v1\/wp-json\/wp\/v2\/media?parent=56337"}],"wp:term":[{"taxonomy":"category","embeddable":true,"href":"https:\/\/www.blogdomassinha.com.br\/v1\/wp-json\/wp\/v2\/categories?post=56337"},{"taxonomy":"post_tag","embeddable":true,"href":"https:\/\/www.blogdomassinha.com.br\/v1\/wp-json\/wp\/v2\/tags?post=56337"}],"curies":[{"name":"wp","href":"https:\/\/api.w.org\/{rel}","templated":true}]}}