{"id":56334,"date":"2026-04-28T20:04:28","date_gmt":"2026-04-28T23:04:28","guid":{"rendered":"https:\/\/www.blogdomassinha.com.br\/v1\/?p=56334"},"modified":"2026-04-28T20:04:28","modified_gmt":"2026-04-28T23:04:28","slug":"leo-prates-reforca-presenca-politica-e-atuacao-em-vitoria-da-conquista-e-em-salvador","status":"publish","type":"post","link":"https:\/\/www.blogdomassinha.com.br\/v1\/2026\/04\/28\/leo-prates-reforca-presenca-politica-e-atuacao-em-vitoria-da-conquista-e-em-salvador\/","title":{"rendered":"L\u00e9o Prates refor\u00e7a presen\u00e7a pol\u00edtica e atua\u00e7\u00e3o em Vit\u00f3ria da Conquista e em Salvador."},"content":{"rendered":"<p class=\"p1\"><span class=\"s1\"><img loading=\"lazy\" class=\"alignright size-medium wp-image-56335\" src=\"https:\/\/www.blogdomassinha.com.br\/v1\/wp-content\/uploads\/2026\/04\/1b58971b-972a-426f-8ec4-a60eab38a9db-300x240.jpeg\" alt=\"\" width=\"300\" height=\"240\" srcset=\"https:\/\/www.blogdomassinha.com.br\/v1\/wp-content\/uploads\/2026\/04\/1b58971b-972a-426f-8ec4-a60eab38a9db-300x240.jpeg 300w, https:\/\/www.blogdomassinha.com.br\/v1\/wp-content\/uploads\/2026\/04\/1b58971b-972a-426f-8ec4-a60eab38a9db.jpeg 600w\" sizes=\"(max-width: 300px) 100vw, 300px\" \/><br \/>\nQuem acompanha o notici\u00e1rio pol\u00edtico em Vit\u00f3ria da Conquista, e tamb\u00e9m em todo o estado da Bahia, sabe que existe uma queixa recorrente da popula\u00e7\u00e3o: a aus\u00eancia de muitos parlamentares nas suas bases eleitorais. N\u00e3o s\u00e3o poucos os casos de deputados que aparecem apenas em per\u00edodos eleitorais, pedem votos e, depois, desaparecem, deixando a sensa\u00e7\u00e3o de distanciamento e falta de compromisso.<\/span><\/p>\n<p class=\"p1\"><span class=\"s1\">Essa realidade, infelizmente, n\u00e3o \u00e9 exclusiva da nossa cidade. \u00c9 algo que se repete em v\u00e1rias regi\u00f5es do pa\u00eds. Tanto que surgiu, no senso popular, a express\u00e3o \u201cdeputado Copa do Mundo\u201d, aquele que s\u00f3 aparece de quatro em quatro anos. Uma cr\u00edtica dura, mas que reflete o sentimento de parte significativa da popula\u00e7\u00e3o.<\/span><\/p>\n<p class=\"p1\"><span class=\"s1\">Dentro desse cen\u00e1rio, h\u00e1 tamb\u00e9m aqueles que buscam fazer diferente, mantendo presen\u00e7a constante e apresentando resultados concretos. \u00c9 nesse contexto que se insere o deputado L\u00e9o Prates. Embora n\u00e3o tenha nascido em Vit\u00f3ria da Conquista, tem la\u00e7os familiares profundos com a cidade, onde passou parte da inf\u00e2ncia e juventude, construindo uma rela\u00e7\u00e3o que hoje se reflete na sua atua\u00e7\u00e3o pol\u00edtica.<\/span><\/p>\n<p class=\"p1\"><span class=\"s1\">L\u00e9o tem procurado consolidar essa presen\u00e7a, n\u00e3o apenas com visitas, mas com a\u00e7\u00f5es efetivas. Emendas parlamentares destinadas ao munic\u00edpio, parcerias institucionais e uma aten\u00e7\u00e3o especial \u00e0s comunidades mais carentes fazem parte de uma atua\u00e7\u00e3o que busca dar retorno aos votos recebidos.<\/span><\/p>\n<p class=\"p1\"><span class=\"s1\">Ao mesmo tempo, o parlamentar mant\u00e9m forte atua\u00e7\u00e3o em Salvador, onde possui uma base eleitoral expressiva e onde tamb\u00e9m desenvolve seu trabalho legislativo. Essa conex\u00e3o entre capital e interior fortalece sua presen\u00e7a pol\u00edtica e amplia seu campo de atua\u00e7\u00e3o.<\/span><!--more--><\/p>\n<p class=\"p1\"><span class=\"s1\">O que se observa \u00e9 a import\u00e2ncia de manter proximidade entre o representante e a popula\u00e7\u00e3o. Quando o parlamentar acompanha de perto as demandas locais, aumenta a possibilidade de que essas necessidades sejam transformadas em a\u00e7\u00f5es concretas.<\/span><\/p>\n<p class=\"p1\"><span class=\"s1\">Fica, portanto, a reflex\u00e3o: a rela\u00e7\u00e3o entre eleitor e representante n\u00e3o pode se encerrar nas urnas. Ela precisa ser cont\u00ednua, acompanhada e cobrada. E, nesse sentido, exemplos de presen\u00e7a e atua\u00e7\u00e3o ganham destaque dentro do cen\u00e1rio pol\u00edtico atual.<\/span><\/p>\n<p class=\"p1\"><span class=\"s1\">Acompanhe a mat\u00e9ria completa e entenda melhor a import\u00e2ncia dessa proximidade para o desenvolvimento de Vit\u00f3ria da Conquista e de toda a regi\u00e3o:<\/span><\/p>\n<p class=\"p1\"><strong><span class=\"s1\">Leo Prates re\u00fane lideran\u00e7as e projeta novos avan\u00e7os para pol\u00edticas de inclus\u00e3o em Salvador<\/span><\/strong><\/p>\n<p class=\"p1\"><span class=\"s1\">Na noite desta segunda-feira (27), o deputado federal Leo Prates realizou, em Salvador, o Encontro do Movimento Leo Social, consolidando o espa\u00e7o como um ponto de escuta ativa, articula\u00e7\u00e3o e constru\u00e7\u00e3o de solu\u00e7\u00f5es voltadas \u00e0 inclus\u00e3o e ao fortalecimento das pol\u00edticas p\u00fablicas.<\/span><\/p>\n<p class=\"p1\"><span class=\"s1\">O evento reuniu gestores p\u00fablicos, representantes da sociedade civil e lideran\u00e7as que atuam diretamente na promo\u00e7\u00e3o de direitos, com foco em discutir caminhos concretos para ampliar o impacto das a\u00e7\u00f5es sociais na vida das pessoas. A iniciativa marca o compromisso do parlamentar em avan\u00e7ar ainda mais na constru\u00e7\u00e3o de pol\u00edticas que saiam do papel e se traduzam em resultados reais.<\/span><\/p>\n<p class=\"p1\"><span class=\"s1\">Essa atua\u00e7\u00e3o \u00e9 sustentada por uma trajet\u00f3ria voltada \u00e0 entregas concretas. Ao longo de sua vida p\u00fablica, Leo Prates tem transformado a pauta da inclus\u00e3o em pol\u00edticas efetivas. Como vereador e presidente da C\u00e2mara Municipal de Salvador, foi respons\u00e1vel por iniciativas como o programa Para Praia, que garantiu acessibilidade \u00e0s praias da cidade; a cria\u00e7\u00e3o do Dia Municipal da Pessoa com Defici\u00eancia (21 de setembro); a prioridade no atendimento para pessoas com defici\u00eancia; e a defesa da acessibilidade na Lei de Ordenamento do Uso e da Ocupa\u00e7\u00e3o do Solo (LOUOS).<\/span><\/p>\n<p class=\"p1\"><span class=\"s1\">Na \u00e1rea da assist\u00eancia social, os avan\u00e7os tamb\u00e9m s\u00e3o estruturantes. Entre eles, a cria\u00e7\u00e3o da primeira UPCD, a implanta\u00e7\u00e3o da Lei do SUAS em Salvador e a amplia\u00e7\u00e3o da rede de prote\u00e7\u00e3o social. Sua gest\u00e3o tamb\u00e9m viabilizou benef\u00edcios como aux\u00edlio aluguel e funeral, realizou o primeiro concurso p\u00fablico da assist\u00eancia social, implantou o programa Sempre Cidad\u00e3o, requalificou mais de 30 CRAS e criou unidades de acolhimento (incluindo espa\u00e7os que permitem a perman\u00eancia com pets). Al\u00e9m disso, fortaleceu a seguran\u00e7a alimentar, implantou o NUAR para a popula\u00e7\u00e3o em situa\u00e7\u00e3o de rua, lan\u00e7ou o Conselho Municipal de Direitos Humanos e destinou investimentos para mais de 200 institui\u00e7\u00f5es sociais por meio do programa Sempre Melhor.<\/span><\/p>\n<p class=\"p1\"><span class=\"s1\">Durante o encontro, o deputado refor\u00e7ou que o desafio agora \u00e9 ampliar esse alcance, mantendo o foco na escuta e na constru\u00e7\u00e3o coletiva. \u201cNosso compromisso \u00e9 fazer a inclus\u00e3o acontecer de verdade, na vida das pessoas. N\u00e3o basta criar pol\u00edtica p\u00fablica, \u00e9 preciso garantir que ela funcione, que chegue a quem precisa e que transforme realidades. A gente s\u00f3 avan\u00e7a quando escuta, quando constr\u00f3i junto e quando entende que por tr\u00e1s de cada a\u00e7\u00e3o existe uma hist\u00f3ria que precisa ser respeitada.\u201d<\/span><\/p>\n<p class=\"p1\"><span class=\"s1\">O evento contou com a participa\u00e7\u00e3o de Paula Pitanga, diretora-presidente da SSA Inclus\u00e3o; Igor Dominguez, pr\u00e9-candidato a deputado estadual e ex-secret\u00e1rio particular do prefeito de Salvador; Lucas Gon\u00e7alves, presidente do Conselho Municipal de Assist\u00eancia Social; J\u00fanior Magalh\u00e3es, secret\u00e1rio de Promo\u00e7\u00e3o Social, Combate \u00e0 Pobreza, Esportes e Lazer de Salvador; e Ros\u00e1rio Magalh\u00e3es, ex-presidente do Parque Social. Juntos, eles contribu\u00edram para o debate e para o fortalecimento de uma rede que segue em constru\u00e7\u00e3o permanente.<\/span><\/p>\n","protected":false},"excerpt":{"rendered":"<p>Quem acompanha o notici\u00e1rio pol\u00edtico em Vit\u00f3ria da Conquista, e tamb\u00e9m em todo o estado da Bahia, sabe que existe uma queixa recorrente da popula\u00e7\u00e3o: a aus\u00eancia de muitos parlamentares nas suas bases eleitorais. N\u00e3o s\u00e3o poucos os casos de deputados que aparecem apenas em per\u00edodos eleitorais, pedem votos e, depois, desaparecem, deixando a sensa\u00e7\u00e3o [&hellip;]<\/p>\n","protected":false},"author":3,"featured_media":56335,"comment_status":"open","ping_status":"open","sticky":false,"template":"","format":"standard","meta":[],"categories":[7,2],"tags":[],"_links":{"self":[{"href":"https:\/\/www.blogdomassinha.com.br\/v1\/wp-json\/wp\/v2\/posts\/56334"}],"collection":[{"href":"https:\/\/www.blogdomassinha.com.br\/v1\/wp-json\/wp\/v2\/posts"}],"about":[{"href":"https:\/\/www.blogdomassinha.com.br\/v1\/wp-json\/wp\/v2\/types\/post"}],"author":[{"embeddable":true,"href":"https:\/\/www.blogdomassinha.com.br\/v1\/wp-json\/wp\/v2\/users\/3"}],"replies":[{"embeddable":true,"href":"https:\/\/www.blogdomassinha.com.br\/v1\/wp-json\/wp\/v2\/comments?post=56334"}],"version-history":[{"count":1,"href":"https:\/\/www.blogdomassinha.com.br\/v1\/wp-json\/wp\/v2\/posts\/56334\/revisions"}],"predecessor-version":[{"id":56336,"href":"https:\/\/www.blogdomassinha.com.br\/v1\/wp-json\/wp\/v2\/posts\/56334\/revisions\/56336"}],"wp:featuredmedia":[{"embeddable":true,"href":"https:\/\/www.blogdomassinha.com.br\/v1\/wp-json\/wp\/v2\/media\/56335"}],"wp:attachment":[{"href":"https:\/\/www.blogdomassinha.com.br\/v1\/wp-json\/wp\/v2\/media?parent=56334"}],"wp:term":[{"taxonomy":"category","embeddable":true,"href":"https:\/\/www.blogdomassinha.com.br\/v1\/wp-json\/wp\/v2\/categories?post=56334"},{"taxonomy":"post_tag","embeddable":true,"href":"https:\/\/www.blogdomassinha.com.br\/v1\/wp-json\/wp\/v2\/tags?post=56334"}],"curies":[{"name":"wp","href":"https:\/\/api.w.org\/{rel}","templated":true}]}}