{"id":56330,"date":"2026-04-28T19:55:07","date_gmt":"2026-04-28T22:55:07","guid":{"rendered":"https:\/\/www.blogdomassinha.com.br\/v1\/?p=56330"},"modified":"2026-04-28T19:55:07","modified_gmt":"2026-04-28T22:55:07","slug":"daniel-thame-celebra-50-anos-de-comunicacao-e-eterniza-sua-historia-em-livro","status":"publish","type":"post","link":"https:\/\/www.blogdomassinha.com.br\/v1\/2026\/04\/28\/daniel-thame-celebra-50-anos-de-comunicacao-e-eterniza-sua-historia-em-livro\/","title":{"rendered":"Daniel Thame celebra 50 anos de comunica\u00e7\u00e3o e eterniza sua hist\u00f3ria em livro"},"content":{"rendered":"<p class=\"p2\"><span class=\"s1\"><img loading=\"lazy\" class=\"size-medium wp-image-56331 alignleft\" src=\"https:\/\/www.blogdomassinha.com.br\/v1\/wp-content\/uploads\/2026\/04\/075dc547-63b1-4ea1-a451-f9ee0ed805d5-205x300.jpeg\" alt=\"\" width=\"205\" height=\"300\" srcset=\"https:\/\/www.blogdomassinha.com.br\/v1\/wp-content\/uploads\/2026\/04\/075dc547-63b1-4ea1-a451-f9ee0ed805d5-205x300.jpeg 205w, https:\/\/www.blogdomassinha.com.br\/v1\/wp-content\/uploads\/2026\/04\/075dc547-63b1-4ea1-a451-f9ee0ed805d5.jpeg 342w\" sizes=\"(max-width: 205px) 100vw, 205px\" \/><br \/>\nFalar de amizade e de trajet\u00f3ria \u00e9 sempre algo que toca o cora\u00e7\u00e3o. Eu conhe\u00e7o Daniel, essa figura extraordin\u00e1ria, jornalista, comunicador, idealista, h\u00e1 muitos anos. Nossa rela\u00e7\u00e3o vem desde 1994, quando estive em Ilh\u00e9us e Itabuna, em um per\u00edodo muito especial da minha vida, quando implementamos a marca Massicas naquela regi\u00e3o, promovendo eventos culturais e musicais que marcaram \u00e9poca.<\/span><\/p>\n<p class=\"p2\"><span class=\"s1\">Foi um tempo de muito aprendizado, de muita alegria e, acima de tudo, de constru\u00e7\u00e3o de amizades verdadeiras. E entre essas amizades est\u00e1 Daniel, por quem nutro admira\u00e7\u00e3o e respeito. Um profissional s\u00e9rio, comprometido, que fez da comunica\u00e7\u00e3o n\u00e3o apenas uma profiss\u00e3o, mas um verdadeiro prop\u00f3sito de vida.<\/span><\/p>\n<p class=\"p2\"><span class=\"s1\">Agora, ele celebra uma marca impressionante: 50 anos de atua\u00e7\u00e3o na comunica\u00e7\u00e3o, com uma trajet\u00f3ria consolidada principalmente no eixo sul da Bahia, mas que tamb\u00e9m se estendeu a outras regi\u00f5es do pa\u00eds, como S\u00e3o Paulo, ampliando ainda mais sua experi\u00eancia e vis\u00e3o de mundo.<\/span><\/p>\n<p class=\"p2\"><span class=\"s1\">E, para coroar essa caminhada, Daniel lan\u00e7a o seu livro, com um t\u00edtulo que por si s\u00f3 j\u00e1 revela sensibilidade e profundidade: <\/span><span class=\"s2\">\u201c<\/span><span class=\"s1\">Mem\u00f3rias P\u00f3stumas de um Jornalista Vivo<\/span><span class=\"s2\">\u201d<\/span><span class=\"s1\">. Uma obra que certamente carrega hist\u00f3rias, reflex\u00f5es e viv\u00eancias de quem acompanhou de perto as transforma\u00e7\u00f5es da comunica\u00e7\u00e3o ao longo das d\u00e9cadas.<\/span><!--more--><\/p>\n<p class=\"p2\"><span class=\"s1\">Fica aqui o registro e o convite aos nossos leitores, n\u00e3o apenas de Vit\u00f3ria da Conquista, mas de toda a regi\u00e3o sul do estado, para conhecer esse trabalho. \u00c9 uma forma de valorizar quem dedicou a vida a informar, a comunicar e a construir pontes atrav\u00e9s da palavra.<\/span><\/p>\n<p class=\"p2\"><span class=\"s1\">Daniel, receba o meu abra\u00e7o, o meu carinho e o meu reconhecimento. Parab\u00e9ns pela trajet\u00f3ria, pela hist\u00f3ria constru\u00edda e por esse novo cap\u00edtulo que voc\u00ea compartilha com todos n\u00f3s. Sucesso sempre, meu amigo.<\/span><\/p>\n<p class=\"p2\"><span class=\"s1\">Saiba mais:<\/span><\/p>\n<p><img loading=\"lazy\" class=\"alignright size-medium wp-image-56332\" src=\"https:\/\/www.blogdomassinha.com.br\/v1\/wp-content\/uploads\/2026\/04\/39e7886c-da1b-4466-ad3d-0e6386139977-225x300.jpeg\" alt=\"\" width=\"225\" height=\"300\" srcset=\"https:\/\/www.blogdomassinha.com.br\/v1\/wp-content\/uploads\/2026\/04\/39e7886c-da1b-4466-ad3d-0e6386139977-225x300.jpeg 225w, https:\/\/www.blogdomassinha.com.br\/v1\/wp-content\/uploads\/2026\/04\/39e7886c-da1b-4466-ad3d-0e6386139977.jpeg 375w\" sizes=\"(max-width: 225px) 100vw, 225px\" \/><\/p>\n<p class=\"p2\"><span class=\"s1\">Daniel Thame celebra 50 anos de comunica\u00e7\u00e3o e lan\u00e7a \u201cMem\u00f3rias P\u00f3stumas de um Jornalista Vivo\u201d<\/span><\/p>\n<p class=\"p2\"><span class=\"s1\">O jornalista Daniel Thame lan\u00e7a o livro \u201cMem\u00f3rias P\u00f3stumas de um Jornalista Vivo\u201d (Editora Via Litterarum), obra que marca seus 50 anos de atua\u00e7\u00e3o na comunica\u00e7\u00e3o. Paulista, radicado no Sul da Bahia desde 1987, ele re\u00fane experi\u00eancias no jornalismo impresso, r\u00e1dio, televis\u00e3o, internet e marketing pol\u00edtico.<\/span><\/p>\n<p class=\"p2\"><span class=\"s1\">No livro, Thame revisita momentos marcantes da carreira em ve\u00edculos como os jornais A Regi\u00e3o (Osasco-SP e Itabuna-BA) e Di\u00e1rio de Osasco, al\u00e9m das r\u00e1dios Difusora Oeste (Osasco), Difusora e Clube (Itabuna), e da TV Cabr\u00e1lia. A narrativa combina leveza, humor e ironia \u2014 caracter\u00edsticas que marcam o estilo do autor.<\/span><\/p>\n<p class=\"p2\"><span class=\"s1\">A obra re\u00fane cr\u00f4nicas e reportagens produzidas ao longo de cinco d\u00e9cadas, incluindo coberturas internacionais na It\u00e1lia, Cuba e Fran\u00e7a, participa\u00e7\u00e3o em campanhas pol\u00edticas e relatos de epis\u00f3dios que ajudam a contar a hist\u00f3ria da chamada Civiliza\u00e7\u00e3o Cacaueira do Sul da Bahia.<\/span><\/p>\n<p class=\"p2\"><span class=\"s1\">Entre as hist\u00f3rias, h\u00e1 epis\u00f3dios bem-humorados e situa\u00e7\u00f5es inusitadas vividas em cidades como Paris, Mil\u00e3o e Havana, al\u00e9m de acontecimentos marcantes em Itabuna, Ilh\u00e9us e Osasco, como a fraude no vestibular da Universidade Estadual de Santa Cruz (Uesc), casos envolvendo o INSS e a chegada da vassoura-de-bruxa \u00e0 regi\u00e3o.<\/span><\/p>\n<p class=\"p2\"><span class=\"s1\">\u201cEssas mem\u00f3rias n\u00e3o s\u00e3o uma obra acad\u00eamica, mas um di\u00e1rio de uma jornada fascinante no jornalismo. Elas revelam o prazer pela reportagem, pelo contato com as pessoas e pela busca de boas hist\u00f3rias, com um olhar moldado pela vida de mochileiro na juventude e pelo compromisso com causas sociais e com essa regi\u00e3o que me transformou em um leg\u00edtimo grapi\u00fana\u201d, afirma o autor. Com apresenta\u00e7\u00e3o de Ernesto Marques e pref\u00e1cio de Nestor Amazonas, o livro refor\u00e7a o v\u00ednculo de Thame com o Sul da Bahia e sua trajet\u00f3ria no jornalismo regional.<\/span><\/p>\n<p class=\"p2\"><span class=\"s1\">Articulador regional de Comunica\u00e7\u00e3o do Governo da Bahia desde 2006, diretor do Sindicato dos Jornalistas Profissionais da Bahia (Sinjorba), Daniel Thame tamb\u00e9m \u00e9 autor de obras como \u201cVassoura\u201d, que retrata os impactos da praga da vassoura-de-bruxa no Sul da Bahia; \u201cA Mulher do Lobisomem\u201d, colet\u00e2nea de contos; \u201cManual de Baixoajuda\u201d; \u201cJorge100anosAmado \u2013 Tributo ao Eterno Menino Grapi\u00fana\u201d; e \u201cO Gato que Tinha Tr\u00eas Nomes\u201d, voltado ao p\u00fablico infantil. Ele recebeu os t\u00edtulos de cidad\u00e3o de Itabuna e Ilh\u00e9us, al\u00e9m da Comenda Nega Patax\u00f3, concedida pela C\u00e2mara Municipal de Pau Brasil.<\/span><\/p>\n<p class=\"p2\"><span class=\"s1\">Como adquirir<\/span><\/p>\n<p class=\"p2\"><span class=\"s1\">(73) 99981-7482 (WhatsApp)<\/span><\/p>\n","protected":false},"excerpt":{"rendered":"<p>Falar de amizade e de trajet\u00f3ria \u00e9 sempre algo que toca o cora\u00e7\u00e3o. Eu conhe\u00e7o Daniel, essa figura extraordin\u00e1ria, jornalista, comunicador, idealista, h\u00e1 muitos anos. Nossa rela\u00e7\u00e3o vem desde 1994, quando estive em Ilh\u00e9us e Itabuna, em um per\u00edodo muito especial da minha vida, quando implementamos a marca Massicas naquela regi\u00e3o, promovendo eventos culturais e [&hellip;]<\/p>\n","protected":false},"author":3,"featured_media":56331,"comment_status":"open","ping_status":"open","sticky":false,"template":"","format":"standard","meta":[],"categories":[7,1],"tags":[],"_links":{"self":[{"href":"https:\/\/www.blogdomassinha.com.br\/v1\/wp-json\/wp\/v2\/posts\/56330"}],"collection":[{"href":"https:\/\/www.blogdomassinha.com.br\/v1\/wp-json\/wp\/v2\/posts"}],"about":[{"href":"https:\/\/www.blogdomassinha.com.br\/v1\/wp-json\/wp\/v2\/types\/post"}],"author":[{"embeddable":true,"href":"https:\/\/www.blogdomassinha.com.br\/v1\/wp-json\/wp\/v2\/users\/3"}],"replies":[{"embeddable":true,"href":"https:\/\/www.blogdomassinha.com.br\/v1\/wp-json\/wp\/v2\/comments?post=56330"}],"version-history":[{"count":1,"href":"https:\/\/www.blogdomassinha.com.br\/v1\/wp-json\/wp\/v2\/posts\/56330\/revisions"}],"predecessor-version":[{"id":56333,"href":"https:\/\/www.blogdomassinha.com.br\/v1\/wp-json\/wp\/v2\/posts\/56330\/revisions\/56333"}],"wp:featuredmedia":[{"embeddable":true,"href":"https:\/\/www.blogdomassinha.com.br\/v1\/wp-json\/wp\/v2\/media\/56331"}],"wp:attachment":[{"href":"https:\/\/www.blogdomassinha.com.br\/v1\/wp-json\/wp\/v2\/media?parent=56330"}],"wp:term":[{"taxonomy":"category","embeddable":true,"href":"https:\/\/www.blogdomassinha.com.br\/v1\/wp-json\/wp\/v2\/categories?post=56330"},{"taxonomy":"post_tag","embeddable":true,"href":"https:\/\/www.blogdomassinha.com.br\/v1\/wp-json\/wp\/v2\/tags?post=56330"}],"curies":[{"name":"wp","href":"https:\/\/api.w.org\/{rel}","templated":true}]}}