{"id":56326,"date":"2026-04-28T19:46:09","date_gmt":"2026-04-28T22:46:09","guid":{"rendered":"https:\/\/www.blogdomassinha.com.br\/v1\/?p=56326"},"modified":"2026-04-28T19:46:09","modified_gmt":"2026-04-28T22:46:09","slug":"festival-de-inverno-bahia-lanca-grade-no-escuro-e-aquece-o-publico-para-edicao-de-2026-em-vitoria-da-conquista","status":"publish","type":"post","link":"https:\/\/www.blogdomassinha.com.br\/v1\/2026\/04\/28\/festival-de-inverno-bahia-lanca-grade-no-escuro-e-aquece-o-publico-para-edicao-de-2026-em-vitoria-da-conquista\/","title":{"rendered":"Festival de Inverno Bahia lan\u00e7a \u201cGrade no Escuro\u201d e aquece o p\u00fablico para edi\u00e7\u00e3o de 2026 em Vit\u00f3ria da Conquista."},"content":{"rendered":"<p class=\"p2\"><span class=\"s1\"><img loading=\"lazy\" class=\"alignright size-medium wp-image-56327\" src=\"https:\/\/www.blogdomassinha.com.br\/v1\/wp-content\/uploads\/2026\/04\/4ea52fbc-26d3-45a5-817d-675b0342e2c3-240x300.jpeg\" alt=\"\" width=\"240\" height=\"300\" srcset=\"https:\/\/www.blogdomassinha.com.br\/v1\/wp-content\/uploads\/2026\/04\/4ea52fbc-26d3-45a5-817d-675b0342e2c3-240x300.jpeg 240w, https:\/\/www.blogdomassinha.com.br\/v1\/wp-content\/uploads\/2026\/04\/4ea52fbc-26d3-45a5-817d-675b0342e2c3.jpeg 400w\" sizes=\"(max-width: 240px) 100vw, 240px\" \/><br \/>\nUm dos maiores e mais aguardados eventos musicais do pa\u00eds j\u00e1 come\u00e7a a movimentar a cena cultural do sudoeste baiano. O Festival de Inverno Bahia, o nosso querido FIB, j\u00e1 tem data confirmada e acontecer\u00e1 nos dias 21, 22 e 23 de agosto, per\u00edodo em que o clima frio e agrad\u00e1vel de Vit\u00f3ria da Conquista d\u00e1 um charme todo especial ao evento.<\/span><\/p>\n<p class=\"p2\"><span class=\"s1\">N\u00e3o \u00e9 por acaso que, nesse per\u00edodo, a cidade se transforma. Vit\u00f3ria da Conquista passa a ser, sem d\u00favida, a capital da m\u00fasica nacional, recebendo milhares de visitantes, artistas renomados e um p\u00fablico que busca entretenimento, lazer e experi\u00eancias inesquec\u00edveis. O festival j\u00e1 se consolidou como um dos mais importantes do Brasil e, a cada edi\u00e7\u00e3o, supera as expectativas.<\/span><\/p>\n<p class=\"p2\"><span class=\"s1\">E a organiza\u00e7\u00e3o n\u00e3o perde tempo. J\u00e1 iniciou a venda de ingressos com uma estrat\u00e9gia que vem ganhando cada vez mais ades\u00e3o: a chamada \u201cGrade no Escuro\u201d. \u00c9 aquela proposta em que o p\u00fablico ainda n\u00e3o conhece as atra\u00e7\u00f5es, mas confia plenamente na qualidade do evento e garante sua presen\u00e7a antecipadamente.<\/span><\/p>\n<p class=\"p2\"><span class=\"s1\">Os ingressos j\u00e1 est\u00e3o dispon\u00edveis para os setores pista e camarote, e a expectativa \u00e9 de grande procura, como j\u00e1 \u00e9 tradi\u00e7\u00e3o. Afinal de contas, quem conhece o Festival de Inverno Bahia sabe que a experi\u00eancia vai muito al\u00e9m dos nomes que sobem ao palco. \u00c9 um encontro de pessoas, de emo\u00e7\u00f5es, de momentos que ficam marcados na mem\u00f3ria.<\/span><\/p>\n<p class=\"p2\"><span class=\"s1\">A festa est\u00e1 lan\u00e7ada, Vit\u00f3ria da Conquista j\u00e1 come\u00e7a a vibrar e o p\u00fablico, mais uma vez, se prepara para viver tr\u00eas dias intensos de m\u00fasica e alegria. Agora \u00e9 garantir o ingresso e aguardar o an\u00fancio das atra\u00e7\u00f5es que, como sempre, prometem surpreender.<\/span><!--more--><\/p>\n<p class=\"p2\"><span class=\"s1\">Confira todos os detalhes aqui no nosso Blog Agito Geral:<\/span><\/p>\n<p><img loading=\"lazy\" class=\"size-medium wp-image-56328 alignleft\" src=\"https:\/\/www.blogdomassinha.com.br\/v1\/wp-content\/uploads\/2026\/04\/e53c8b59-4698-429e-b769-5be2d8e5c8b7-300x200.jpeg\" alt=\"\" width=\"300\" height=\"200\" srcset=\"https:\/\/www.blogdomassinha.com.br\/v1\/wp-content\/uploads\/2026\/04\/e53c8b59-4698-429e-b769-5be2d8e5c8b7-300x200.jpeg 300w, https:\/\/www.blogdomassinha.com.br\/v1\/wp-content\/uploads\/2026\/04\/e53c8b59-4698-429e-b769-5be2d8e5c8b7.jpeg 600w\" sizes=\"(max-width: 300px) 100vw, 300px\" \/><\/p>\n<p class=\"p2\"><strong><span class=\"s1\">Festival de Inverno Bahia (FIB) anuncia in\u00edcio das vendas no escuro<\/span><\/strong><\/p>\n<p class=\"p2\"><em><span class=\"s1\">Evento acontecer\u00e1 nos dias 21, 22 e 23 de agosto, em Vit\u00f3ria da Conquista, no sudoeste da Bahia<\/span><\/em><\/p>\n<p class=\"p2\"><span class=\"s1\">O Festival de Inverno Bahia (FIB) acabou de anunciar a abertura de vendas no escuro com lote especial. Celebrando 20 edi\u00e7\u00f5es, o FIB acontecer\u00e1 nos dias 21, 22 e 23 de agosto, no Parque de Exposi\u00e7\u00f5es Teopompo de Almeida, em Vit\u00f3ria da Conquista \u2013 BA.<\/span><\/p>\n<p class=\"p2\"><span class=\"s1\">O Festival j\u00e1 reuniu grandes atra\u00e7\u00f5es e promoveu encontros inesquec\u00edveis ao longo dos anos e \u00e9 respons\u00e1vel por aquecer a regi\u00e3o durante a sua realiza\u00e7\u00e3o. Nomes como Ney Matogrosso, Nando Reis, Ana Castela, Vanessa da Mata, Xand Avi\u00e3o, AnaVit\u00f3ria, Alexandre Pires, Menos \u00c9 Mais, Ivete Sangalo, L\u00e9o Santana e Lulu Santos j\u00e1 subiram ao palco do FIB e aqueceram a Su\u00ed\u00e7a Baiana.<\/span><\/p>\n<p class=\"p2\"><span class=\"s1\">A 20\u00aa edi\u00e7\u00e3o do Festival de Inverno Bahia chega trazendo, pelo segundo ano consecutivo, a parceria entre a Salvador Produ\u00e7\u00f5es e a Bahia Eventos na realiza\u00e7\u00e3o do festival, repetindo a dobradinha de sucesso que vem marcando o ver\u00e3o com o Festival de Ver\u00e3o Salvador.<\/span><\/p>\n<p class=\"p2\"><span class=\"s1\">O FIB trar\u00e1, mais uma vez, al\u00e9m dos grandes shows, ativa\u00e7\u00f5es dos patrocinadores e parceiros, que estar\u00e3o espalhados por todo o Parque Teopompo de Almeida e ser\u00e3o uma atra\u00e7\u00e3o \u00e0 parte para o p\u00fablico. Al\u00e9m das ativa\u00e7\u00f5es, a gastronomia tamb\u00e9m estar\u00e1 presente no Festival, levando o melhor da culin\u00e1ria local e regional para os conquistenses e visitantes.<\/span><\/p>\n<p class=\"p2\"><span class=\"s1\">As vendas dos ingressos v\u00e3o acontecer atrav\u00e9s da plataforma Sympla, em Salvador na loja do Bora Tickets, no 2\u00ba piso do Shopping da Bahia e em Vit\u00f3ria da Conquista na Central de Ingressos (Shopping Conquista Sul e Galeria Panvicon), Banca Central (Pra\u00e7a Bar\u00e3o do Rio Branco), na Loja Taco (Av. Ol\u00edvia Flores, 686), na loja DMK (Shopping Boulevard) e na Charlie Colt (Bairro Brasil).<\/span><\/p>\n<p class=\"p2\"><span class=\"s1\">Em breve, mais detalhes sobre o line-up e estrutura ser\u00e3o revelados. O p\u00fablico pode esperar um festival memor\u00e1vel, com atra\u00e7\u00f5es que prometem marcar a hist\u00f3ria do FIB.<\/span><\/p>\n<p class=\"p2\"><span class=\"s1\">Para mais informa\u00e7\u00f5es acesse @fiboficial e @ssaproducoes.<\/span><\/p>\n","protected":false},"excerpt":{"rendered":"<p>Um dos maiores e mais aguardados eventos musicais do pa\u00eds j\u00e1 come\u00e7a a movimentar a cena cultural do sudoeste baiano. O Festival de Inverno Bahia, o nosso querido FIB, j\u00e1 tem data confirmada e acontecer\u00e1 nos dias 21, 22 e 23 de agosto, per\u00edodo em que o clima frio e agrad\u00e1vel de Vit\u00f3ria da Conquista [&hellip;]<\/p>\n","protected":false},"author":3,"featured_media":56327,"comment_status":"open","ping_status":"open","sticky":false,"template":"","format":"standard","meta":[],"categories":[7,3],"tags":[],"_links":{"self":[{"href":"https:\/\/www.blogdomassinha.com.br\/v1\/wp-json\/wp\/v2\/posts\/56326"}],"collection":[{"href":"https:\/\/www.blogdomassinha.com.br\/v1\/wp-json\/wp\/v2\/posts"}],"about":[{"href":"https:\/\/www.blogdomassinha.com.br\/v1\/wp-json\/wp\/v2\/types\/post"}],"author":[{"embeddable":true,"href":"https:\/\/www.blogdomassinha.com.br\/v1\/wp-json\/wp\/v2\/users\/3"}],"replies":[{"embeddable":true,"href":"https:\/\/www.blogdomassinha.com.br\/v1\/wp-json\/wp\/v2\/comments?post=56326"}],"version-history":[{"count":1,"href":"https:\/\/www.blogdomassinha.com.br\/v1\/wp-json\/wp\/v2\/posts\/56326\/revisions"}],"predecessor-version":[{"id":56329,"href":"https:\/\/www.blogdomassinha.com.br\/v1\/wp-json\/wp\/v2\/posts\/56326\/revisions\/56329"}],"wp:featuredmedia":[{"embeddable":true,"href":"https:\/\/www.blogdomassinha.com.br\/v1\/wp-json\/wp\/v2\/media\/56327"}],"wp:attachment":[{"href":"https:\/\/www.blogdomassinha.com.br\/v1\/wp-json\/wp\/v2\/media?parent=56326"}],"wp:term":[{"taxonomy":"category","embeddable":true,"href":"https:\/\/www.blogdomassinha.com.br\/v1\/wp-json\/wp\/v2\/categories?post=56326"},{"taxonomy":"post_tag","embeddable":true,"href":"https:\/\/www.blogdomassinha.com.br\/v1\/wp-json\/wp\/v2\/tags?post=56326"}],"curies":[{"name":"wp","href":"https:\/\/api.w.org\/{rel}","templated":true}]}}