{"id":56323,"date":"2026-04-27T16:42:03","date_gmt":"2026-04-27T19:42:03","guid":{"rendered":"https:\/\/www.blogdomassinha.com.br\/v1\/?p=56323"},"modified":"2026-04-27T16:42:03","modified_gmt":"2026-04-27T19:42:03","slug":"gabriela-garrido-anuncia-pre-candidatura-a-deputada-federal-e-escolhe-o-dia-do-seu-aniversario-para-marcar-o-momento","status":"publish","type":"post","link":"https:\/\/www.blogdomassinha.com.br\/v1\/2026\/04\/27\/gabriela-garrido-anuncia-pre-candidatura-a-deputada-federal-e-escolhe-o-dia-do-seu-aniversario-para-marcar-o-momento\/","title":{"rendered":"Gabriela Garrido anuncia pr\u00e9-candidatura a deputada federal e escolhe o dia do seu anivers\u00e1rio para marcar o momento."},"content":{"rendered":"<p class=\"p2\"><span class=\"s1\"><img loading=\"lazy\" class=\"alignright size-medium wp-image-56324\" src=\"https:\/\/www.blogdomassinha.com.br\/v1\/wp-content\/uploads\/2026\/04\/d02d0bc8-cc89-4119-a84b-cda6cb54f5d0-277x300.jpeg\" alt=\"\" width=\"277\" height=\"300\" srcset=\"https:\/\/www.blogdomassinha.com.br\/v1\/wp-content\/uploads\/2026\/04\/d02d0bc8-cc89-4119-a84b-cda6cb54f5d0-277x300.jpeg 277w, https:\/\/www.blogdomassinha.com.br\/v1\/wp-content\/uploads\/2026\/04\/d02d0bc8-cc89-4119-a84b-cda6cb54f5d0.jpeg 461w\" sizes=\"(max-width: 277px) 100vw, 277px\" \/><br \/>\nMeus amigos, minhas amigas, como j\u00e1 hav\u00edamos antecipado aqui em nosso blog e tamb\u00e9m comentado no programa Agito Geral, a vereadora Gabriela Garrido oficializou a sua pr\u00e9-candidatura a deputada federal, escolhendo o dia 27 de abril, data do seu anivers\u00e1rio, para dar um simbolismo ainda maior a esse passo importante da sua trajet\u00f3ria pol\u00edtica.<\/span><\/p>\n<p class=\"p2\"><span class=\"s1\">A movimenta\u00e7\u00e3o n\u00e3o aconteceu de forma isolada. A vereadora esteve em Salvador, onde se reuniu com o secret\u00e1rio do governo do estado, Adolpho Loyola, figura de destaque nas articula\u00e7\u00f5es pol\u00edticas do grupo liderado pelo governador Jer\u00f4nimo Rodrigues. Na ocasi\u00e3o, tamb\u00e9m esteve ao lado do deputado Rosemberg Pinto, refor\u00e7ando o alinhamento pol\u00edtico que passa a sustentar esse novo projeto.<\/span><\/p>\n<p class=\"p2\"><span class=\"s1\">A confirma\u00e7\u00e3o da pr\u00e9-candidatura chega por meio de nota enviada pela assessoria da pr\u00f3pria vereadora, dando car\u00e1ter oficial a uma movimenta\u00e7\u00e3o que j\u00e1 vinha sendo comentada nos bastidores. Trata-se de mais um nome que entra no cen\u00e1rio pol\u00edtico de 2026, contribuindo para aquecer ainda mais o ambiente eleitoral que, mesmo distante do pleito, j\u00e1 demonstra forte intensidade.<\/span><\/p>\n<p class=\"p2\"><span class=\"s1\">Vit\u00f3ria da Conquista, mais uma vez, se coloca como protagonista nesse processo, com lideran\u00e7as locais buscando ampliar sua atua\u00e7\u00e3o para al\u00e9m do munic\u00edpio. A pr\u00e9-candidatura de Gabriela Garrido insere-se nesse contexto, refletindo um momento de reorganiza\u00e7\u00e3o e de novas articula\u00e7\u00f5es dentro da pol\u00edtica baiana.<\/span><!--more--><\/p>\n<p class=\"p2\"><span class=\"s1\">O que se observa \u00e9 que 2026 come\u00e7a a ganhar forma desde j\u00e1. As movimenta\u00e7\u00f5es, os encontros e as defini\u00e7\u00f5es iniciais v\u00e3o desenhando o cen\u00e1rio que ser\u00e1 apresentado ao eleitor mais adiante. E, como sempre, a pol\u00edtica segue din\u00e2mica, surpreendente e em constante constru\u00e7\u00e3o.<\/span><\/p>\n<p class=\"p2\"><span class=\"s1\">Leia na \u00edntegra:<\/span><\/p>\n<p class=\"p2\"><span class=\"s1\">\u201c<strong>No dia do seu anivers\u00e1rio, Dra. Gabriela anuncia pr\u00e9-candidatura a deputada federal<\/strong><\/span><\/p>\n<p class=\"p2\"><span class=\"s1\">Nesta data simb\u00f3lica, em que celebra mais um ano de vida, a Dra. Gabriela d\u00e1 tamb\u00e9m um novo passo em sua trajet\u00f3ria p\u00fablica: anuncia oficialmente sua pr\u00e9-candidatura a deputada federal.<\/span><\/p>\n<p class=\"p2\"><span class=\"s1\">Reconhecida por sua atua\u00e7\u00e3o firme e comprometida ao longo de mais de duas d\u00e9cadas na seguran\u00e7a p\u00fablica, Dra. Gabriela construiu uma hist\u00f3ria marcada pela defesa da justi\u00e7a, do di\u00e1logo e do cuidado com as pessoas. Ao longo dos anos, tamb\u00e9m ampliou sua presen\u00e7a na vida p\u00fablica, ouvindo de perto as demandas da popula\u00e7\u00e3o e atuando em pautas importantes para o desenvolvimento da regi\u00e3o.<\/span><\/p>\n<p class=\"p2\"><span class=\"s1\">O an\u00fancio foi feito por meio de um v\u00eddeo com tom intimista e afetivo, gravado em sua resid\u00eancia, onde compartilha reflex\u00f5es sobre sua trajet\u00f3ria, prop\u00f3sito e os desafios que a motivam a seguir contribuindo com a sociedade em uma nova esfera de atua\u00e7\u00e3o.<\/span><\/p>\n<p class=\"p2\"><span class=\"s1\">\u201cEssa decis\u00e3o n\u00e3o nasce de um momento, mas de uma caminhada constru\u00edda ao lado das pessoas. \u00c9 sobre ampliar vozes, defender causas e trabalhar com responsabilidade por um futuro melhor\u201d, destaca.<\/span><\/p>\n<p class=\"p2\"><span class=\"s1\">A pr\u00e9-candidatura surge como continuidade de um trabalho j\u00e1 reconhecido, agora com o objetivo de representar ainda mais pessoas, levando para o cen\u00e1rio federal as demandas e necessidades da popula\u00e7\u00e3o.<\/span><\/p>\n<p class=\"p2\"><span class=\"s1\">Assessoria de Comunica\u00e7\u00e3o<\/span><\/p>\n<p class=\"p2\"><span class=\"s1\">Delegada Gabriela Garrido\u201d<\/span><\/p>\n","protected":false},"excerpt":{"rendered":"<p>Meus amigos, minhas amigas, como j\u00e1 hav\u00edamos antecipado aqui em nosso blog e tamb\u00e9m comentado no programa Agito Geral, a vereadora Gabriela Garrido oficializou a sua pr\u00e9-candidatura a deputada federal, escolhendo o dia 27 de abril, data do seu anivers\u00e1rio, para dar um simbolismo ainda maior a esse passo importante da sua trajet\u00f3ria pol\u00edtica. A [&hellip;]<\/p>\n","protected":false},"author":3,"featured_media":56324,"comment_status":"open","ping_status":"open","sticky":false,"template":"","format":"standard","meta":[],"categories":[7,2],"tags":[],"_links":{"self":[{"href":"https:\/\/www.blogdomassinha.com.br\/v1\/wp-json\/wp\/v2\/posts\/56323"}],"collection":[{"href":"https:\/\/www.blogdomassinha.com.br\/v1\/wp-json\/wp\/v2\/posts"}],"about":[{"href":"https:\/\/www.blogdomassinha.com.br\/v1\/wp-json\/wp\/v2\/types\/post"}],"author":[{"embeddable":true,"href":"https:\/\/www.blogdomassinha.com.br\/v1\/wp-json\/wp\/v2\/users\/3"}],"replies":[{"embeddable":true,"href":"https:\/\/www.blogdomassinha.com.br\/v1\/wp-json\/wp\/v2\/comments?post=56323"}],"version-history":[{"count":1,"href":"https:\/\/www.blogdomassinha.com.br\/v1\/wp-json\/wp\/v2\/posts\/56323\/revisions"}],"predecessor-version":[{"id":56325,"href":"https:\/\/www.blogdomassinha.com.br\/v1\/wp-json\/wp\/v2\/posts\/56323\/revisions\/56325"}],"wp:featuredmedia":[{"embeddable":true,"href":"https:\/\/www.blogdomassinha.com.br\/v1\/wp-json\/wp\/v2\/media\/56324"}],"wp:attachment":[{"href":"https:\/\/www.blogdomassinha.com.br\/v1\/wp-json\/wp\/v2\/media?parent=56323"}],"wp:term":[{"taxonomy":"category","embeddable":true,"href":"https:\/\/www.blogdomassinha.com.br\/v1\/wp-json\/wp\/v2\/categories?post=56323"},{"taxonomy":"post_tag","embeddable":true,"href":"https:\/\/www.blogdomassinha.com.br\/v1\/wp-json\/wp\/v2\/tags?post=56323"}],"curies":[{"name":"wp","href":"https:\/\/api.w.org\/{rel}","templated":true}]}}