{"id":56308,"date":"2026-04-27T01:09:25","date_gmt":"2026-04-27T04:09:25","guid":{"rendered":"https:\/\/www.blogdomassinha.com.br\/v1\/?p=56308"},"modified":"2026-04-27T01:09:25","modified_gmt":"2026-04-27T04:09:25","slug":"lagoa-das-bateias-recebe-acao-de-cidadania-e-reune-populacao-em-dia-de-esporte-cultura-e-integracao-em-vitoria-da-conquista","status":"publish","type":"post","link":"https:\/\/www.blogdomassinha.com.br\/v1\/2026\/04\/27\/lagoa-das-bateias-recebe-acao-de-cidadania-e-reune-populacao-em-dia-de-esporte-cultura-e-integracao-em-vitoria-da-conquista\/","title":{"rendered":"Lagoa das Bateias recebe a\u00e7\u00e3o de cidadania e re\u00fane popula\u00e7\u00e3o em dia de esporte, cultura e integra\u00e7\u00e3o em Vit\u00f3ria da Conquista."},"content":{"rendered":"<p class=\"p2\"><span class=\"s1\"><img loading=\"lazy\" class=\"alignright size-medium wp-image-56309\" src=\"https:\/\/www.blogdomassinha.com.br\/v1\/wp-content\/uploads\/2026\/04\/644f2df5-229d-4817-a12e-77991673e15d-300x200.jpeg\" alt=\"\" width=\"300\" height=\"200\" srcset=\"https:\/\/www.blogdomassinha.com.br\/v1\/wp-content\/uploads\/2026\/04\/644f2df5-229d-4817-a12e-77991673e15d-300x200.jpeg 300w, https:\/\/www.blogdomassinha.com.br\/v1\/wp-content\/uploads\/2026\/04\/644f2df5-229d-4817-a12e-77991673e15d.jpeg 600w\" sizes=\"(max-width: 300px) 100vw, 300px\" \/><br \/>\nO \u00faltimo domingo foi daqueles que enchem os olhos e renovam a esperan\u00e7a de que \u00e9 poss\u00edvel construir uma cidade melhor quando h\u00e1 uni\u00e3o entre o poder p\u00fablico e a popula\u00e7\u00e3o. A Lagoa das Bateias, um dos espa\u00e7os mais simb\u00f3licos da nossa cidade, foi palco de uma intensa movimenta\u00e7\u00e3o que envolveu esporte, cultura e, acima de tudo, cidadania.<\/span><\/p>\n<p class=\"p2\"><span class=\"s1\">O que vimos ali foi mais do que uma simples a\u00e7\u00e3o. Foi uma verdadeira demonstra\u00e7\u00e3o de consci\u00eancia coletiva. Fam\u00edlias inteiras, jovens, crian\u00e7as, estudantes, todos lado a lado com colaboradores da administra\u00e7\u00e3o municipal, secret\u00e1rios, coordenadores e com a presen\u00e7a da prefeita Sheila Lemos, transformando aquele espa\u00e7o em um exemplo pr\u00e1tico de participa\u00e7\u00e3o social.<\/span><\/p>\n<p class=\"p2\"><span class=\"s1\">Quando o setor p\u00fablico e a popula\u00e7\u00e3o caminham juntos, os resultados aparecem. E foi exatamente isso que se confirmou. Centenas de pessoas se mobilizaram, n\u00e3o apenas para ocupar o espa\u00e7o com atividades esportivas e culturais, mas tamb\u00e9m para cuidar dele. A coleta de res\u00edduos, o zelo com o ambiente, o respeito ao espa\u00e7o p\u00fablico mostraram que a cidadania se constr\u00f3i no dia a dia, com atitudes simples, mas de grande significado.<\/span><!--more--><\/p>\n<p class=\"p2\"><span class=\"s1\">Chamou aten\u00e7\u00e3o, inclusive, a diversidade de pessoas presentes. Ali n\u00e3o havia divis\u00e3o pol\u00edtica, n\u00e3o havia distin\u00e7\u00e3o ideol\u00f3gica. Pessoas de diferentes pensamentos, inclusive aquelas que n\u00e3o necessariamente comungam das mesmas posi\u00e7\u00f5es da gest\u00e3o municipal, estavam ali, participando, contribuindo, reconhecendo a import\u00e2ncia daquele momento.<\/span><\/p>\n<p class=\"p2\"><span class=\"s1\">Isso diz muito sobre o que precisamos resgatar enquanto sociedade. Em tempos em que o debate pol\u00edtico muitas vezes se acirra de forma excessiva, ver a popula\u00e7\u00e3o unida em torno de um objetivo comum \u00e9 algo que merece ser destacado e valorizado. A democracia tamb\u00e9m se constr\u00f3i assim, com respeito, toler\u00e2ncia e conviv\u00eancia.<\/span><\/p>\n<p class=\"p2\"><span class=\"s1\">A Lagoa das Bateias, com seu espelho d\u2019\u00e1gua, suas \u00e1reas esportivas e seu potencial cultural, reafirma-se como um dos grandes espa\u00e7os de conviv\u00eancia de Vit\u00f3ria da Conquista. E o que foi visto neste domingo refor\u00e7a que a cidade tem, sim, condi\u00e7\u00f5es de seguir avan\u00e7ando, desde que todos fa\u00e7am a sua parte.<\/span><\/p>\n<p class=\"p2\"><span class=\"s1\">Fica o registro e o reconhecimento. Vit\u00f3ria da Conquista mostra, mais uma vez, que pode ser exemplo de conviv\u00eancia, de cuidado com o espa\u00e7o p\u00fablico e de compromisso com o coletivo.<\/span><\/p>\n\n\t\t<style type=\"text\/css\">\n\t\t\t#gallery-1 {\n\t\t\t\tmargin: auto;\n\t\t\t}\n\t\t\t#gallery-1 .gallery-item {\n\t\t\t\tfloat: left;\n\t\t\t\tmargin-top: 10px;\n\t\t\t\ttext-align: center;\n\t\t\t\twidth: 33%;\n\t\t\t}\n\t\t\t#gallery-1 img {\n\t\t\t\tborder: 2px solid #cfcfcf;\n\t\t\t}\n\t\t\t#gallery-1 .gallery-caption {\n\t\t\t\tmargin-left: 0;\n\t\t\t}\n\t\t\t\/* see gallery_shortcode() in wp-includes\/media.php *\/\n\t\t<\/style>\n\t\t<div id='gallery-1' class='gallery galleryid-56308 gallery-columns-3 gallery-size-thumbnail'><dl class='gallery-item'>\n\t\t\t<dt class='gallery-icon landscape'>\n\t\t\t\t<a href=\"https:\/\/www.blogdomassinha.com.br\/v1\/wp-content\/uploads\/2026\/04\/644f2df5-229d-4817-a12e-77991673e15d.jpeg\" class=\"gallery_colorbox\"><img width=\"150\" height=\"150\" src=\"https:\/\/www.blogdomassinha.com.br\/v1\/wp-content\/uploads\/2026\/04\/644f2df5-229d-4817-a12e-77991673e15d-150x150.jpeg\"  class=\"attachment-thumbnail size-thumbnail\" alt=\"\" loading=\"lazy\" \/><\/a>\n\t\t\t<\/dt><\/dl><dl class='gallery-item'>\n\t\t\t<dt class='gallery-icon landscape'>\n\t\t\t\t<a href=\"https:\/\/www.blogdomassinha.com.br\/v1\/wp-content\/uploads\/2026\/04\/826dfcd9-c7d4-4899-a220-47e583eefe4c.jpeg\" class=\"gallery_colorbox\"><img width=\"150\" height=\"150\" src=\"https:\/\/www.blogdomassinha.com.br\/v1\/wp-content\/uploads\/2026\/04\/826dfcd9-c7d4-4899-a220-47e583eefe4c-150x150.jpeg\"  class=\"attachment-thumbnail size-thumbnail\" alt=\"\" loading=\"lazy\" \/><\/a>\n\t\t\t<\/dt><\/dl><dl class='gallery-item'>\n\t\t\t<dt class='gallery-icon landscape'>\n\t\t\t\t<a href=\"https:\/\/www.blogdomassinha.com.br\/v1\/wp-content\/uploads\/2026\/04\/52ace1c5-3981-4d8b-9d62-1ec17d410783.jpeg\" class=\"gallery_colorbox\"><img width=\"150\" height=\"150\" src=\"https:\/\/www.blogdomassinha.com.br\/v1\/wp-content\/uploads\/2026\/04\/52ace1c5-3981-4d8b-9d62-1ec17d410783-150x150.jpeg\"  class=\"attachment-thumbnail size-thumbnail\" alt=\"\" loading=\"lazy\" \/><\/a>\n\t\t\t<\/dt><\/dl><br style=\"clear: both\" \/>\n\t\t<\/div>\n\n","protected":false},"excerpt":{"rendered":"<p>O \u00faltimo domingo foi daqueles que enchem os olhos e renovam a esperan\u00e7a de que \u00e9 poss\u00edvel construir uma cidade melhor quando h\u00e1 uni\u00e3o entre o poder p\u00fablico e a popula\u00e7\u00e3o. A Lagoa das Bateias, um dos espa\u00e7os mais simb\u00f3licos da nossa cidade, foi palco de uma intensa movimenta\u00e7\u00e3o que envolveu esporte, cultura e, acima [&hellip;]<\/p>\n","protected":false},"author":3,"featured_media":56309,"comment_status":"open","ping_status":"open","sticky":false,"template":"","format":"standard","meta":[],"categories":[7,1],"tags":[],"_links":{"self":[{"href":"https:\/\/www.blogdomassinha.com.br\/v1\/wp-json\/wp\/v2\/posts\/56308"}],"collection":[{"href":"https:\/\/www.blogdomassinha.com.br\/v1\/wp-json\/wp\/v2\/posts"}],"about":[{"href":"https:\/\/www.blogdomassinha.com.br\/v1\/wp-json\/wp\/v2\/types\/post"}],"author":[{"embeddable":true,"href":"https:\/\/www.blogdomassinha.com.br\/v1\/wp-json\/wp\/v2\/users\/3"}],"replies":[{"embeddable":true,"href":"https:\/\/www.blogdomassinha.com.br\/v1\/wp-json\/wp\/v2\/comments?post=56308"}],"version-history":[{"count":1,"href":"https:\/\/www.blogdomassinha.com.br\/v1\/wp-json\/wp\/v2\/posts\/56308\/revisions"}],"predecessor-version":[{"id":56312,"href":"https:\/\/www.blogdomassinha.com.br\/v1\/wp-json\/wp\/v2\/posts\/56308\/revisions\/56312"}],"wp:featuredmedia":[{"embeddable":true,"href":"https:\/\/www.blogdomassinha.com.br\/v1\/wp-json\/wp\/v2\/media\/56309"}],"wp:attachment":[{"href":"https:\/\/www.blogdomassinha.com.br\/v1\/wp-json\/wp\/v2\/media?parent=56308"}],"wp:term":[{"taxonomy":"category","embeddable":true,"href":"https:\/\/www.blogdomassinha.com.br\/v1\/wp-json\/wp\/v2\/categories?post=56308"},{"taxonomy":"post_tag","embeddable":true,"href":"https:\/\/www.blogdomassinha.com.br\/v1\/wp-json\/wp\/v2\/tags?post=56308"}],"curies":[{"name":"wp","href":"https:\/\/api.w.org\/{rel}","templated":true}]}}