{"id":56302,"date":"2026-04-27T01:03:11","date_gmt":"2026-04-27T04:03:11","guid":{"rendered":"https:\/\/www.blogdomassinha.com.br\/v1\/?p=56302"},"modified":"2026-04-27T01:03:11","modified_gmt":"2026-04-27T04:03:11","slug":"carlos-dude-sinaliza-pre-candidatura-a-deputado-federal-apos-convite-de-acm-neto","status":"publish","type":"post","link":"https:\/\/www.blogdomassinha.com.br\/v1\/2026\/04\/27\/carlos-dude-sinaliza-pre-candidatura-a-deputado-federal-apos-convite-de-acm-neto\/","title":{"rendered":"Carlos Dud\u00e9 sinaliza pr\u00e9-candidatura a deputado federal ap\u00f3s convite de ACM Neto."},"content":{"rendered":"<p class=\"p2\"><span class=\"s1\"><img loading=\"lazy\" class=\"alignright size-medium wp-image-56303\" src=\"https:\/\/www.blogdomassinha.com.br\/v1\/wp-content\/uploads\/2026\/04\/IMG_6741-300x225.jpeg\" alt=\"\" width=\"300\" height=\"225\" srcset=\"https:\/\/www.blogdomassinha.com.br\/v1\/wp-content\/uploads\/2026\/04\/IMG_6741-300x225.jpeg 300w, https:\/\/www.blogdomassinha.com.br\/v1\/wp-content\/uploads\/2026\/04\/IMG_6741.jpeg 600w\" sizes=\"(max-width: 300px) 100vw, 300px\" \/><br \/>\nMeus amigos, minhas amigas, a pol\u00edtica de Vit\u00f3ria da Conquista segue em ebuli\u00e7\u00e3o. A cada dia que passa, novas movimenta\u00e7\u00f5es surgem, novos cen\u00e1rios s\u00e3o desenhados e as pe\u00e7as do tabuleiro come\u00e7am a se reorganizar com vistas \u00e0s elei\u00e7\u00f5es de 2026, que, na pr\u00e1tica, tamb\u00e9m j\u00e1 projetam os desdobramentos para 2028.<\/span><\/p>\n<p class=\"p2\"><span class=\"s1\">A mais recente informa\u00e7\u00e3o que chega \u2014 e que, confesso, causou surpresa, embora seja absolutamente natural dentro do ambiente pol\u00edtico \u2014 envolve o vereador Carlos Dud\u00e9. Em conversa ocorrida na \u00faltima quinta-feira, dia 23 de abril, na C\u00e2mara Municipal, ele revelou que estaria se deslocando para Salvador a convite de ACM Neto, com quem trataria sobre a possibilidade de assumir a condi\u00e7\u00e3o de pr\u00e9-candidato a deputado federal.<\/span><\/p>\n<p class=\"p2\"><span class=\"s1\">A fala do vereador abre um novo cap\u00edtulo dentro do cen\u00e1rio local. Dud\u00e9, que at\u00e9 ent\u00e3o tinha uma vincula\u00e7\u00e3o pol\u00edtica conhecida, especialmente com o deputado Fabr\u00edcio Falc\u00e3o, passa agora a ser citado em um novo contexto. Embora n\u00e3o haja confirma\u00e7\u00e3o oficial de rompimento, os rumores nesse sentido j\u00e1 circulam nos bastidores e indicam que mudan\u00e7as podem estar em curso.<\/span><\/p>\n<p class=\"p2\"><span class=\"s1\">Essa movimenta\u00e7\u00e3o n\u00e3o ocorre de forma isolada. Pelo contr\u00e1rio, ela se soma a uma s\u00e9rie de pr\u00e9-candidaturas que come\u00e7am a surgir no munic\u00edpio, como as de Diogo Azevedo, Marcus Vin\u00edcius, Augusto C\u00e2ndido e Danilo Kiribamba, entre outros nomes que despontam nesse cen\u00e1rio.<\/span><!--more--><\/p>\n<p class=\"p2\"><span class=\"s1\">Boa parte desses nomes tem ou teve liga\u00e7\u00e3o com a base da prefeita Sheila Lemos, o que demonstra que o ambiente pol\u00edtico local est\u00e1 em plena transforma\u00e7\u00e3o. Alian\u00e7as s\u00e3o revistas, projetos s\u00e3o redesenhados e novas estrat\u00e9gias come\u00e7am a ser colocadas em pr\u00e1tica.<\/span><\/p>\n<p class=\"p2\"><span class=\"s1\">Carlos Dud\u00e9, por sua vez, \u00e9 uma figura experiente na pol\u00edtica local, com atua\u00e7\u00e3o consolidada na C\u00e2mara Municipal e profundo conhecimento da realidade de Vit\u00f3ria da Conquista. Caso confirme sua pr\u00e9-candidatura, entra na disputa como um nome competitivo, ampliando ainda mais o leque de op\u00e7\u00f5es que o eleitor conquistense ter\u00e1 \u00e0 sua disposi\u00e7\u00e3o.<\/span><\/p>\n<p class=\"p2\"><span class=\"s1\">O fato \u00e9 que estamos diante de um cen\u00e1rio din\u00e2mico, em constante muta\u00e7\u00e3o, onde cada movimento pode gerar novos desdobramentos. A pol\u00edtica, como sempre, segue imprevis\u00edvel, e Vit\u00f3ria da Conquista vive um momento de intensa articula\u00e7\u00e3o.<\/span><\/p>\n<p class=\"p2\"><span class=\"s1\">Seguimos atentos, porque, sem d\u00favida, outras novidades ainda vir\u00e3o.<\/span><\/p>\n<p>&nbsp;<\/p>\n","protected":false},"excerpt":{"rendered":"<p>Meus amigos, minhas amigas, a pol\u00edtica de Vit\u00f3ria da Conquista segue em ebuli\u00e7\u00e3o. A cada dia que passa, novas movimenta\u00e7\u00f5es surgem, novos cen\u00e1rios s\u00e3o desenhados e as pe\u00e7as do tabuleiro come\u00e7am a se reorganizar com vistas \u00e0s elei\u00e7\u00f5es de 2026, que, na pr\u00e1tica, tamb\u00e9m j\u00e1 projetam os desdobramentos para 2028. A mais recente informa\u00e7\u00e3o que [&hellip;]<\/p>\n","protected":false},"author":3,"featured_media":56303,"comment_status":"open","ping_status":"open","sticky":false,"template":"","format":"standard","meta":[],"categories":[7,1,2],"tags":[],"_links":{"self":[{"href":"https:\/\/www.blogdomassinha.com.br\/v1\/wp-json\/wp\/v2\/posts\/56302"}],"collection":[{"href":"https:\/\/www.blogdomassinha.com.br\/v1\/wp-json\/wp\/v2\/posts"}],"about":[{"href":"https:\/\/www.blogdomassinha.com.br\/v1\/wp-json\/wp\/v2\/types\/post"}],"author":[{"embeddable":true,"href":"https:\/\/www.blogdomassinha.com.br\/v1\/wp-json\/wp\/v2\/users\/3"}],"replies":[{"embeddable":true,"href":"https:\/\/www.blogdomassinha.com.br\/v1\/wp-json\/wp\/v2\/comments?post=56302"}],"version-history":[{"count":1,"href":"https:\/\/www.blogdomassinha.com.br\/v1\/wp-json\/wp\/v2\/posts\/56302\/revisions"}],"predecessor-version":[{"id":56304,"href":"https:\/\/www.blogdomassinha.com.br\/v1\/wp-json\/wp\/v2\/posts\/56302\/revisions\/56304"}],"wp:featuredmedia":[{"embeddable":true,"href":"https:\/\/www.blogdomassinha.com.br\/v1\/wp-json\/wp\/v2\/media\/56303"}],"wp:attachment":[{"href":"https:\/\/www.blogdomassinha.com.br\/v1\/wp-json\/wp\/v2\/media?parent=56302"}],"wp:term":[{"taxonomy":"category","embeddable":true,"href":"https:\/\/www.blogdomassinha.com.br\/v1\/wp-json\/wp\/v2\/categories?post=56302"},{"taxonomy":"post_tag","embeddable":true,"href":"https:\/\/www.blogdomassinha.com.br\/v1\/wp-json\/wp\/v2\/tags?post=56302"}],"curies":[{"name":"wp","href":"https:\/\/api.w.org\/{rel}","templated":true}]}}