{"id":56297,"date":"2026-04-27T00:59:29","date_gmt":"2026-04-27T03:59:29","guid":{"rendered":"https:\/\/www.blogdomassinha.com.br\/v1\/?p=56297"},"modified":"2026-04-27T00:59:29","modified_gmt":"2026-04-27T03:59:29","slug":"fonte-da-avenida-olivia-flores-e-revitalizada-e-ganha-novo-visual-em-vitoria-da-conquista","status":"publish","type":"post","link":"https:\/\/www.blogdomassinha.com.br\/v1\/2026\/04\/27\/fonte-da-avenida-olivia-flores-e-revitalizada-e-ganha-novo-visual-em-vitoria-da-conquista\/","title":{"rendered":"Fonte da Avenida Ol\u00edvia Flores \u00e9 revitalizada e ganha novo visual em Vit\u00f3ria da Conquista."},"content":{"rendered":"<p class=\"p2\"><span class=\"s1\"><img loading=\"lazy\" class=\"size-medium wp-image-56299 alignleft\" src=\"https:\/\/www.blogdomassinha.com.br\/v1\/wp-content\/uploads\/2026\/04\/9b26ce0b-61e7-4c28-8fd1-97f8ad00775d-300x200.jpeg\" alt=\"\" width=\"300\" height=\"200\" srcset=\"https:\/\/www.blogdomassinha.com.br\/v1\/wp-content\/uploads\/2026\/04\/9b26ce0b-61e7-4c28-8fd1-97f8ad00775d-300x200.jpeg 300w, https:\/\/www.blogdomassinha.com.br\/v1\/wp-content\/uploads\/2026\/04\/9b26ce0b-61e7-4c28-8fd1-97f8ad00775d.jpeg 600w\" sizes=\"(max-width: 300px) 100vw, 300px\" \/><br \/>\nUma cidade tamb\u00e9m se constr\u00f3i a partir de gestos que, \u00e0 primeira vista, podem parecer simples, mas que fazem toda a diferen\u00e7a no cotidiano da popula\u00e7\u00e3o. Em tempos em que buscamos mais qualidade de vida, conex\u00e3o e espa\u00e7os de conviv\u00eancia, iniciativas como a revitaliza\u00e7\u00e3o da fonte da Avenida Ol\u00edvia Flores ganham um significado ainda maior.<\/span><\/p>\n<p class=\"p2\"><span class=\"s1\">A Ol\u00edvia Flores sempre foi uma das avenidas mais bonitas e bem cuidadas da nossa cidade, um verdadeiro cart\u00e3o-postal, onde fam\u00edlias se encontram, jovens caminham, crian\u00e7as brincam e a popula\u00e7\u00e3o desfruta de momentos de lazer e tranquilidade. Agora, com a fonte completamente revitalizada, o espa\u00e7o se torna ainda mais agrad\u00e1vel, mais acolhedor e mais convidativo.<\/span><\/p>\n<p class=\"p2\"><span class=\"s1\">A nova ilumina\u00e7\u00e3o, o cuidado com os detalhes e o aspecto renovado transformaram o local em um verdadeiro ponto de contempla\u00e7\u00e3o. Quem j\u00e1 frequentava o espa\u00e7o percebe imediatamente a diferen\u00e7a e, quem visita pela primeira vez, se encanta com a beleza que ali se apresenta.<\/span><\/p>\n<p class=\"p2\"><span class=\"s1\">Esse movimento de valoriza\u00e7\u00e3o dos espa\u00e7os urbanos \u00e9 algo que precisa ser ampliado. A pr\u00f3pria Avenida Brumado j\u00e1 come\u00e7a a ganhar um novo perfil com as interven\u00e7\u00f5es que v\u00eam sendo realizadas. A Pra\u00e7a Tancredo Neves segue como refer\u00eancia de cuidado e beleza, enquanto o Cristo de Mario Cravo tamb\u00e9m vem recebendo melhorias que valorizam ainda mais aquele espa\u00e7o t\u00e3o simb\u00f3lico para a cidade.<\/span><!--more--><\/p>\n<p class=\"p2\"><span class=\"s1\">Podemos destacar ainda a contempla\u00e7\u00e3o proporcionada pela Catedral das Flores e pelo Orquid\u00e1rio de Vit\u00f3ria da Conquista, al\u00e9m do agrad\u00e1vel percurso nas imedia\u00e7\u00f5es do Parque Zilda Gusm\u00e3o. Tudo isso refor\u00e7a a necessidade de cuidarmos dos nossos espa\u00e7os, de valorizarmos aquilo que temos de mais bonito.<\/span><\/p>\n<p class=\"p2\"><span class=\"s1\">A revitaliza\u00e7\u00e3o da fonte da Ol\u00edvia Flores \u00e9 resultado tamb\u00e9m de uma importante parceria entre o poder p\u00fablico e a iniciativa privada. Aqui, cabe o reconhecimento \u00e0 fam\u00edlia Flores, na pessoa do empres\u00e1rio Marcelo Flores, que atendeu ao convite da Prefeitura e contribuiu para devolver \u00e0 cidade um espa\u00e7o ainda mais bonito e acolhedor.<\/span><\/p>\n<p class=\"p2\"><span class=\"s1\">A prefeita Sheila Lemos esteve presente na solenidade que marcou a entrega da revitaliza\u00e7\u00e3o, ao lado da fam\u00edlia Flores, celebrando mais uma a\u00e7\u00e3o que valoriza o conv\u00edvio social e a qualidade de vida da popula\u00e7\u00e3o.<\/span><\/p>\n<p class=\"p2\"><span class=\"s1\">Fica o convite: visite a Avenida Ol\u00edvia Flores, contemple a nova fonte, aproveite o espa\u00e7o com sua fam\u00edlia. A cidade agradece, e n\u00f3s tamb\u00e9m.<\/span><\/p>\n\n\t\t<style type=\"text\/css\">\n\t\t\t#gallery-1 {\n\t\t\t\tmargin: auto;\n\t\t\t}\n\t\t\t#gallery-1 .gallery-item {\n\t\t\t\tfloat: left;\n\t\t\t\tmargin-top: 10px;\n\t\t\t\ttext-align: center;\n\t\t\t\twidth: 33%;\n\t\t\t}\n\t\t\t#gallery-1 img {\n\t\t\t\tborder: 2px solid #cfcfcf;\n\t\t\t}\n\t\t\t#gallery-1 .gallery-caption {\n\t\t\t\tmargin-left: 0;\n\t\t\t}\n\t\t\t\/* see gallery_shortcode() in wp-includes\/media.php *\/\n\t\t<\/style>\n\t\t<div id='gallery-1' class='gallery galleryid-56297 gallery-columns-3 gallery-size-thumbnail'><dl class='gallery-item'>\n\t\t\t<dt class='gallery-icon landscape'>\n\t\t\t\t<a href=\"https:\/\/www.blogdomassinha.com.br\/v1\/wp-content\/uploads\/2026\/04\/d4ace6d9-fdcb-4baf-804f-5d0ceb730fd8.jpeg\" class=\"gallery_colorbox\"><img width=\"150\" height=\"150\" src=\"https:\/\/www.blogdomassinha.com.br\/v1\/wp-content\/uploads\/2026\/04\/d4ace6d9-fdcb-4baf-804f-5d0ceb730fd8-150x150.jpeg\"  class=\"attachment-thumbnail size-thumbnail\" alt=\"\" loading=\"lazy\" \/><\/a>\n\t\t\t<\/dt><\/dl><dl class='gallery-item'>\n\t\t\t<dt class='gallery-icon landscape'>\n\t\t\t\t<a href=\"https:\/\/www.blogdomassinha.com.br\/v1\/wp-content\/uploads\/2026\/04\/9b26ce0b-61e7-4c28-8fd1-97f8ad00775d.jpeg\" class=\"gallery_colorbox\"><img width=\"150\" height=\"150\" src=\"https:\/\/www.blogdomassinha.com.br\/v1\/wp-content\/uploads\/2026\/04\/9b26ce0b-61e7-4c28-8fd1-97f8ad00775d-150x150.jpeg\"  class=\"attachment-thumbnail size-thumbnail\" alt=\"\" loading=\"lazy\" \/><\/a>\n\t\t\t<\/dt><\/dl><dl class='gallery-item'>\n\t\t\t<dt class='gallery-icon landscape'>\n\t\t\t\t<a href=\"https:\/\/www.blogdomassinha.com.br\/v1\/wp-content\/uploads\/2026\/04\/17ac32a1-7a51-457c-9caa-deb63951cbf1.jpeg\" class=\"gallery_colorbox\"><img width=\"150\" height=\"150\" src=\"https:\/\/www.blogdomassinha.com.br\/v1\/wp-content\/uploads\/2026\/04\/17ac32a1-7a51-457c-9caa-deb63951cbf1-150x150.jpeg\"  class=\"attachment-thumbnail size-thumbnail\" alt=\"\" loading=\"lazy\" \/><\/a>\n\t\t\t<\/dt><\/dl><br style=\"clear: both\" \/>\n\t\t<\/div>\n\n","protected":false},"excerpt":{"rendered":"<p>Uma cidade tamb\u00e9m se constr\u00f3i a partir de gestos que, \u00e0 primeira vista, podem parecer simples, mas que fazem toda a diferen\u00e7a no cotidiano da popula\u00e7\u00e3o. Em tempos em que buscamos mais qualidade de vida, conex\u00e3o e espa\u00e7os de conviv\u00eancia, iniciativas como a revitaliza\u00e7\u00e3o da fonte da Avenida Ol\u00edvia Flores ganham um significado ainda maior. [&hellip;]<\/p>\n","protected":false},"author":3,"featured_media":56299,"comment_status":"open","ping_status":"open","sticky":false,"template":"","format":"standard","meta":[],"categories":[7,1],"tags":[],"_links":{"self":[{"href":"https:\/\/www.blogdomassinha.com.br\/v1\/wp-json\/wp\/v2\/posts\/56297"}],"collection":[{"href":"https:\/\/www.blogdomassinha.com.br\/v1\/wp-json\/wp\/v2\/posts"}],"about":[{"href":"https:\/\/www.blogdomassinha.com.br\/v1\/wp-json\/wp\/v2\/types\/post"}],"author":[{"embeddable":true,"href":"https:\/\/www.blogdomassinha.com.br\/v1\/wp-json\/wp\/v2\/users\/3"}],"replies":[{"embeddable":true,"href":"https:\/\/www.blogdomassinha.com.br\/v1\/wp-json\/wp\/v2\/comments?post=56297"}],"version-history":[{"count":1,"href":"https:\/\/www.blogdomassinha.com.br\/v1\/wp-json\/wp\/v2\/posts\/56297\/revisions"}],"predecessor-version":[{"id":56301,"href":"https:\/\/www.blogdomassinha.com.br\/v1\/wp-json\/wp\/v2\/posts\/56297\/revisions\/56301"}],"wp:featuredmedia":[{"embeddable":true,"href":"https:\/\/www.blogdomassinha.com.br\/v1\/wp-json\/wp\/v2\/media\/56299"}],"wp:attachment":[{"href":"https:\/\/www.blogdomassinha.com.br\/v1\/wp-json\/wp\/v2\/media?parent=56297"}],"wp:term":[{"taxonomy":"category","embeddable":true,"href":"https:\/\/www.blogdomassinha.com.br\/v1\/wp-json\/wp\/v2\/categories?post=56297"},{"taxonomy":"post_tag","embeddable":true,"href":"https:\/\/www.blogdomassinha.com.br\/v1\/wp-json\/wp\/v2\/tags?post=56297"}],"curies":[{"name":"wp","href":"https:\/\/api.w.org\/{rel}","templated":true}]}}