{"id":56292,"date":"2026-04-26T08:56:23","date_gmt":"2026-04-26T11:56:23","guid":{"rendered":"https:\/\/www.blogdomassinha.com.br\/v1\/?p=56292"},"modified":"2026-04-26T08:56:51","modified_gmt":"2026-04-26T11:56:51","slug":"permanencia-consular-em-vitoria-da-conquista-bahia","status":"publish","type":"post","link":"https:\/\/www.blogdomassinha.com.br\/v1\/2026\/04\/26\/permanencia-consular-em-vitoria-da-conquista-bahia\/","title":{"rendered":"Perman\u00eancia Consular em Vit\u00f3ria da Conquista \u2013 Bahia"},"content":{"rendered":"<p><img loading=\"lazy\" class=\"size-medium wp-image-56293 alignright\" src=\"https:\/\/www.blogdomassinha.com.br\/v1\/wp-content\/uploads\/2026\/04\/IMG_6717-224x300.jpeg\" alt=\"\" width=\"224\" height=\"300\" srcset=\"https:\/\/www.blogdomassinha.com.br\/v1\/wp-content\/uploads\/2026\/04\/IMG_6717-224x300.jpeg 224w, https:\/\/www.blogdomassinha.com.br\/v1\/wp-content\/uploads\/2026\/04\/IMG_6717.jpeg 373w\" sizes=\"(max-width: 224px) 100vw, 224px\" \/><\/p>\n<p class=\"p1\"><span class=\"s1\"><br \/>\nInforma-se \u00e0 Comunidade Portuguesa e aos lusodescendentes que ser\u00e1 realizada Perman\u00eancia Consular em Vit\u00f3ria da Conquista \u2013 Bahia, nos dias <\/span><span class=\"s2\">19 e 20 de maio de 2026<\/span><span class=\"s1\">, no hor\u00e1rio das <\/span><span class=\"s2\">08h00 \u00e0s 17h00<\/span><span class=\"s1\">, nas instala\u00e7\u00f5es do Hotel Ibis Vit\u00f3ria da Conquista, localizado na Avenida Deputado Ulisses Guimar\u00e3es, n\u00ba 25, Bairro Fel\u00edcia, CEP 45026-090.<\/span><\/p>\n<p class=\"p1\"><span class=\"s1\">O atendimento ser\u00e1 efetuado <\/span><span class=\"s2\">exclusivamente mediante agendamento pr\u00e9vio<\/span><span class=\"s1\">, atrav\u00e9s da plataforma Agendamento Consular Online, dispon\u00edvel em:<\/span><\/p>\n<p class=\"p1\"><span class=\"s1\"><a href=\"https:\/\/agendamentos.mne.gov.pt\/pt\/login\">https:\/\/agendamentos.mne.gov.pt\/pt\/login<\/a><\/span><\/p>\n<p class=\"p1\"><span class=\"s1\">Os agendamentos estar\u00e3o dispon\u00edveis a partir do dia <\/span><span class=\"s2\">24 de abril de 2026<\/span><span class=\"s1\">.<\/span><\/p>\n<p class=\"p1\"><span class=\"s2\">Nota:<\/span><span class=\"s1\"> Os utentes que n\u00e3o possuam credenciais no portal <a href=\"http:\/\/xn--autenticao-n5a1c.gov\/\">AUTENTICA\u00c7\u00c3O.GOV<\/a> dever\u00e3o optar pela op\u00e7\u00e3o <\/span><span class=\"s2\">\u201cAutentica\u00e7\u00e3o via credenciais\u201d<\/span><span class=\"s1\">.<\/span><\/p>\n<p class=\"p1\"><span class=\"s1\">Durante esta Perman\u00eancia Consular, ser\u00e3o prestados apenas os seguintes servi\u00e7os:<\/span><!--more--><\/p>\n<ul class=\"ul1\">\n<li class=\"li1\"><span class=\"s1\">Emiss\u00e3o de Cart\u00e3o de Cidad\u00e3o;<\/span><\/li>\n<li class=\"li1\"><span class=\"s1\">Emiss\u00e3o de Passaporte;<\/span><\/li>\n<li class=\"li1\"><span class=\"s1\">Servi\u00e7os de Registo Civil, nomeadamente:<\/span>\n<ul class=\"ul1\">\n<li class=\"li1\"><span class=\"s1\">Inscri\u00e7\u00e3o de nacionalidade origin\u00e1ria (filho de pai ou m\u00e3e portuguesa);<\/span><\/li>\n<li class=\"li1\"><span class=\"s1\">Transcri\u00e7\u00e3o de casamento.<\/span><\/li>\n<\/ul>\n<\/li>\n<\/ul>\n<p class=\"p1\"><span class=\"s2\">Instru\u00e7\u00f5es para agendamento:<\/span><\/p>\n<p class=\"p1\"><span class=\"s1\">Para efetuar o agendamento, o utente dever\u00e1 aceder ao portal e selecionar as seguintes op\u00e7\u00f5es:<\/span><\/p>\n<ul class=\"ul1\">\n<li class=\"li1\"><span class=\"s2\">Posto Consular:<\/span><span class=\"s1\"> Consulado Geral de Portugal em Salvador da Bahia<\/span><\/li>\n<li class=\"li1\"><span class=\"s2\">Categoria do Ato Consular:<\/span><span class=\"s1\"> Presen\u00e7a Consular<\/span><\/li>\n<li class=\"li1\"><span class=\"s2\">Ato Consular:<\/span><span class=\"s1\"> Presen\u00e7a Consular<\/span><\/li>\n<\/ul>\n<p class=\"p1\"><span class=\"s1\">Em seguida, dever\u00e1 avan\u00e7ar at\u00e9 ao calend\u00e1rio e escolher uma das seguintes datas: <\/span><span class=\"s2\">19\/05\/2026 ou 20\/05\/2026<\/span><span class=\"s1\">.<\/span><\/p>\n<p class=\"p1\"><span class=\"s1\">Ap\u00f3s a submiss\u00e3o correta do pedido, ser\u00e1 enviado automaticamente um e-mail de confirma\u00e7\u00e3o do agendamento.<\/span><\/p>\n<p class=\"p1\"><span class=\"s2\">Importante:<\/span><span class=\"s1\"> A mensagem de confirma\u00e7\u00e3o apresentar\u00e1, por padr\u00e3o, o endere\u00e7o do Consulado Geral em Salvador. No entanto, o atendimento ser\u00e1 realizado em Vit\u00f3ria da Conquista, no endere\u00e7o acima indicado.<\/span><\/p>\n<p class=\"p1\"><span class=\"s1\">Para consultar a documenta\u00e7\u00e3o necess\u00e1ria para cada tipo de servi\u00e7o, aceda ao link:<\/span><\/p>\n<p class=\"p1\"><span class=\"s1\"><a href=\"https:\/\/salvadordabaia.consuladoportugal.mne.gov.pt\/pt\/assuntos-consulares\/servicos-consulares\">https:\/\/salvadordabaia.consuladoportugal.mne.gov.pt\/pt\/assuntos-consulares\/servicos-consulares<\/a><\/span><\/p>\n","protected":false},"excerpt":{"rendered":"<p>Informa-se \u00e0 Comunidade Portuguesa e aos lusodescendentes que ser\u00e1 realizada Perman\u00eancia Consular em Vit\u00f3ria da Conquista \u2013 Bahia, nos dias 19 e 20 de maio de 2026, no hor\u00e1rio das 08h00 \u00e0s 17h00, nas instala\u00e7\u00f5es do Hotel Ibis Vit\u00f3ria da Conquista, localizado na Avenida Deputado Ulisses Guimar\u00e3es, n\u00ba 25, Bairro Fel\u00edcia, CEP 45026-090. O atendimento [&hellip;]<\/p>\n","protected":false},"author":3,"featured_media":56293,"comment_status":"open","ping_status":"open","sticky":false,"template":"","format":"standard","meta":[],"categories":[7,1],"tags":[],"_links":{"self":[{"href":"https:\/\/www.blogdomassinha.com.br\/v1\/wp-json\/wp\/v2\/posts\/56292"}],"collection":[{"href":"https:\/\/www.blogdomassinha.com.br\/v1\/wp-json\/wp\/v2\/posts"}],"about":[{"href":"https:\/\/www.blogdomassinha.com.br\/v1\/wp-json\/wp\/v2\/types\/post"}],"author":[{"embeddable":true,"href":"https:\/\/www.blogdomassinha.com.br\/v1\/wp-json\/wp\/v2\/users\/3"}],"replies":[{"embeddable":true,"href":"https:\/\/www.blogdomassinha.com.br\/v1\/wp-json\/wp\/v2\/comments?post=56292"}],"version-history":[{"count":2,"href":"https:\/\/www.blogdomassinha.com.br\/v1\/wp-json\/wp\/v2\/posts\/56292\/revisions"}],"predecessor-version":[{"id":56295,"href":"https:\/\/www.blogdomassinha.com.br\/v1\/wp-json\/wp\/v2\/posts\/56292\/revisions\/56295"}],"wp:featuredmedia":[{"embeddable":true,"href":"https:\/\/www.blogdomassinha.com.br\/v1\/wp-json\/wp\/v2\/media\/56293"}],"wp:attachment":[{"href":"https:\/\/www.blogdomassinha.com.br\/v1\/wp-json\/wp\/v2\/media?parent=56292"}],"wp:term":[{"taxonomy":"category","embeddable":true,"href":"https:\/\/www.blogdomassinha.com.br\/v1\/wp-json\/wp\/v2\/categories?post=56292"},{"taxonomy":"post_tag","embeddable":true,"href":"https:\/\/www.blogdomassinha.com.br\/v1\/wp-json\/wp\/v2\/tags?post=56292"}],"curies":[{"name":"wp","href":"https:\/\/api.w.org\/{rel}","templated":true}]}}