{"id":56290,"date":"2026-04-26T08:50:19","date_gmt":"2026-04-26T11:50:19","guid":{"rendered":"https:\/\/www.blogdomassinha.com.br\/v1\/?p=56290"},"modified":"2026-04-26T08:50:19","modified_gmt":"2026-04-26T11:50:19","slug":"jeronimo-rodrigues-cobra-respeito-da-azul-linhas-aereas-com-vitoria-da-conquista-e-reforca-pressao-institucional-sobre-a-empresa","status":"publish","type":"post","link":"https:\/\/www.blogdomassinha.com.br\/v1\/2026\/04\/26\/jeronimo-rodrigues-cobra-respeito-da-azul-linhas-aereas-com-vitoria-da-conquista-e-reforca-pressao-institucional-sobre-a-empresa\/","title":{"rendered":"Jer\u00f4nimo Rodrigues cobra respeito da Azul Linhas A\u00e9reas com Vit\u00f3ria da Conquista e refor\u00e7a press\u00e3o institucional sobre a empresa."},"content":{"rendered":"<p class=\"p2\"><span class=\"s2\"><img loading=\"lazy\" class=\"size-medium wp-image-23036 alignleft\" src=\"https:\/\/www.blogdomassinha.com.br\/v1\/wp-content\/uploads\/2020\/07\/84E595B5-EDB2-4D4D-A863-993237F48FF5-300x291.jpeg\" alt=\"\" width=\"300\" height=\"291\" srcset=\"https:\/\/www.blogdomassinha.com.br\/v1\/wp-content\/uploads\/2020\/07\/84E595B5-EDB2-4D4D-A863-993237F48FF5-300x291.jpeg 300w, https:\/\/www.blogdomassinha.com.br\/v1\/wp-content\/uploads\/2020\/07\/84E595B5-EDB2-4D4D-A863-993237F48FF5-1024x994.jpeg 1024w, https:\/\/www.blogdomassinha.com.br\/v1\/wp-content\/uploads\/2020\/07\/84E595B5-EDB2-4D4D-A863-993237F48FF5.jpeg 1280w\" sizes=\"(max-width: 300px) 100vw, 300px\" \/><br \/>\nA situa\u00e7\u00e3o envolvendo a malha a\u00e9rea de Vit\u00f3ria da Conquista ganha um novo cap\u00edtulo e, dessa vez, com um peso pol\u00edtico ainda maior. O governador Jer\u00f4nimo Rodrigues tamb\u00e9m se posicionou de forma clara e contr\u00e1ria \u00e0 decis\u00e3o da Azul em reduzir a capacidade das aeronaves na linha entre Vit\u00f3ria da Conquista e Salvador.<\/span><\/p>\n<p class=\"p2\"><span class=\"s2\">A fala do governador n\u00e3o \u00e9 apenas uma opini\u00e3o isolada, ela carrega consigo a responsabilidade institucional de quem administra o estado e conhece a import\u00e2ncia estrat\u00e9gica da nossa cidade para toda a regi\u00e3o sudoeste e tamb\u00e9m para o norte de Minas Gerais. Ao afirmar que a empresa recebe incentivos fiscais para operar na Bahia, ele toca em um ponto fundamental: n\u00e3o se trata apenas de uma decis\u00e3o empresarial, mas de uma rela\u00e7\u00e3o que envolve contrapartidas.<\/span><\/p>\n<p class=\"p2\"><span class=\"s2\">O entendimento do governador \u00e9 de que a medida adotada pela companhia n\u00e3o \u00e9 razo\u00e1vel e acaba penalizando n\u00e3o apenas Vit\u00f3ria da Conquista, mas toda uma regi\u00e3o que depende diretamente desse fluxo a\u00e9reo. E aqui \u00e9 preciso dizer com todas as letras: n\u00e3o estamos falando de um servi\u00e7o sup\u00e9rfluo ou de luxo. O transporte a\u00e9reo, hoje, \u00e9 uma necessidade.<\/span><\/p>\n<p class=\"p2\"><span class=\"s2\">H\u00e1 quem argumente que a demanda n\u00e3o justifica a manuten\u00e7\u00e3o de aeronaves maiores, mas essa leitura, ao que tudo indica, n\u00e3o corresponde \u00e0 realidade. Os voos, como sabemos, historicamente operam com alta ocupa\u00e7\u00e3o. Desde os tempos do antigo aeroporto at\u00e9 a inaugura\u00e7\u00e3o do Aeroporto Glauber Rocha, a procura s\u00f3 aumentou, acompanhando o crescimento da cidade e da regi\u00e3o.<\/span><!--more--><\/p>\n<p class=\"p2\"><span class=\"s2\">Vit\u00f3ria da Conquista \u00e9 um polo regional consolidado, com forte movimenta\u00e7\u00e3o econ\u00f4mica, m\u00e9dica, educacional e empresarial. Pessoas de diversas cidades utilizam o aeroporto local para conex\u00f5es com Salvador, Belo Horizonte e S\u00e3o Paulo. Reduzir a capacidade dos voos, portanto, n\u00e3o \u00e9 apenas uma quest\u00e3o t\u00e9cnica, \u00e9 uma decis\u00e3o que impacta diretamente o desenvolvimento regional.<\/span><\/p>\n<p class=\"p2\"><span class=\"s2\">O mais importante, neste momento, \u00e9 observar que a rea\u00e7\u00e3o n\u00e3o est\u00e1 restrita a um \u00fanico segmento. A prefeita Sheila Lemos j\u00e1 se posicionou, a C\u00e2mara de Vereadores tamb\u00e9m, deputados de diferentes espectros pol\u00edticos manifestaram preocupa\u00e7\u00e3o e a sociedade civil organizada tem feito ecoar sua insatisfa\u00e7\u00e3o. Agora, com o governador se somando a esse coro, o movimento ganha ainda mais for\u00e7a.<\/span><\/p>\n<p class=\"p2\"><span class=\"s2\">A expectativa natural \u00e9 de que esse conjunto de press\u00f5es institucionais e sociais leve a empresa a reavaliar sua decis\u00e3o. Evidentemente, trata-se de uma empresa privada, com autonomia de gest\u00e3o, mas h\u00e1 um contexto que n\u00e3o pode ser ignorado. Quando h\u00e1 di\u00e1logo, quando h\u00e1 firmeza nas posi\u00e7\u00f5es e quando a demanda \u00e9 leg\u00edtima, como \u00e9 o caso, abre-se espa\u00e7o para uma solu\u00e7\u00e3o equilibrada.<\/span><\/p>\n<p class=\"p2\"><span class=\"s2\">Seguimos acompanhando, porque essa n\u00e3o \u00e9 apenas uma pauta local. \u00c9 uma pauta regional, que envolve desenvolvimento, mobilidade e respeito a uma cidade que tem um papel estrat\u00e9gico dentro da Bahia e do Brasil.<\/span><\/p>\n","protected":false},"excerpt":{"rendered":"<p>A situa\u00e7\u00e3o envolvendo a malha a\u00e9rea de Vit\u00f3ria da Conquista ganha um novo cap\u00edtulo e, dessa vez, com um peso pol\u00edtico ainda maior. O governador Jer\u00f4nimo Rodrigues tamb\u00e9m se posicionou de forma clara e contr\u00e1ria \u00e0 decis\u00e3o da Azul em reduzir a capacidade das aeronaves na linha entre Vit\u00f3ria da Conquista e Salvador. A fala [&hellip;]<\/p>\n","protected":false},"author":3,"featured_media":23036,"comment_status":"open","ping_status":"open","sticky":false,"template":"","format":"standard","meta":[],"categories":[7,1],"tags":[],"_links":{"self":[{"href":"https:\/\/www.blogdomassinha.com.br\/v1\/wp-json\/wp\/v2\/posts\/56290"}],"collection":[{"href":"https:\/\/www.blogdomassinha.com.br\/v1\/wp-json\/wp\/v2\/posts"}],"about":[{"href":"https:\/\/www.blogdomassinha.com.br\/v1\/wp-json\/wp\/v2\/types\/post"}],"author":[{"embeddable":true,"href":"https:\/\/www.blogdomassinha.com.br\/v1\/wp-json\/wp\/v2\/users\/3"}],"replies":[{"embeddable":true,"href":"https:\/\/www.blogdomassinha.com.br\/v1\/wp-json\/wp\/v2\/comments?post=56290"}],"version-history":[{"count":1,"href":"https:\/\/www.blogdomassinha.com.br\/v1\/wp-json\/wp\/v2\/posts\/56290\/revisions"}],"predecessor-version":[{"id":56291,"href":"https:\/\/www.blogdomassinha.com.br\/v1\/wp-json\/wp\/v2\/posts\/56290\/revisions\/56291"}],"wp:featuredmedia":[{"embeddable":true,"href":"https:\/\/www.blogdomassinha.com.br\/v1\/wp-json\/wp\/v2\/media\/23036"}],"wp:attachment":[{"href":"https:\/\/www.blogdomassinha.com.br\/v1\/wp-json\/wp\/v2\/media?parent=56290"}],"wp:term":[{"taxonomy":"category","embeddable":true,"href":"https:\/\/www.blogdomassinha.com.br\/v1\/wp-json\/wp\/v2\/categories?post=56290"},{"taxonomy":"post_tag","embeddable":true,"href":"https:\/\/www.blogdomassinha.com.br\/v1\/wp-json\/wp\/v2\/tags?post=56290"}],"curies":[{"name":"wp","href":"https:\/\/api.w.org\/{rel}","templated":true}]}}