{"id":56285,"date":"2026-04-26T08:44:30","date_gmt":"2026-04-26T11:44:30","guid":{"rendered":"https:\/\/www.blogdomassinha.com.br\/v1\/?p=56285"},"modified":"2026-04-26T08:44:30","modified_gmt":"2026-04-26T11:44:30","slug":"projeto-cine-sustentavel-ao-ar-livre-chega-a-vitoria-da-conquista-com-exibicao-gratuita-no-dia-20-de-maio-no-centro-cultural-glauber-rocha-com-apoio-da-prefeitura-e-do-sicoob","status":"publish","type":"post","link":"https:\/\/www.blogdomassinha.com.br\/v1\/2026\/04\/26\/projeto-cine-sustentavel-ao-ar-livre-chega-a-vitoria-da-conquista-com-exibicao-gratuita-no-dia-20-de-maio-no-centro-cultural-glauber-rocha-com-apoio-da-prefeitura-e-do-sicoob\/","title":{"rendered":"Projeto Cine Sustent\u00e1vel Ao Ar Livre chega a Vit\u00f3ria da Conquista com exibi\u00e7\u00e3o gratuita no dia 20 de maio, no Centro Cultural Glauber Rocha, com apoio da Prefeitura e do Sicoob."},"content":{"rendered":"<p class=\"p2\"><span class=\"s1\"><img loading=\"lazy\" class=\"alignright size-medium wp-image-56287\" src=\"https:\/\/www.blogdomassinha.com.br\/v1\/wp-content\/uploads\/2026\/04\/c6349643-bde2-4063-9655-c9ab78d4e695-225x300.jpeg\" alt=\"\" width=\"225\" height=\"300\" srcset=\"https:\/\/www.blogdomassinha.com.br\/v1\/wp-content\/uploads\/2026\/04\/c6349643-bde2-4063-9655-c9ab78d4e695-225x300.jpeg 225w, https:\/\/www.blogdomassinha.com.br\/v1\/wp-content\/uploads\/2026\/04\/c6349643-bde2-4063-9655-c9ab78d4e695.jpeg 375w\" sizes=\"(max-width: 225px) 100vw, 225px\" \/><br \/>\nVit\u00f3ria da Conquista foi contemplada com um projeto que valoriza a cultura, o meio ambiente e, acima de tudo, o acesso democr\u00e1tico ao cinema. Trata-se do Cine Sustent\u00e1vel Ao Ar Livre, uma iniciativa que vem percorrendo diversas cidades do pa\u00eds e que agora chega \u00e0 nossa terra por meio do grupo Muito Mais Promo\u00e7\u00f5es, respons\u00e1vel pela execu\u00e7\u00e3o do projeto ap\u00f3s aprova\u00e7\u00e3o em edital.<\/span><\/p>\n<p class=\"p2\"><span class=\"s1\">A proposta \u00e9 simples, mas ao mesmo tempo encantadora: proporcionar uma experi\u00eancia cinematogr\u00e1fica gratuita, ao ar livre, em um formato que remete ao tradicional drive-in, reunindo fam\u00edlias, jovens, estudantes e amantes da s\u00e9tima arte em um ambiente acess\u00edvel e acolhedor. A exibi\u00e7\u00e3o acontecer\u00e1 no estacionamento do Centro Cultural Glauber Rocha, um dos principais equipamentos culturais da cidade, e promete ser uma noite memor\u00e1vel.<\/span><\/p>\n<p class=\"p2\"><span class=\"s1\">Vit\u00f3ria da Conquista tem uma rela\u00e7\u00e3o hist\u00f3rica com o audiovisual. \u00c9 uma cidade que respira cultura, que forma p\u00fablico e que produz conte\u00fado. N\u00e3o por acaso, carrega o nome de Glauber Rocha como um dos seus maiores s\u00edmbolos, um conquistense que levou o nome da cidade para o mundo atrav\u00e9s do movimento do Cinema Novo.<\/span><!--more--><\/p>\n<p class=\"p2\"><span class=\"s1\">Al\u00e9m disso, a cidade sempre contou com figuras apaixonadas pelo cinema, pessoas que, ao longo do tempo, ajudaram a manter viva essa chama cultural. Nomes como Gild\u00e1sio Leite, Jorge Luiz e Julinho dos Campinhos fazem parte dessa hist\u00f3ria, assim como tantos outros que seguem atuando, a exemplo de Esprimo e de produtores culturais que, mesmo de forma silenciosa, continuam contribuindo para o fortalecimento do audiovisual local.<\/span><\/p>\n<p class=\"p2\"><span class=\"s1\">A pr\u00f3pria Universidade Estadual do Sudoeste da Bahia tamb\u00e9m exerce um papel importante nesse cen\u00e1rio, incentivando produ\u00e7\u00f5es e formando novos olhares para o cinema, o que demonstra que h\u00e1 um p\u00fablico interessado, participativo e sedento por iniciativas como essa.<\/span><\/p>\n<p class=\"p2\"><span class=\"s1\">Portanto, o Cine Sustent\u00e1vel chega em um momento oportuno, conectando passado, presente e futuro da cultura conquistense. \u00c9 um convite aberto \u00e0 popula\u00e7\u00e3o para vivenciar uma experi\u00eancia diferente, gratuita e de qualidade.<\/span><\/p>\n<p class=\"p2\"><span class=\"s1\">Fica a expectativa para o dia 20 de maio. Sem d\u00favida, ser\u00e1 mais um cap\u00edtulo importante na hist\u00f3ria cultural da nossa cidade.<\/span><\/p>\n\n\t\t<style type=\"text\/css\">\n\t\t\t#gallery-1 {\n\t\t\t\tmargin: auto;\n\t\t\t}\n\t\t\t#gallery-1 .gallery-item {\n\t\t\t\tfloat: left;\n\t\t\t\tmargin-top: 10px;\n\t\t\t\ttext-align: center;\n\t\t\t\twidth: 33%;\n\t\t\t}\n\t\t\t#gallery-1 img {\n\t\t\t\tborder: 2px solid #cfcfcf;\n\t\t\t}\n\t\t\t#gallery-1 .gallery-caption {\n\t\t\t\tmargin-left: 0;\n\t\t\t}\n\t\t\t\/* see gallery_shortcode() in wp-includes\/media.php *\/\n\t\t<\/style>\n\t\t<div id='gallery-1' class='gallery galleryid-56285 gallery-columns-3 gallery-size-thumbnail'><dl class='gallery-item'>\n\t\t\t<dt class='gallery-icon portrait'>\n\t\t\t\t<a href=\"https:\/\/www.blogdomassinha.com.br\/v1\/wp-content\/uploads\/2026\/04\/0698c50b-619f-4f7b-be16-b6e9f3251a2c.jpeg\" class=\"gallery_colorbox\"><img width=\"150\" height=\"150\" src=\"https:\/\/www.blogdomassinha.com.br\/v1\/wp-content\/uploads\/2026\/04\/0698c50b-619f-4f7b-be16-b6e9f3251a2c-150x150.jpeg\"  class=\"attachment-thumbnail size-thumbnail\" alt=\"\" loading=\"lazy\" \/><\/a>\n\t\t\t<\/dt><\/dl><dl class='gallery-item'>\n\t\t\t<dt class='gallery-icon portrait'>\n\t\t\t\t<a href=\"https:\/\/www.blogdomassinha.com.br\/v1\/wp-content\/uploads\/2026\/04\/c6349643-bde2-4063-9655-c9ab78d4e695.jpeg\" class=\"gallery_colorbox\"><img width=\"150\" height=\"150\" src=\"https:\/\/www.blogdomassinha.com.br\/v1\/wp-content\/uploads\/2026\/04\/c6349643-bde2-4063-9655-c9ab78d4e695-150x150.jpeg\"  class=\"attachment-thumbnail size-thumbnail\" alt=\"\" loading=\"lazy\" \/><\/a>\n\t\t\t<\/dt><\/dl><dl class='gallery-item'>\n\t\t\t<dt class='gallery-icon portrait'>\n\t\t\t\t<a href=\"https:\/\/www.blogdomassinha.com.br\/v1\/wp-content\/uploads\/2026\/04\/80263577-d5ff-4c78-bd66-1e4b0b1cf84f.jpeg\" class=\"gallery_colorbox\"><img width=\"150\" height=\"150\" src=\"https:\/\/www.blogdomassinha.com.br\/v1\/wp-content\/uploads\/2026\/04\/80263577-d5ff-4c78-bd66-1e4b0b1cf84f-150x150.jpeg\"  class=\"attachment-thumbnail size-thumbnail\" alt=\"\" loading=\"lazy\" \/><\/a>\n\t\t\t<\/dt><\/dl><br style=\"clear: both\" \/>\n\t\t<\/div>\n\n","protected":false},"excerpt":{"rendered":"<p>Vit\u00f3ria da Conquista foi contemplada com um projeto que valoriza a cultura, o meio ambiente e, acima de tudo, o acesso democr\u00e1tico ao cinema. Trata-se do Cine Sustent\u00e1vel Ao Ar Livre, uma iniciativa que vem percorrendo diversas cidades do pa\u00eds e que agora chega \u00e0 nossa terra por meio do grupo Muito Mais Promo\u00e7\u00f5es, respons\u00e1vel [&hellip;]<\/p>\n","protected":false},"author":3,"featured_media":56287,"comment_status":"open","ping_status":"open","sticky":false,"template":"","format":"standard","meta":[],"categories":[7,1],"tags":[],"_links":{"self":[{"href":"https:\/\/www.blogdomassinha.com.br\/v1\/wp-json\/wp\/v2\/posts\/56285"}],"collection":[{"href":"https:\/\/www.blogdomassinha.com.br\/v1\/wp-json\/wp\/v2\/posts"}],"about":[{"href":"https:\/\/www.blogdomassinha.com.br\/v1\/wp-json\/wp\/v2\/types\/post"}],"author":[{"embeddable":true,"href":"https:\/\/www.blogdomassinha.com.br\/v1\/wp-json\/wp\/v2\/users\/3"}],"replies":[{"embeddable":true,"href":"https:\/\/www.blogdomassinha.com.br\/v1\/wp-json\/wp\/v2\/comments?post=56285"}],"version-history":[{"count":1,"href":"https:\/\/www.blogdomassinha.com.br\/v1\/wp-json\/wp\/v2\/posts\/56285\/revisions"}],"predecessor-version":[{"id":56289,"href":"https:\/\/www.blogdomassinha.com.br\/v1\/wp-json\/wp\/v2\/posts\/56285\/revisions\/56289"}],"wp:featuredmedia":[{"embeddable":true,"href":"https:\/\/www.blogdomassinha.com.br\/v1\/wp-json\/wp\/v2\/media\/56287"}],"wp:attachment":[{"href":"https:\/\/www.blogdomassinha.com.br\/v1\/wp-json\/wp\/v2\/media?parent=56285"}],"wp:term":[{"taxonomy":"category","embeddable":true,"href":"https:\/\/www.blogdomassinha.com.br\/v1\/wp-json\/wp\/v2\/categories?post=56285"},{"taxonomy":"post_tag","embeddable":true,"href":"https:\/\/www.blogdomassinha.com.br\/v1\/wp-json\/wp\/v2\/tags?post=56285"}],"curies":[{"name":"wp","href":"https:\/\/api.w.org\/{rel}","templated":true}]}}