{"id":56282,"date":"2026-04-26T08:32:56","date_gmt":"2026-04-26T11:32:56","guid":{"rendered":"https:\/\/www.blogdomassinha.com.br\/v1\/?p=56282"},"modified":"2026-04-26T11:57:31","modified_gmt":"2026-04-26T14:57:31","slug":"adolpho-loyola-gabriela-garrido-e-rosemberg-pinto-nova-articulacao-politica-movimenta-o-cenario-para-2026","status":"publish","type":"post","link":"https:\/\/www.blogdomassinha.com.br\/v1\/2026\/04\/26\/adolpho-loyola-gabriela-garrido-e-rosemberg-pinto-nova-articulacao-politica-movimenta-o-cenario-para-2026\/","title":{"rendered":"Adolpho Loyola, Gabriela Garrido e Rosemberg Pinto: nova articula\u00e7\u00e3o pol\u00edtica movimenta o cen\u00e1rio para 2026."},"content":{"rendered":"<p class=\"p2\"><span class=\"s1\"><img loading=\"lazy\" class=\"size-medium wp-image-56283 alignleft\" src=\"https:\/\/www.blogdomassinha.com.br\/v1\/wp-content\/uploads\/2026\/04\/bf67626f-580d-4462-97dc-6288777cfd32-300x217.jpeg\" alt=\"\" width=\"300\" height=\"217\" srcset=\"https:\/\/www.blogdomassinha.com.br\/v1\/wp-content\/uploads\/2026\/04\/bf67626f-580d-4462-97dc-6288777cfd32-300x217.jpeg 300w, https:\/\/www.blogdomassinha.com.br\/v1\/wp-content\/uploads\/2026\/04\/bf67626f-580d-4462-97dc-6288777cfd32.jpeg 600w\" sizes=\"(max-width: 300px) 100vw, 300px\" \/><br \/>\nJ\u00e1 dissemos e fazemos quest\u00e3o de repetir: pol\u00edtica \u00e9 din\u00e2mica, \u00e9 movimento constante, \u00e9 como nuvem, muda de lugar a qualquer instante. Essa m\u00e1xima, consagrada ao longo do tempo, se confirma mais uma vez diante dos acontecimentos recentes no cen\u00e1rio pol\u00edtico da Bahia.<\/span><\/p>\n<p class=\"p2\"><span class=\"s1\">O secret\u00e1rioAdolpho Loyola desponta como uma das figuras centrais dessa engrenagem. Homem de confian\u00e7a do governador Jer\u00f4nimo Rodrigues, ele tem atuado nos bastidores com habilidade, construindo pontes, articulando alian\u00e7as e promovendo aproxima\u00e7\u00f5es que, muitas vezes, surpreendem at\u00e9 os mais atentos observadores da pol\u00edtica.<\/span><\/p>\n<p class=\"p2\"><span class=\"s1\">E foi exatamente isso que vimos com a movimenta\u00e7\u00e3o envolvendo a vereadora e delegada Gabriela Garrido, filiada ao Partido Verde. A sua posi\u00e7\u00e3o, agora mais claramente alinhada com a base do governo estadual, chamou aten\u00e7\u00e3o e gerou repercuss\u00e3o significativa, especialmente em Vit\u00f3ria da Conquista.<\/span><\/p>\n<p class=\"p2\"><span class=\"s1\">A decis\u00e3o da vereadora n\u00e3o deixa de ser estrat\u00e9gica dentro do contexto pol\u00edtico. Ao se posicionar dessa forma, ela se insere em um projeto maior, com proje\u00e7\u00e3o para 2026, quando dever\u00e1 disputar uma vaga na C\u00e2mara Federal. Nesse cen\u00e1rio, surge tamb\u00e9m a composi\u00e7\u00e3o com o deputado estadual Rosemberg Pinto, l\u00edder do governo na Assembleia Legislativa, formando uma dobradinha que fortalece o campo governista na regi\u00e3o.<\/span><!--more--><\/p>\n<p class=\"p2\"><span class=\"s1\">Naturalmente, essa movimenta\u00e7\u00e3o \u00e9 vista como uma conquista pol\u00edtica relevante para o grupo do governador, resultado de uma articula\u00e7\u00e3o que envolve di\u00e1logo, estrat\u00e9gia e capacidade de convencimento. Para muitos, foi uma surpresa. Para outros, um movimento esperado dentro da l\u00f3gica da pol\u00edtica, onde alian\u00e7as s\u00e3o constantemente revistas e ajustadas.<\/span><\/p>\n<p class=\"p2\"><span class=\"s1\">O fato \u00e9 que o tabuleiro come\u00e7a a se reorganizar. As pe\u00e7as est\u00e3o sendo posicionadas e, como sempre, novos movimentos ainda vir\u00e3o. A pol\u00edtica n\u00e3o se esgota em um \u00fanico ato, ela \u00e9 constru\u00edda no dia a dia, nas conversas, nas decis\u00f5es e, principalmente, nas articula\u00e7\u00f5es que muitas vezes acontecem longe dos holofotes.<\/span><\/p>\n<p class=\"p2\"><span class=\"s1\">Agora, a expectativa se volta para os pr\u00f3ximos desdobramentos. A vereadora dever\u00e1 retornar \u00e0s atividades legislativas e, certamente, esse tema ganhar\u00e1 espa\u00e7o nos debates da C\u00e2mara Municipal. A cidade acompanha, observa e interpreta cada movimento.<\/span><\/p>\n<p class=\"p2\"><span class=\"s1\">Uma coisa \u00e9 certa: 2026 j\u00e1 come\u00e7ou. E, como sempre, a pol\u00edtica continuar\u00e1 nos surpreendendo.<\/span><\/p>\n","protected":false},"excerpt":{"rendered":"<p>J\u00e1 dissemos e fazemos quest\u00e3o de repetir: pol\u00edtica \u00e9 din\u00e2mica, \u00e9 movimento constante, \u00e9 como nuvem, muda de lugar a qualquer instante. Essa m\u00e1xima, consagrada ao longo do tempo, se confirma mais uma vez diante dos acontecimentos recentes no cen\u00e1rio pol\u00edtico da Bahia. O secret\u00e1rioAdolpho Loyola desponta como uma das figuras centrais dessa engrenagem. Homem [&hellip;]<\/p>\n","protected":false},"author":3,"featured_media":56283,"comment_status":"open","ping_status":"open","sticky":false,"template":"","format":"standard","meta":[],"categories":[7,2],"tags":[],"_links":{"self":[{"href":"https:\/\/www.blogdomassinha.com.br\/v1\/wp-json\/wp\/v2\/posts\/56282"}],"collection":[{"href":"https:\/\/www.blogdomassinha.com.br\/v1\/wp-json\/wp\/v2\/posts"}],"about":[{"href":"https:\/\/www.blogdomassinha.com.br\/v1\/wp-json\/wp\/v2\/types\/post"}],"author":[{"embeddable":true,"href":"https:\/\/www.blogdomassinha.com.br\/v1\/wp-json\/wp\/v2\/users\/3"}],"replies":[{"embeddable":true,"href":"https:\/\/www.blogdomassinha.com.br\/v1\/wp-json\/wp\/v2\/comments?post=56282"}],"version-history":[{"count":2,"href":"https:\/\/www.blogdomassinha.com.br\/v1\/wp-json\/wp\/v2\/posts\/56282\/revisions"}],"predecessor-version":[{"id":56296,"href":"https:\/\/www.blogdomassinha.com.br\/v1\/wp-json\/wp\/v2\/posts\/56282\/revisions\/56296"}],"wp:featuredmedia":[{"embeddable":true,"href":"https:\/\/www.blogdomassinha.com.br\/v1\/wp-json\/wp\/v2\/media\/56283"}],"wp:attachment":[{"href":"https:\/\/www.blogdomassinha.com.br\/v1\/wp-json\/wp\/v2\/media?parent=56282"}],"wp:term":[{"taxonomy":"category","embeddable":true,"href":"https:\/\/www.blogdomassinha.com.br\/v1\/wp-json\/wp\/v2\/categories?post=56282"},{"taxonomy":"post_tag","embeddable":true,"href":"https:\/\/www.blogdomassinha.com.br\/v1\/wp-json\/wp\/v2\/tags?post=56282"}],"curies":[{"name":"wp","href":"https:\/\/api.w.org\/{rel}","templated":true}]}}