{"id":56280,"date":"2026-04-26T08:26:03","date_gmt":"2026-04-26T11:26:03","guid":{"rendered":"https:\/\/www.blogdomassinha.com.br\/v1\/?p=56280"},"modified":"2026-04-26T08:26:03","modified_gmt":"2026-04-26T11:26:03","slug":"wagner-alves-amplia-articulacao-regional-sem-abrir-mao-da-sua-base-em-vitoria-da-conquista-e-intensifica-agenda-em-pocoes","status":"publish","type":"post","link":"https:\/\/www.blogdomassinha.com.br\/v1\/2026\/04\/26\/wagner-alves-amplia-articulacao-regional-sem-abrir-mao-da-sua-base-em-vitoria-da-conquista-e-intensifica-agenda-em-pocoes\/","title":{"rendered":"Wagner Alves amplia articula\u00e7\u00e3o regional sem abrir m\u00e3o da sua base em Vit\u00f3ria da Conquista e intensifica agenda em Po\u00e7\u00f5es."},"content":{"rendered":"<p class=\"p2\"><span class=\"s2\"><img loading=\"lazy\" class=\"alignright size-medium wp-image-56252\" src=\"https:\/\/www.blogdomassinha.com.br\/v1\/wp-content\/uploads\/2026\/04\/IMG_6604-300x225.jpeg\" alt=\"\" width=\"300\" height=\"225\" srcset=\"https:\/\/www.blogdomassinha.com.br\/v1\/wp-content\/uploads\/2026\/04\/IMG_6604-300x225.jpeg 300w, https:\/\/www.blogdomassinha.com.br\/v1\/wp-content\/uploads\/2026\/04\/IMG_6604.jpeg 600w\" sizes=\"(max-width: 300px) 100vw, 300px\" \/><br \/>\nSe existe algo que n\u00e3o pode ser subestimado na pol\u00edtica, \u00e9 o voto. Conquistar votos, seja para um parlamento municipal, para uma assembleia legislativa, para a C\u00e2mara Federal ou at\u00e9 mesmo para o comando de uma cidade, exige esfor\u00e7o cont\u00ednuo, presen\u00e7a e, acima de tudo, credibilidade.<\/span><\/p>\n<p class=\"p2\"><span class=\"s2\">N\u00e3o \u00e9 uma tarefa simples. \u00c9 preciso percorrer caminhos, participar de reuni\u00f5es, dialogar com diferentes segmentos da sociedade, estar presente em sindicatos, escolas, assembleias, cl\u00ednicas, comunidades rurais, ouvir e ser ouvido. A pol\u00edtica exige proximidade, clareza no discurso e, principalmente, a capacidade de transmitir confian\u00e7a sem cair na armadilha de parecer apenas mais um pol\u00edtico tradicional.<\/span><\/p>\n<p class=\"p2\"><span class=\"s2\">Dentro desse cen\u00e1rio, Wagner Alves tem demonstrado compreender bem essa din\u00e2mica. Pr\u00e9-candidato a deputado estadual, ele tem em Vit\u00f3ria da Conquista a sua principal base eleitoral, onde construiu sua trajet\u00f3ria profissional e mant\u00e9m suas ra\u00edzes. No entanto, sem abrir m\u00e3o dessa base, passou a ampliar sua atua\u00e7\u00e3o, buscando di\u00e1logo em munic\u00edpios vizinhos, como Po\u00e7\u00f5es, onde esteve duas vezes apenas na \u00faltima semana.<\/span><\/p>\n<p class=\"p2\"><span class=\"s2\">Essa movimenta\u00e7\u00e3o mostra uma estrat\u00e9gia clara: consolidar sua for\u00e7a local e, ao mesmo tempo, expandir sua presen\u00e7a regional. Trata-se de um movimento natural para quem pretende disputar uma vaga na Assembleia Legislativa, ampliando o alcance do seu nome e se apresentando como uma op\u00e7\u00e3o tamb\u00e9m para outras cidades do sudoeste.<\/span><!--more--><\/p>\n<p class=\"p2\"><span class=\"s2\">Wagner conta com um apoio pol\u00edtico relevante, o da prefeita Sheila Lemos, que defende sua pr\u00e9-candidatura dentro de um projeto de grupo, constru\u00eddo ao longo do tempo e fortalecido ap\u00f3s sua elei\u00e7\u00e3o. Esse apoio tem peso, mas, como se observa, n\u00e3o \u00e9 o \u00fanico caminho adotado por ele, que busca construir sua pr\u00f3pria trajet\u00f3ria junto ao eleitorado.<\/span><\/p>\n<p class=\"p2\"><span class=\"s2\">Outro ponto que se destaca \u00e9 a parceria pol\u00edtica com L\u00e9o Prates, que surge como seu aliado na composi\u00e7\u00e3o eleitoral. Essa dobradinha j\u00e1 come\u00e7a a ganhar visibilidade e se apresenta como uma estrat\u00e9gia conjunta, unindo a pr\u00e9-candidatura estadual de Wagner com a atua\u00e7\u00e3o federal de L\u00e9o Prates.<\/span><\/p>\n<p class=\"p2\"><span class=\"s2\">O cen\u00e1rio ainda est\u00e1 em forma\u00e7\u00e3o, e muitas pe\u00e7as ainda ser\u00e3o movimentadas at\u00e9 o pleito de 2026. O que se observa, no entanto, \u00e9 que Wagner Alves inicia sua caminhada com disposi\u00e7\u00e3o, ampliando contatos, fortalecendo alian\u00e7as e buscando construir uma candidatura que dialogue n\u00e3o apenas com Vit\u00f3ria da Conquista, mas com toda a regi\u00e3o.<\/span><\/p>\n<p class=\"p2\"><span class=\"s2\">Seguimos acompanhando, porque, como sempre, ser\u00e1 nas urnas que o eleitor dar\u00e1 a palavra final.<\/span><\/p>\n","protected":false},"excerpt":{"rendered":"<p>Se existe algo que n\u00e3o pode ser subestimado na pol\u00edtica, \u00e9 o voto. Conquistar votos, seja para um parlamento municipal, para uma assembleia legislativa, para a C\u00e2mara Federal ou at\u00e9 mesmo para o comando de uma cidade, exige esfor\u00e7o cont\u00ednuo, presen\u00e7a e, acima de tudo, credibilidade. N\u00e3o \u00e9 uma tarefa simples. \u00c9 preciso percorrer caminhos, [&hellip;]<\/p>\n","protected":false},"author":3,"featured_media":56252,"comment_status":"open","ping_status":"open","sticky":false,"template":"","format":"standard","meta":[],"categories":[7,2],"tags":[],"_links":{"self":[{"href":"https:\/\/www.blogdomassinha.com.br\/v1\/wp-json\/wp\/v2\/posts\/56280"}],"collection":[{"href":"https:\/\/www.blogdomassinha.com.br\/v1\/wp-json\/wp\/v2\/posts"}],"about":[{"href":"https:\/\/www.blogdomassinha.com.br\/v1\/wp-json\/wp\/v2\/types\/post"}],"author":[{"embeddable":true,"href":"https:\/\/www.blogdomassinha.com.br\/v1\/wp-json\/wp\/v2\/users\/3"}],"replies":[{"embeddable":true,"href":"https:\/\/www.blogdomassinha.com.br\/v1\/wp-json\/wp\/v2\/comments?post=56280"}],"version-history":[{"count":1,"href":"https:\/\/www.blogdomassinha.com.br\/v1\/wp-json\/wp\/v2\/posts\/56280\/revisions"}],"predecessor-version":[{"id":56281,"href":"https:\/\/www.blogdomassinha.com.br\/v1\/wp-json\/wp\/v2\/posts\/56280\/revisions\/56281"}],"wp:featuredmedia":[{"embeddable":true,"href":"https:\/\/www.blogdomassinha.com.br\/v1\/wp-json\/wp\/v2\/media\/56252"}],"wp:attachment":[{"href":"https:\/\/www.blogdomassinha.com.br\/v1\/wp-json\/wp\/v2\/media?parent=56280"}],"wp:term":[{"taxonomy":"category","embeddable":true,"href":"https:\/\/www.blogdomassinha.com.br\/v1\/wp-json\/wp\/v2\/categories?post=56280"},{"taxonomy":"post_tag","embeddable":true,"href":"https:\/\/www.blogdomassinha.com.br\/v1\/wp-json\/wp\/v2\/tags?post=56280"}],"curies":[{"name":"wp","href":"https:\/\/api.w.org\/{rel}","templated":true}]}}