{"id":56059,"date":"2026-04-10T01:41:04","date_gmt":"2026-04-10T04:41:04","guid":{"rendered":"https:\/\/www.blogdomassinha.com.br\/v1\/?p=56059"},"modified":"2026-04-10T01:41:04","modified_gmt":"2026-04-10T04:41:04","slug":"roda-de-timbau-conecta-ilheus-e-o-candeal-em-encontro-de-artistas-e-destaca-a-ancestralidade-da-musica-baiana","status":"publish","type":"post","link":"https:\/\/www.blogdomassinha.com.br\/v1\/2026\/04\/10\/roda-de-timbau-conecta-ilheus-e-o-candeal-em-encontro-de-artistas-e-destaca-a-ancestralidade-da-musica-baiana\/","title":{"rendered":"Roda de Timbau conecta Ilh\u00e9us e o Candeal em encontro de artistas e destaca a ancestralidade da m\u00fasica baiana"},"content":{"rendered":"<p class=\"p1\"><span class=\"s1\"><img loading=\"lazy\" class=\"size-medium wp-image-56060 alignleft\" src=\"https:\/\/www.blogdomassinha.com.br\/v1\/wp-content\/uploads\/2026\/04\/9dd97c17-3171-42f1-badd-ba6bb5b333e9-300x200.jpeg\" alt=\"\" width=\"300\" height=\"200\" srcset=\"https:\/\/www.blogdomassinha.com.br\/v1\/wp-content\/uploads\/2026\/04\/9dd97c17-3171-42f1-badd-ba6bb5b333e9-300x200.jpeg 300w, https:\/\/www.blogdomassinha.com.br\/v1\/wp-content\/uploads\/2026\/04\/9dd97c17-3171-42f1-badd-ba6bb5b333e9.jpeg 600w\" sizes=\"(max-width: 300px) 100vw, 300px\" \/><br \/>\nNa tarde do dia 8 de abril, a Pra\u00e7a do Teatro Municipal de Ilh\u00e9us deixou de ser lugar de passagem para se tornar um espa\u00e7o de encontro musical. O movimento Stilo Timba encontrou a Roda de Timbau do Candeal, unindo Ilh\u00e9us e Salvador em uma experi\u00eancia que reuniu m\u00fasicos, apreciadores, e fez pulsar o centro da cidade. Dos ritmos que v\u00e3o do Olodum \u00e0 Timbalada, a roda de timbau tamb\u00e9m atravessou outras sonoridades e incorporou vers\u00f5es percussivas de m\u00fasicas de \u00edcones como Michael Jackson.<\/span><\/p>\n<p class=\"p1\"><span class=\"s1\">O idealizador do Stilo Timba, Danilo Leitte, trouxe para a capital do cacau o m\u00fasico Elbermario Rodrigues, refer\u00eancia da percuss\u00e3o baiana, com trajet\u00f3ria constru\u00edda no Candeal, junto \u00e0 Timbalada, ao lado de Carlinhos Brown, e integrando a banda de Ivete Sangalo h\u00e1 13 anos. Uma conex\u00e3o Ilh\u00e9us\u2013Salvador que conta hist\u00f3ria.<\/span><\/p>\n<p class=\"p1\"><span class=\"s1\">A vontade do ilheense Danilo Leitte de levar a m\u00fasica percussiva para os centros da comunidade de Ilh\u00e9us, e do mundo, efervesce desde 2008, quando idealizou e criou o movimento Stilo Timba, que ganhou forma em pra\u00e7a p\u00fablica em 2023, ap\u00f3s um momento decisivo em sua trajet\u00f3ria.<\/span><\/p>\n<p class=\"p1\"><span class=\"s1\">Danilo relembra que o projeto nasce de uma inquieta\u00e7\u00e3o antiga. \u201cSempre vivi da m\u00fasica. Mas, em 2015, eu estava desiludido e queria parar. J\u00e1 estava na ideia de procurar outra profiss\u00e3o. N\u00e3o aguentava mais. Foi quando, no dia do meu anivers\u00e1rio, minha amiga Ilse me presenteou com a inscri\u00e7\u00e3o para concorrer \u00e0 sele\u00e7\u00e3o que Carlinhos Brown lan\u00e7ou para m\u00fasicos do Brasil tocarem com ele no Carnaval de Salvador. Passei para fazer a audi\u00e7\u00e3o e, com a not\u00edcia da aprova\u00e7\u00e3o, fui chamado para tocar dois dias com Carlinhos Brown no Bateria de rua da Timbalada e na Festa de Iemanj\u00e1, no dia 2 de fevereiro de 2016\u201d.<\/span><\/p>\n<p class=\"p1\"><span class=\"s1\">Essa experi\u00eancia reacendeu no percussionista a chama de viver da m\u00fasica. \u201cFoi a\u00ed que nasceu minha amizade com Elbermario. Essa \u00e9 uma hist\u00f3ria muito bonita\u201d.<\/span><\/p>\n<p class=\"p1\"><span class=\"s1\">Em 2023, o Stilo Timba promoveu a primeira edi\u00e7\u00e3o do projeto em Ilh\u00e9us no formato de roda de timbau, colocando em pr\u00e1tica o sonho idealizado em 2008. Em 2024, a conex\u00e3o musical entre os regentes se materializou com a primeira edi\u00e7\u00e3o do encontro entre a Roda de Timbau do Candeal e o Stilo Timba.<\/span><\/p>\n<p class=\"p1\"><span class=\"s1\">\u201cEsse movimento \u00e9 coletividade. Quero que as pessoas entendam que a m\u00fasica \u00e9 amor. A gente tem que se unir. \u00c9 o tambor que faz a Bahia. E por que n\u00e3o fazer essa conex\u00e3o, mostrando isso atrav\u00e9s de Ilh\u00e9us, da Terra do Cacau, por meio do tambor?\u201d, reflete Elbermario, ao relatar sua conex\u00e3o entre cidades, estados e continentes por meio da m\u00fasica percussiva.<\/span><\/p>\n<p class=\"p1\"><span class=\"s1\">De acordo com Danilo Leitte, o objetivo da iniciativa \u00e9 reunir m\u00fasicos, fortalecer a cultura, agregar pessoas, descobrir talentos e transformar vidas.<\/span><\/p>\n<p class=\"p1\"><span class=\"s1\">A edi\u00e7\u00e3o deste ano marcou a retomada do projeto ap\u00f3s um intervalo em 2025 e consolida um movimento que j\u00e1 atravessa mais de uma d\u00e9cada entre idealiza\u00e7\u00e3o e pr\u00e1tica. Em Ilh\u00e9us, esta foi a terceira edi\u00e7\u00e3o do Stilo Timba em pra\u00e7a p\u00fablica e a segunda em conex\u00e3o direta com a Roda de Timbau do Candeal, iniciativa que existe em Salvador desde 2019.<\/span><\/p>\n<p class=\"p1\"><span class=\"s1\">O tambor cura<\/span><\/p>\n<p class=\"p1\"><span class=\"s1\">Elbermario explica que os ritmos executados na roda partem das claves do candombl\u00e9, dos toques de rum, pi, l\u00e9 e gan, e se desdobram em cria\u00e7\u00e3o cont\u00ednua. \u201cA gente cria a partir disso. O tambor vem dessa base\u201d, diz.<\/span><\/p>\n<p class=\"p1\"><span class=\"s1\">Mais do que t\u00e9cnica, h\u00e1 uma filosofia: \u201cO tambor cura, o tambor \u00e9 terapia, o tambor \u00e9 amor. Estou muito feliz porque parece que \u00e9 uma guerra vencida. Isso aqui vai repercutir muito\u201d.<\/span><!--more--><\/p>\n<p class=\"p1\"><span class=\"s1\">Essa dimens\u00e3o espiritual e cultural atravessa o projeto e encontra ra\u00edzes na cena ilheense.<\/span><\/p>\n<p class=\"p1\"><span class=\"s1\">Ilh\u00e9us: territ\u00f3rio pulsante, m\u00fasica do mundo<\/span><\/p>\n<p class=\"p1\"><span class=\"s1\">Para o m\u00fasico Eddy Oliveira, que tamb\u00e9m participou da roda de timbau, o encontro evidencia uma caracter\u00edstica hist\u00f3rica da cidade: a for\u00e7a de sua produ\u00e7\u00e3o cultural, especialmente marcada pela percuss\u00e3o. \u201cA m\u00fasica percussiva afrolatina mora muito na veia do povo e do m\u00fasico ilheense\u201d, destaca.<\/span><\/p>\n<p class=\"p1\"><span class=\"s1\">Na leitura do artista, Ilh\u00e9us re\u00fane uma diversidade sonora que atravessa g\u00eaneros e constr\u00f3i uma identidade pr\u00f3pria. Diferentes estilos coexistem e dialogam na cidade, criando um ambiente que alimenta a cria\u00e7\u00e3o art\u00edstica. \u201cIlh\u00e9us n\u00e3o \u00e9 territorialmente grande como Salvador, mas \u00e9, artisticamente, t\u00e3o pulsante quanto\u201d, afirma.<\/span><\/p>\n<p class=\"p1\"><span class=\"s1\">Eddy tamb\u00e9m chama aten\u00e7\u00e3o para a import\u00e2ncia do movimento como ponto de integra\u00e7\u00e3o entre os m\u00fasicos. Segundo ele, ainda existem distanciamentos entre cenas e linguagens, mas iniciativas como essa ajudam a aproximar. \u201c\u00c0s vezes, a gente fica muito afastado, como se fossem alguns cl\u00e3s\u2026 e aqui tem muita refer\u00eancia\u201d, pontua.<\/span><\/p>\n<p class=\"p1\"><span class=\"s1\">Ao refletir sobre a conex\u00e3o com Salvador, ele refor\u00e7a o valor simb\u00f3lico do encontro: \u201cA gente tem muito talento na cidade, e essa fus\u00e3o \u00e9 uma forma de dizer: \u2018a gente est\u00e1 aqui, fazendo arte\u2019. Me sinto muito feliz por essa interven\u00e7\u00e3o, por pessoas incr\u00edveis que t\u00eam enxergado isso e por essa galera que est\u00e1 nesse movimento de fazer tudo isso junto\u201d.<\/span><\/p>\n<p class=\"p1\"><span class=\"s1\">M\u00fasicos em cena<\/span><\/p>\n<p class=\"p1\"><span class=\"s1\">Al\u00e9m dos regentes &#8211; o anfitri\u00e3o Danilo Leitte e o convidado Elbermario Rodrigues &#8211; a roda reuniu um conjunto diverso de m\u00fasicos, evidenciando a for\u00e7a coletiva do projeto. Estiveram presentes PH do Acordeon, Juninho do Acordeon, Marquito (teclado), Pop (guitarra), Jorge B\u00e9is (baixo), al\u00e9m dos bateristas Canibal, Marcelo Soares e Nadson Nascimento. A apresenta\u00e7\u00e3o contou ainda com o vocal de Eddy Oliveira da banda Vida de Acesso, e participa\u00e7\u00f5es especiais como Marinho, da Orquestra Gongombira, e Silvandira, do grupo de samba de roda. Outros m\u00fasicos tamb\u00e9m integraram a forma\u00e7\u00e3o, como Jo\u00e3o Elias (tri\u00e2ngulo), Sandra Girassol (zabumba) e Thiago Pomba (percuss\u00e3o), al\u00e9m de dezenas de participantes percussionistas, refor\u00e7ando o car\u00e1ter aberto e agregador da iniciativa.<\/span><\/p>\n<p class=\"p1\"><span class=\"s1\">Pr\u00f3ximo passo: ampliar<\/span><\/p>\n<p class=\"p1\"><span class=\"s1\">Danilo Leitte, que atua h\u00e1 anos como percussionista e educador musical em Ilh\u00e9us, projeta ampliar a recorr\u00eancia dos encontros na cidade, com circula\u00e7\u00e3o por bairros e comunidades, fortalecendo a base local.<\/span><\/p>\n<p class=\"p1\"><span class=\"s1\">Com trajet\u00f3ria iniciada ainda na inf\u00e2ncia, o m\u00fasico tamb\u00e9m desenvolve um trabalho cont\u00ednuo de forma\u00e7\u00e3o por meio de aulas de percuss\u00e3o, com passagens por institui\u00e7\u00f5es de ensino e projetos ativos, como no Instituto Nossa Senhora da Piedade. \u00c0 frente do Stilo Timba, mant\u00e9m abertas as portas para novos aprendizes e interessados na linguagem percussiva. Quem deseja acompanhar o trabalho, buscar informa\u00e7\u00f5es sobre as aulas ou apoiar a iniciativa, pode entrar em contato pelo Instagram (@daniloleitte) ou pelo telefone (73) 98820-3066.<\/span><\/p>\n<p class=\"p1\"><span class=\"s1\">\u201cAgradecemos aos m\u00fasicos, ao p\u00fablico presente e a todos que contribuem para manter viva a proposta de fortalecer a cultura por meio da percuss\u00e3o e da ocupa\u00e7\u00e3o dos espa\u00e7os urbanos. Queremos levar essa alegria a mais pessoas, com encontros cont\u00ednuos. Os incentivos e apoios s\u00e3o fundamentais para a continuidade do projeto\u201d, refor\u00e7ou.<\/span><\/p>\n<p class=\"p1\"><span class=\"s1\">Apoio e realiza\u00e7\u00e3o<\/span><\/p>\n<p class=\"p1\"><span class=\"s1\">A realiza\u00e7\u00e3o da Roda de Timbau 2026 contou com o apoio de parceiros, entre eles a Prefeitura de Ilh\u00e9us, Amanda Cristinne, Bruno Som Eventos, CD Tintas e Materiais de Constru\u00e7\u00e3o, Forroz\u00e3o da Samarica, Barrak\u00edtika, Grupo Ves\u00favio, Trilha F\u00e9, Pizza Super Prime, Barriga na Brasa, Espa\u00e7o Psi Ilse Ara\u00fajo, Dona Gel, Ax\u00e9 Caf\u00e9 e Sauce Produ\u00e7\u00f5es.<\/span><\/p>\n<p class=\"p1\"><span class=\"s1\">Um estado de alegria \u2013 E se Jorge Amado dizia que ser baiano \u00e9 um estado de esp\u00edrito, ser ilheense, e com a percuss\u00e3o de iniciativas como essa, ent\u00e3o, \u00e9 um estado de alegria.<\/span><\/p>\n<p class=\"p1\"><span class=\"s1\">Por Anna Karenina MTB-BA 4085<\/span><\/p>\n","protected":false},"excerpt":{"rendered":"<p>Na tarde do dia 8 de abril, a Pra\u00e7a do Teatro Municipal de Ilh\u00e9us deixou de ser lugar de passagem para se tornar um espa\u00e7o de encontro musical. O movimento Stilo Timba encontrou a Roda de Timbau do Candeal, unindo Ilh\u00e9us e Salvador em uma experi\u00eancia que reuniu m\u00fasicos, apreciadores, e fez pulsar o centro [&hellip;]<\/p>\n","protected":false},"author":3,"featured_media":56060,"comment_status":"open","ping_status":"open","sticky":false,"template":"","format":"standard","meta":[],"categories":[7,1],"tags":[],"_links":{"self":[{"href":"https:\/\/www.blogdomassinha.com.br\/v1\/wp-json\/wp\/v2\/posts\/56059"}],"collection":[{"href":"https:\/\/www.blogdomassinha.com.br\/v1\/wp-json\/wp\/v2\/posts"}],"about":[{"href":"https:\/\/www.blogdomassinha.com.br\/v1\/wp-json\/wp\/v2\/types\/post"}],"author":[{"embeddable":true,"href":"https:\/\/www.blogdomassinha.com.br\/v1\/wp-json\/wp\/v2\/users\/3"}],"replies":[{"embeddable":true,"href":"https:\/\/www.blogdomassinha.com.br\/v1\/wp-json\/wp\/v2\/comments?post=56059"}],"version-history":[{"count":1,"href":"https:\/\/www.blogdomassinha.com.br\/v1\/wp-json\/wp\/v2\/posts\/56059\/revisions"}],"predecessor-version":[{"id":56061,"href":"https:\/\/www.blogdomassinha.com.br\/v1\/wp-json\/wp\/v2\/posts\/56059\/revisions\/56061"}],"wp:featuredmedia":[{"embeddable":true,"href":"https:\/\/www.blogdomassinha.com.br\/v1\/wp-json\/wp\/v2\/media\/56060"}],"wp:attachment":[{"href":"https:\/\/www.blogdomassinha.com.br\/v1\/wp-json\/wp\/v2\/media?parent=56059"}],"wp:term":[{"taxonomy":"category","embeddable":true,"href":"https:\/\/www.blogdomassinha.com.br\/v1\/wp-json\/wp\/v2\/categories?post=56059"},{"taxonomy":"post_tag","embeddable":true,"href":"https:\/\/www.blogdomassinha.com.br\/v1\/wp-json\/wp\/v2\/tags?post=56059"}],"curies":[{"name":"wp","href":"https:\/\/api.w.org\/{rel}","templated":true}]}}