{"id":56046,"date":"2026-04-07T13:43:42","date_gmt":"2026-04-07T16:43:42","guid":{"rendered":"https:\/\/www.blogdomassinha.com.br\/v1\/?p=56046"},"modified":"2026-04-07T13:43:42","modified_gmt":"2026-04-07T16:43:42","slug":"anphilofio-pedral-sampaio-partiu-aos-99-anos","status":"publish","type":"post","link":"https:\/\/www.blogdomassinha.com.br\/v1\/2026\/04\/07\/anphilofio-pedral-sampaio-partiu-aos-99-anos\/","title":{"rendered":"Anphil\u00f3fio Pedral Sampaio partiu aos 99 anos!"},"content":{"rendered":"<div id=\"attachment_56047\" style=\"width: 310px\" class=\"wp-caption alignleft\"><img aria-describedby=\"caption-attachment-56047\" loading=\"lazy\" class=\"size-medium wp-image-56047\" src=\"https:\/\/www.blogdomassinha.com.br\/v1\/wp-content\/uploads\/2026\/04\/IMG_6137-300x199.jpeg\" alt=\"\" width=\"300\" height=\"199\" srcset=\"https:\/\/www.blogdomassinha.com.br\/v1\/wp-content\/uploads\/2026\/04\/IMG_6137-300x199.jpeg 300w, https:\/\/www.blogdomassinha.com.br\/v1\/wp-content\/uploads\/2026\/04\/IMG_6137.jpeg 600w\" sizes=\"(max-width: 300px) 100vw, 300px\" \/><p id=\"caption-attachment-56047\" class=\"wp-caption-text\">Foto: Blog do Anderson<\/p><\/div>\n<p class=\"p2\"><span class=\"s1\"><br \/>\n\u00c9 com muito pesar que registramos a partida, aos 99 anos de idade, de uma das figuras mais not\u00e1veis da sociedade conquistense e da pol\u00edtica local, Anphil\u00f3fio<\/span> <span class=\"s1\">Pedral Sampaio.<\/span><\/p>\n<p class=\"p2\"><span class=\"s1\">Ex-vereador do nosso munic\u00edpio, candidato a deputado e sempre atuante na vida p\u00fablica da cidade, ele teve uma participa\u00e7\u00e3o marcante na capital do Sudoeste baiano. Irm\u00e3o do ex-prefeito Pedral Sampaio, deixa um legado de compromisso com a cidade.<\/span><\/p>\n<p class=\"p2\"><span class=\"s1\">Anphil\u00f3fio deixa sua esposa, oito filhos e dezessete netos. Sua partida ocorreu hoje, dia sete, e \u00e9 motivo de grande consterna\u00e7\u00e3o para todos n\u00f3s.<\/span><\/p>\n<p class=\"p2\"><span class=\"s1\">Apaixonado por Vit\u00f3ria da Conquista, era presen\u00e7a constante nas ruas da cidade. Era comum v\u00ea-lo no Bequinho da Tesoura, na Alameda Lima Guerra, nas imedia\u00e7\u00f5es da C\u00e2mara de Vereadores, pela Coronel Gug\u00e9, ou ainda no tradicional Sal\u00e3o Bahia, sempre conversando com amigos.<\/span><!--more--><\/p>\n<p class=\"p2\"><span class=\"s1\">Andarilho por natureza, dificilmente era visto dentro de um carro. Gostava de caminhar, de sentir a cidade, de viver o cotidiano ao lado do povo.<\/span><\/p>\n<p class=\"p2\"><span class=\"s1\">Engenheiro agr\u00f4nomo, exerceu sua profiss\u00e3o com dedica\u00e7\u00e3o e deixou sua contribui\u00e7\u00e3o tamb\u00e9m nessa \u00e1rea. Sua aus\u00eancia abre uma lacuna significativa em nossa sociedade.<\/span><\/p>\n<p class=\"p2\"><span class=\"s1\">Fica a lembran\u00e7a de um homem simples, presente, comprometido com sua terra e com sua gente.<\/span><\/p>\n<p class=\"p2\"><span class=\"s1\">Fil\u00f3, v\u00e1 com Deus.<\/span><\/p>\n<p class=\"p2\"><span class=\"s1\">\u00c0 fam\u00edlia, nossos sentimentos. Que encontrem conforto na certeza de que ele cumpriu sua miss\u00e3o como pai, av\u00f4, esposo, amigo e cidad\u00e3o.<\/span><\/p>\n","protected":false},"excerpt":{"rendered":"<p>\u00c9 com muito pesar que registramos a partida, aos 99 anos de idade, de uma das figuras mais not\u00e1veis da sociedade conquistense e da pol\u00edtica local, Anphil\u00f3fio Pedral Sampaio. Ex-vereador do nosso munic\u00edpio, candidato a deputado e sempre atuante na vida p\u00fablica da cidade, ele teve uma participa\u00e7\u00e3o marcante na capital do Sudoeste baiano. Irm\u00e3o [&hellip;]<\/p>\n","protected":false},"author":3,"featured_media":56047,"comment_status":"open","ping_status":"open","sticky":false,"template":"","format":"standard","meta":[],"categories":[7,1],"tags":[],"_links":{"self":[{"href":"https:\/\/www.blogdomassinha.com.br\/v1\/wp-json\/wp\/v2\/posts\/56046"}],"collection":[{"href":"https:\/\/www.blogdomassinha.com.br\/v1\/wp-json\/wp\/v2\/posts"}],"about":[{"href":"https:\/\/www.blogdomassinha.com.br\/v1\/wp-json\/wp\/v2\/types\/post"}],"author":[{"embeddable":true,"href":"https:\/\/www.blogdomassinha.com.br\/v1\/wp-json\/wp\/v2\/users\/3"}],"replies":[{"embeddable":true,"href":"https:\/\/www.blogdomassinha.com.br\/v1\/wp-json\/wp\/v2\/comments?post=56046"}],"version-history":[{"count":1,"href":"https:\/\/www.blogdomassinha.com.br\/v1\/wp-json\/wp\/v2\/posts\/56046\/revisions"}],"predecessor-version":[{"id":56048,"href":"https:\/\/www.blogdomassinha.com.br\/v1\/wp-json\/wp\/v2\/posts\/56046\/revisions\/56048"}],"wp:featuredmedia":[{"embeddable":true,"href":"https:\/\/www.blogdomassinha.com.br\/v1\/wp-json\/wp\/v2\/media\/56047"}],"wp:attachment":[{"href":"https:\/\/www.blogdomassinha.com.br\/v1\/wp-json\/wp\/v2\/media?parent=56046"}],"wp:term":[{"taxonomy":"category","embeddable":true,"href":"https:\/\/www.blogdomassinha.com.br\/v1\/wp-json\/wp\/v2\/categories?post=56046"},{"taxonomy":"post_tag","embeddable":true,"href":"https:\/\/www.blogdomassinha.com.br\/v1\/wp-json\/wp\/v2\/tags?post=56046"}],"curies":[{"name":"wp","href":"https:\/\/api.w.org\/{rel}","templated":true}]}}