{"id":56043,"date":"2026-04-07T13:36:22","date_gmt":"2026-04-07T16:36:22","guid":{"rendered":"https:\/\/www.blogdomassinha.com.br\/v1\/?p=56043"},"modified":"2026-04-07T13:36:22","modified_gmt":"2026-04-07T16:36:22","slug":"9-e-10-de-abril-no-centro-de-cultura-em-vitoria-da-conquista-um-evento-marcante-para-a-nossa-cidade-nao-devemos-cultivar-o-pessimismo","status":"publish","type":"post","link":"https:\/\/www.blogdomassinha.com.br\/v1\/2026\/04\/07\/9-e-10-de-abril-no-centro-de-cultura-em-vitoria-da-conquista-um-evento-marcante-para-a-nossa-cidade-nao-devemos-cultivar-o-pessimismo\/","title":{"rendered":"9 e 10 de abril no Centro de Cultura, em Vit\u00f3ria da Conquista: um evento marcante para a nossa cidade. N\u00e3o devemos cultivar o pessimismo."},"content":{"rendered":"<p class=\"p2\"><span class=\"s1\"><img loading=\"lazy\" class=\"alignright size-medium wp-image-56044\" src=\"https:\/\/www.blogdomassinha.com.br\/v1\/wp-content\/uploads\/2026\/04\/c234e1a5-daa1-4c61-b53e-979a31c5305f-149x300.jpeg\" alt=\"\" width=\"149\" height=\"300\" srcset=\"https:\/\/www.blogdomassinha.com.br\/v1\/wp-content\/uploads\/2026\/04\/c234e1a5-daa1-4c61-b53e-979a31c5305f-149x300.jpeg 149w, https:\/\/www.blogdomassinha.com.br\/v1\/wp-content\/uploads\/2026\/04\/c234e1a5-daa1-4c61-b53e-979a31c5305f.jpeg 249w\" sizes=\"(max-width: 149px) 100vw, 149px\" \/><br \/>\nMeus amigos, minhas amigas, n\u00f3s precisamos deixar de cultivar o ceticismo.<\/span><\/p>\n<p class=\"p2\"><span class=\"s1\">N\u00e3o \u00e9 poss\u00edvel que uma cidade seja escolhida para sediar um evento de tamanha import\u00e2ncia, dentro de um universo de tantos munic\u00edpios do nosso estado, com capacidade, grandeza e hist\u00f3ria, e ainda assim haja d\u00favidas sobre o nosso potencial. Vit\u00f3ria da Conquista foi escolhida, e isso n\u00e3o \u00e9 por acaso.<\/span><\/p>\n<p class=\"p2\"><span class=\"s1\">O evento acontecer\u00e1 no Centro de Cultura Camilo de Jesus Lima, nos dias 9 e 10 de abril, e precisamos compreender o significado dessa escolha.<\/span><\/p>\n<p class=\"p2\"><span class=\"s1\">N\u00e3o se trata de um devaneio. N\u00e3o \u00e9 apenas uma agenda para reunir pessoas e dizer que algo foi realizado. Vai muito al\u00e9m disso. \u00c9 o reconhecimento do potencial do interior, da for\u00e7a de uma cidade que se destaca no cen\u00e1rio regional. Como realizadores, como sociedade, precisamos nos compenetrar disso.<\/span><\/p>\n<p class=\"p2\"><span class=\"s1\">Eu sou otimista. Sempre fui. E acredito que, em algum momento, parte da popula\u00e7\u00e3o deixou de acreditar naquilo que somos capazes de construir. Mas isso n\u00e3o \u00e9 culpa do povo, dos empres\u00e1rios, dos trabalhadores ou das institui\u00e7\u00f5es.<\/span><\/p>\n<p class=\"p2\"><span class=\"s1\">Os exemplos est\u00e3o a\u00ed, diante de n\u00f3s. E, justamente por isso, refor\u00e7o: n\u00e3o \u00e9 por acaso que Conquista foi escolhida para sediar esse evento.<\/span><!--more--><\/p>\n<p class=\"p2\"><span class=\"s1\">Nos dias 9 e 10 de abril, teremos a oportunidade de debater, dialogar, refletir e construir caminhos para o futuro. \u00c9 um momento de encontro, de troca e de fortalecimento. Considero, sim, um marco na nossa hist\u00f3ria. <\/span><\/p>\n<p class=\"p2\"><span class=\"s1\">Mais do que um evento, \u00e9 um chamado. Um chamado para que acordemos, para que unamos for\u00e7as, para que demos as m\u00e3os e fa\u00e7amos ecoar, para todo o estado, para o Nordeste e para o Brasil, a import\u00e2ncia de Vit\u00f3ria da Conquista.<\/span><\/p>\n<p class=\"p2\"><span class=\"s1\">Leia mat\u00e9ria na \u00edntegra:<\/span><\/p>\n<p class=\"p2\"><span class=\"s1\">\u201c1\u00b0 Encontro Internacional Conquista ODS &#8211; Vit\u00f3ria da Conquista<\/span><\/p>\n<p class=\"p2\"><span class=\"s1\">Um encontro estrat\u00e9gico sobre o futuro das cidades e a Agenda 2030!<\/span><\/p>\n<p class=\"p2\"><span class=\"s1\">O 1\u00ba Encontro Internacional Conquista ODS, o 2\u00ba Encontro ODS do Sudoeste da Bahia e o 1\u00ba Encontro da Rede de Munic\u00edpios ODS Bahia\u2013Minas chegam com uma programa\u00e7\u00e3o robusta, reunindo lideran\u00e7as nacionais e internacionais, especialistas e gestores p\u00fablicos que est\u00e3o na linha de frente da implementa\u00e7\u00e3o dos ODS.<\/span><\/p>\n<p class=\"p2\"><span class=\"s1\">Presen\u00e7as confirmadas de representantes do ONU-Habitat Brasil, CEPAL\/ONU, Pacto Global da ONU \u2013 Rede Brasil, Universidad Nacional de C\u00f3rdoba (Argentina), IBGE, CAIXA, FNP, Programa Cidades Sustent\u00e1veis, SICOOB, Hub ODS Brasil e Bahia, FIEB, e governos locais refer\u00eancia no pa\u00eds.<\/span><\/p>\n<p class=\"p2\"><span class=\"s1\">Um encontro que conecta governos, setor privado, academia e organismos internacionais para transformar compromisso em a\u00e7\u00e3o, gerar parcerias, acessar oportunidades e fortalecer as cidades.\u201d<\/span><\/p>\n","protected":false},"excerpt":{"rendered":"<p>Meus amigos, minhas amigas, n\u00f3s precisamos deixar de cultivar o ceticismo. N\u00e3o \u00e9 poss\u00edvel que uma cidade seja escolhida para sediar um evento de tamanha import\u00e2ncia, dentro de um universo de tantos munic\u00edpios do nosso estado, com capacidade, grandeza e hist\u00f3ria, e ainda assim haja d\u00favidas sobre o nosso potencial. Vit\u00f3ria da Conquista foi escolhida, [&hellip;]<\/p>\n","protected":false},"author":3,"featured_media":56044,"comment_status":"open","ping_status":"open","sticky":false,"template":"","format":"standard","meta":[],"categories":[7,3],"tags":[],"_links":{"self":[{"href":"https:\/\/www.blogdomassinha.com.br\/v1\/wp-json\/wp\/v2\/posts\/56043"}],"collection":[{"href":"https:\/\/www.blogdomassinha.com.br\/v1\/wp-json\/wp\/v2\/posts"}],"about":[{"href":"https:\/\/www.blogdomassinha.com.br\/v1\/wp-json\/wp\/v2\/types\/post"}],"author":[{"embeddable":true,"href":"https:\/\/www.blogdomassinha.com.br\/v1\/wp-json\/wp\/v2\/users\/3"}],"replies":[{"embeddable":true,"href":"https:\/\/www.blogdomassinha.com.br\/v1\/wp-json\/wp\/v2\/comments?post=56043"}],"version-history":[{"count":1,"href":"https:\/\/www.blogdomassinha.com.br\/v1\/wp-json\/wp\/v2\/posts\/56043\/revisions"}],"predecessor-version":[{"id":56045,"href":"https:\/\/www.blogdomassinha.com.br\/v1\/wp-json\/wp\/v2\/posts\/56043\/revisions\/56045"}],"wp:featuredmedia":[{"embeddable":true,"href":"https:\/\/www.blogdomassinha.com.br\/v1\/wp-json\/wp\/v2\/media\/56044"}],"wp:attachment":[{"href":"https:\/\/www.blogdomassinha.com.br\/v1\/wp-json\/wp\/v2\/media?parent=56043"}],"wp:term":[{"taxonomy":"category","embeddable":true,"href":"https:\/\/www.blogdomassinha.com.br\/v1\/wp-json\/wp\/v2\/categories?post=56043"},{"taxonomy":"post_tag","embeddable":true,"href":"https:\/\/www.blogdomassinha.com.br\/v1\/wp-json\/wp\/v2\/tags?post=56043"}],"curies":[{"name":"wp","href":"https:\/\/api.w.org\/{rel}","templated":true}]}}