{"id":56039,"date":"2026-04-06T18:03:51","date_gmt":"2026-04-06T21:03:51","guid":{"rendered":"https:\/\/www.blogdomassinha.com.br\/v1\/?p=56039"},"modified":"2026-04-06T18:04:13","modified_gmt":"2026-04-06T21:04:13","slug":"uma-entrevista-que-voce-nao-pode-perder-matheus-ferreira-no-agito-geral","status":"publish","type":"post","link":"https:\/\/www.blogdomassinha.com.br\/v1\/2026\/04\/06\/uma-entrevista-que-voce-nao-pode-perder-matheus-ferreira-no-agito-geral\/","title":{"rendered":"Uma entrevista que voc\u00ea n\u00e3o pode perder: Matheus Ferreira no Agito Geral"},"content":{"rendered":"<p class=\"p1\"><span class=\"s1\"><img loading=\"lazy\" class=\"size-medium wp-image-56040 alignleft\" src=\"https:\/\/www.blogdomassinha.com.br\/v1\/wp-content\/uploads\/2026\/04\/f4d5e573-9065-4994-b3b5-a67e0e470aa9-300x296.jpeg\" alt=\"\" width=\"300\" height=\"296\" srcset=\"https:\/\/www.blogdomassinha.com.br\/v1\/wp-content\/uploads\/2026\/04\/f4d5e573-9065-4994-b3b5-a67e0e470aa9-300x296.jpeg 300w, https:\/\/www.blogdomassinha.com.br\/v1\/wp-content\/uploads\/2026\/04\/f4d5e573-9065-4994-b3b5-a67e0e470aa9.jpeg 507w\" sizes=\"(max-width: 300px) 100vw, 300px\" \/><br \/>\nMeus amigos, minhas amigas, eu estou muito feliz com a entrevista que realizaremos hoje em nosso programa <\/span><span class=\"s2\">Agito Geral<\/span><span class=\"s1\">.<\/span><\/p>\n<p class=\"p1\"><span class=\"s1\">Ali\u00e1s, isso sempre \u00e9 motivo de alegria para mim, porque temos pautado o programa com excelentes entrevistados: homens, mulheres, jovens, representantes dos mais diversos segmentos da nossa sociedade, desde a \u00e1rea pol\u00edtica at\u00e9 o meio empresarial.<\/span><\/p>\n<p class=\"p1\"><span class=\"s1\">Tamb\u00e9m ouvimos empreendedores, profissionais da seguran\u00e7a p\u00fablica, integrantes da Pol\u00edcia Militar, da Guarda Municipal, da Pol\u00edcia Civil, da Pol\u00edcia Federal. Enfim, buscamos contemplar toda a mola propulsora de uma sociedade e, sobretudo, de uma cidade como Vit\u00f3ria da Conquista, a capital do Sudoeste baiano.<\/span><\/p>\n<p class=\"p1\"><span class=\"s1\">O nosso programa tem o compromisso de levar informa\u00e7\u00e3o de qualidade. Queremos continuar fazendo parte da boa comunica\u00e7\u00e3o, que j\u00e1 \u00e9 uma marca da nossa cidade. Todas as emissoras de r\u00e1dio, televis\u00e3o e os blogs t\u00eam esse mesmo prop\u00f3sito, e o <\/span><span class=\"s2\">Agito Geral<\/span><span class=\"s1\">, atrav\u00e9s do nosso programa e tamb\u00e9m do nosso blog, n\u00e3o poderia ser diferente.<\/span><\/p>\n<p class=\"p1\"><span class=\"s1\">Hoje, receberemos Matheus Ferreira.<\/span><!--more--><\/p>\n<p class=\"p1\"><span class=\"s1\">Ele \u00e9 fisiologista cl\u00ednico esportivo, acad\u00eamico de nutri\u00e7\u00e3o, triatleta, instrutor de voo livre \u2014 parapente \u2014, terapeuta de breathwork (trabalho respirat\u00f3rio) e coordenador de projeto esportivo.<\/span><\/p>\n<p class=\"p1\"><span class=\"s1\">Ou seja, um profissional multifacetado, atuante em diversas \u00e1reas, algu\u00e9m que tem muito a contribuir com a nossa audi\u00eancia.<\/span><\/p>\n<p class=\"p1\"><span class=\"s1\">Matheus me foi indicado pelo vereador Fernando Jacar\u00e9, que desenvolve um trabalho junto a ele na URBIS VI. E nada mais justo do que levar ao conhecimento do nosso p\u00fablico qualificado um exemplo como esse.<\/span><\/p>\n<p class=\"p1\"><span class=\"s1\">Nosso programa \u00e9 assim. Tratamos de temas variados, ouvimos diferentes vozes da cidade, independentemente de classe social, credo ou ideologia pol\u00edtica. Aqui, ouvimos todos. E quem pensa diferente tamb\u00e9m tem espa\u00e7o, sem necessidade de desqualificar ningu\u00e9m.<\/span><\/p>\n<p class=\"p1\"><span class=\"s1\">Esse sempre foi o nosso princ\u00edpio. Desde os tempos l\u00e1 de tr\u00e1s, ainda em 1976, com a Massa da Mandioca, na R\u00e1dio Clube de Conquista, na \u00e9poca AM, ao lado da saudosa Maria Em\u00edlia e de sua m\u00e3e, Maria Oira.<\/span><\/p>\n<p class=\"p1\"><span class=\"s1\">Seguimos com o mesmo prop\u00f3sito: informar, dialogar e valorizar as boas hist\u00f3rias da nossa terra.<\/span><\/p>\n<p class=\"p1\"><span class=\"s1\">E hoje temos uma dessas hist\u00f3rias. Uma entrevista rica, importante, com Matheus Ferreira. Voc\u00ea n\u00e3o pode perder.<\/span><\/p>\n","protected":false},"excerpt":{"rendered":"<p>Meus amigos, minhas amigas, eu estou muito feliz com a entrevista que realizaremos hoje em nosso programa Agito Geral. Ali\u00e1s, isso sempre \u00e9 motivo de alegria para mim, porque temos pautado o programa com excelentes entrevistados: homens, mulheres, jovens, representantes dos mais diversos segmentos da nossa sociedade, desde a \u00e1rea pol\u00edtica at\u00e9 o meio empresarial. [&hellip;]<\/p>\n","protected":false},"author":3,"featured_media":56040,"comment_status":"open","ping_status":"open","sticky":false,"template":"","format":"standard","meta":[],"categories":[7,1],"tags":[],"_links":{"self":[{"href":"https:\/\/www.blogdomassinha.com.br\/v1\/wp-json\/wp\/v2\/posts\/56039"}],"collection":[{"href":"https:\/\/www.blogdomassinha.com.br\/v1\/wp-json\/wp\/v2\/posts"}],"about":[{"href":"https:\/\/www.blogdomassinha.com.br\/v1\/wp-json\/wp\/v2\/types\/post"}],"author":[{"embeddable":true,"href":"https:\/\/www.blogdomassinha.com.br\/v1\/wp-json\/wp\/v2\/users\/3"}],"replies":[{"embeddable":true,"href":"https:\/\/www.blogdomassinha.com.br\/v1\/wp-json\/wp\/v2\/comments?post=56039"}],"version-history":[{"count":2,"href":"https:\/\/www.blogdomassinha.com.br\/v1\/wp-json\/wp\/v2\/posts\/56039\/revisions"}],"predecessor-version":[{"id":56042,"href":"https:\/\/www.blogdomassinha.com.br\/v1\/wp-json\/wp\/v2\/posts\/56039\/revisions\/56042"}],"wp:featuredmedia":[{"embeddable":true,"href":"https:\/\/www.blogdomassinha.com.br\/v1\/wp-json\/wp\/v2\/media\/56040"}],"wp:attachment":[{"href":"https:\/\/www.blogdomassinha.com.br\/v1\/wp-json\/wp\/v2\/media?parent=56039"}],"wp:term":[{"taxonomy":"category","embeddable":true,"href":"https:\/\/www.blogdomassinha.com.br\/v1\/wp-json\/wp\/v2\/categories?post=56039"},{"taxonomy":"post_tag","embeddable":true,"href":"https:\/\/www.blogdomassinha.com.br\/v1\/wp-json\/wp\/v2\/tags?post=56039"}],"curies":[{"name":"wp","href":"https:\/\/api.w.org\/{rel}","templated":true}]}}