{"id":56029,"date":"2026-04-06T13:21:28","date_gmt":"2026-04-06T16:21:28","guid":{"rendered":"https:\/\/www.blogdomassinha.com.br\/v1\/?p=56029"},"modified":"2026-04-06T13:21:28","modified_gmt":"2026-04-06T16:21:28","slug":"condeubenses-se-preparam-para-mais-um-encontro-marcante-trata-se-de-pisar-na-terra-em-que-nascemos-rever-os-amigos-de-infancia-e-trocar-abracos","status":"publish","type":"post","link":"https:\/\/www.blogdomassinha.com.br\/v1\/2026\/04\/06\/condeubenses-se-preparam-para-mais-um-encontro-marcante-trata-se-de-pisar-na-terra-em-que-nascemos-rever-os-amigos-de-infancia-e-trocar-abracos\/","title":{"rendered":"Condeubenses se preparam para mais um encontro marcante. Trata-se de pisar na terra em que nascemos, rever os amigos de inf\u00e2ncia e trocar abra\u00e7os!"},"content":{"rendered":"<p class=\"p2\"><span class=\"s2\"><img loading=\"lazy\" class=\"alignright size-medium wp-image-56030\" src=\"https:\/\/www.blogdomassinha.com.br\/v1\/wp-content\/uploads\/2026\/04\/2b60db10-2c26-4c3f-ba0c-17a994223599-200x300.jpeg\" alt=\"\" width=\"200\" height=\"300\" srcset=\"https:\/\/www.blogdomassinha.com.br\/v1\/wp-content\/uploads\/2026\/04\/2b60db10-2c26-4c3f-ba0c-17a994223599-200x300.jpeg 200w, https:\/\/www.blogdomassinha.com.br\/v1\/wp-content\/uploads\/2026\/04\/2b60db10-2c26-4c3f-ba0c-17a994223599.jpeg 334w\" sizes=\"(max-width: 200px) 100vw, 200px\" \/><br \/>\n\u00c0s vezes somos obrigados a deixar o nosso torr\u00e3o natal, a cidade onde nascemos e fomos criados, junto com os irm\u00e3os, os pais e os amigos que marcaram as nossas vidas.<\/span><\/p>\n<p class=\"p2\"><span class=\"s2\">Cada um segue o seu caminho, em busca de oportunidades, tentando vencer na vida. Mas quem tem sentimento, quem valoriza suas ra\u00edzes, sabe que aquilo que vivemos na inf\u00e2ncia e na juventude permanece vivo dentro de n\u00f3s. S\u00e3o mem\u00f3rias afetivas que jamais se apagam.<\/span><\/p>\n<p class=\"p2\"><span class=\"s2\">Por isso, voltar \u00e0 terra em que nascemos \u00e9 mais do que uma simples viagem. \u00c9 um reencontro com a nossa hist\u00f3ria, uma comunh\u00e3o com Deus, um mergulho nas lembran\u00e7as mais profundas e significativas da nossa exist\u00eancia.<\/span><\/p>\n<p class=\"p2\"><span class=\"s2\">As brincadeiras de inf\u00e2ncia, os banhos de rio, os passeios na barragem, as missas, as idas \u00e0 feira para comprar mangas, frutas, rapadura. Os trabalhos na ro\u00e7a, nos s\u00edtios. Coisas simples, mas que carregam um valor imensur\u00e1vel.<\/span><!--more--><\/p>\n<p class=\"p2\"><span class=\"s2\">O condeubense \u00e9 apaixonado pela sua terra. E \u00e9 desse sentimento que nasce, a cada ano, o encontro dos filhos de Conde\u00faba que hoje vivem fora, mas nunca deixaram de pertencer a esse ch\u00e3o.<\/span><\/p>\n<p class=\"p2\"><span class=\"s2\">Ainda que n\u00e3o tenha um t\u00edtulo oficial, esse encontro j\u00e1 se consolidou, especialmente no per\u00edodo do S\u00e3o Jo\u00e3o, quando os conterr\u00e2neos retornam para rever familiares, reencontrar amigos e celebrar a vida.<\/span><\/p>\n<p class=\"p2\"><span class=\"s2\">E agora, mais uma vez, estamos na contagem regressiva. Dias 20 e 21 de junho. Mais um encontro que promete ser inesquec\u00edvel, um dos mais marcantes da hist\u00f3ria da cidade.<\/span><\/p>\n<p class=\"p2\"><span class=\"s2\">As ideias se renovam, a organiza\u00e7\u00e3o se aprimora, e o carinho com que tudo \u00e9 preparado \u00e9 vis\u00edvel. O cartaz, j\u00e1 divulgado, traduz bem esse cuidado, valorizando tamb\u00e9m os artistas e a cultura local.<\/span><\/p>\n<p class=\"p2\"><span class=\"s2\">Conde\u00faba \u00e9, de fato, diferenciada.<\/span><\/p>\n<p class=\"p2\"><span class=\"s2\">E o mais bonito de tudo \u00e9 que esse movimento n\u00e3o tem cor partid\u00e1ria. \u00c9 feito de uni\u00e3o, de afeto, de pertencimento. Conta com o apoio do poder p\u00fablico, sim, mas nasce, sobretudo, do amor daqueles que carregam essa terra no cora\u00e7\u00e3o.<\/span><\/p>\n<p class=\"p2\"><span class=\"s2\">Portanto, fica o convite. Conde\u00faba nos aguarde.<\/span><\/p>\n","protected":false},"excerpt":{"rendered":"<p>\u00c0s vezes somos obrigados a deixar o nosso torr\u00e3o natal, a cidade onde nascemos e fomos criados, junto com os irm\u00e3os, os pais e os amigos que marcaram as nossas vidas. Cada um segue o seu caminho, em busca de oportunidades, tentando vencer na vida. Mas quem tem sentimento, quem valoriza suas ra\u00edzes, sabe que [&hellip;]<\/p>\n","protected":false},"author":3,"featured_media":56030,"comment_status":"open","ping_status":"open","sticky":false,"template":"","format":"standard","meta":[],"categories":[7,1],"tags":[],"_links":{"self":[{"href":"https:\/\/www.blogdomassinha.com.br\/v1\/wp-json\/wp\/v2\/posts\/56029"}],"collection":[{"href":"https:\/\/www.blogdomassinha.com.br\/v1\/wp-json\/wp\/v2\/posts"}],"about":[{"href":"https:\/\/www.blogdomassinha.com.br\/v1\/wp-json\/wp\/v2\/types\/post"}],"author":[{"embeddable":true,"href":"https:\/\/www.blogdomassinha.com.br\/v1\/wp-json\/wp\/v2\/users\/3"}],"replies":[{"embeddable":true,"href":"https:\/\/www.blogdomassinha.com.br\/v1\/wp-json\/wp\/v2\/comments?post=56029"}],"version-history":[{"count":1,"href":"https:\/\/www.blogdomassinha.com.br\/v1\/wp-json\/wp\/v2\/posts\/56029\/revisions"}],"predecessor-version":[{"id":56031,"href":"https:\/\/www.blogdomassinha.com.br\/v1\/wp-json\/wp\/v2\/posts\/56029\/revisions\/56031"}],"wp:featuredmedia":[{"embeddable":true,"href":"https:\/\/www.blogdomassinha.com.br\/v1\/wp-json\/wp\/v2\/media\/56030"}],"wp:attachment":[{"href":"https:\/\/www.blogdomassinha.com.br\/v1\/wp-json\/wp\/v2\/media?parent=56029"}],"wp:term":[{"taxonomy":"category","embeddable":true,"href":"https:\/\/www.blogdomassinha.com.br\/v1\/wp-json\/wp\/v2\/categories?post=56029"},{"taxonomy":"post_tag","embeddable":true,"href":"https:\/\/www.blogdomassinha.com.br\/v1\/wp-json\/wp\/v2\/tags?post=56029"}],"curies":[{"name":"wp","href":"https:\/\/api.w.org\/{rel}","templated":true}]}}