{"id":56022,"date":"2026-04-05T14:06:58","date_gmt":"2026-04-05T17:06:58","guid":{"rendered":"https:\/\/www.blogdomassinha.com.br\/v1\/?p=56022"},"modified":"2026-04-05T14:06:58","modified_gmt":"2026-04-05T17:06:58","slug":"prefeita-sheila-da-as-boas-vindas-ao-ex-vereador-e-delegado-marcus-vinicius-que-se-filiou-ao-uniao-brasil-e-sera-candidato-a-deputado-federal","status":"publish","type":"post","link":"https:\/\/www.blogdomassinha.com.br\/v1\/2026\/04\/05\/prefeita-sheila-da-as-boas-vindas-ao-ex-vereador-e-delegado-marcus-vinicius-que-se-filiou-ao-uniao-brasil-e-sera-candidato-a-deputado-federal\/","title":{"rendered":"Prefeita Sheila d\u00e1 as boas-vindas ao ex-vereador e delegado Marcus Vinicius, que se filiou ao Uni\u00e3o Brasil e ser\u00e1 candidato a deputado federal."},"content":{"rendered":"<p class=\"p2\"><span class=\"s1\"><img loading=\"lazy\" class=\"alignright size-medium wp-image-56023\" src=\"https:\/\/www.blogdomassinha.com.br\/v1\/wp-content\/uploads\/2026\/04\/IMG_6082-300x225.jpeg\" alt=\"\" width=\"300\" height=\"225\" srcset=\"https:\/\/www.blogdomassinha.com.br\/v1\/wp-content\/uploads\/2026\/04\/IMG_6082-300x225.jpeg 300w, https:\/\/www.blogdomassinha.com.br\/v1\/wp-content\/uploads\/2026\/04\/IMG_6082.jpeg 600w\" sizes=\"(max-width: 300px) 100vw, 300px\" \/><br \/>\nOlha a\u00ed o dinamismo da pol\u00edtica.<\/span><\/p>\n<p class=\"p2\"><span class=\"s1\">No dia 04 de abril, prazo final para que os pretensos candidatos \u00e0s elei\u00e7\u00f5es escolhessem suas siglas partid\u00e1rias, mais um movimento importante foi confirmado em Vit\u00f3ria da Conquista.<\/span><\/p>\n<p class=\"p2\"><span class=\"s1\">O ex-vereador e delegado Marcus Vinicius, que tinha sua reelei\u00e7\u00e3o praticamente certa para a C\u00e2mara Municipal, optou por um novo desafio. Foi candidato a vice na chapa da ex-vereadora L\u00facia Rocha, do MDB, alcan\u00e7ando cerca de 23 mil votos nas \u00faltimas elei\u00e7\u00f5es.<\/span><\/p>\n<p class=\"p2\"><span class=\"s1\">Agora, atendendo a um chamado que vinha sendo feito por muitos eleitores, decidiu dar um passo adiante e disputar uma vaga na C\u00e2mara Federal.<\/span><\/p>\n<p class=\"p2\"><span class=\"s1\">Para isso, filiou-se ao Uni\u00e3o Brasil, sendo recepcionado pela prefeita Sheila Lemos, que lhe deu as boas-vindas e destacou a import\u00e2ncia de sua chegada ao partido, presidido no munic\u00edpio por Dona Irma Lemos.<\/span><\/p>\n<p class=\"p2\"><span class=\"s1\">A pol\u00edtica segue seu curso natural: din\u00e2mica, imprevis\u00edvel e cheia de movimentos estrat\u00e9gicos.<\/span><!--more--><\/p>\n<p class=\"p2\"><span class=\"s1\">A partir de agora, n\u00e3o veremos apenas an\u00fancios de pr\u00e9-candidaturas, mas tamb\u00e9m uma s\u00e9rie de declara\u00e7\u00f5es de apoio que ir\u00e3o redesenhar o cen\u00e1rio pol\u00edtico local e regional.<\/span><\/p>\n<p class=\"p2\"><span class=\"s1\">E n\u00e3o h\u00e1 d\u00favida: teremos uma elei\u00e7\u00e3o bastante disputada.<\/span><\/p>\n<p class=\"p2\"><span class=\"s1\">O mais importante \u00e9 que esse processo se d\u00ea dentro do respeito, do di\u00e1logo e da civilidade, como sempre foi tradi\u00e7\u00e3o em nossa cidade.<\/span><\/p>\n<p class=\"p2\"><span class=\"s1\">Vit\u00f3ria da Conquista precisa, e muito, de representa\u00e7\u00e3o pol\u00edtica forte.<\/span><\/p>\n<p class=\"p2\"><span class=\"s1\">E quando falamos nisso, n\u00e3o se trata de um \u00fanico lado. Precisamos de parlamentares de diferentes correntes \u2014 esquerda, centro, centro-direita \u2014, mas que, ap\u00f3s as elei\u00e7\u00f5es, estejam unidos em torno de um objetivo comum: defender os interesses da nossa cidade.<\/span><\/p>\n<p class=\"p2\"><span class=\"s1\">As demandas s\u00e3o muitas e somente com uma bancada forte, plural e comprometida, ser\u00e1 poss\u00edvel avan\u00e7ar.<\/span><\/p>\n<p class=\"p2\"><span class=\"s1\">Agora \u00e9 com o eleitor. Observe os nomes, analise os perfis e fa\u00e7a sua escolha, n\u00e3o tem segredo.<\/span><\/p>\n","protected":false},"excerpt":{"rendered":"<p>Olha a\u00ed o dinamismo da pol\u00edtica. No dia 04 de abril, prazo final para que os pretensos candidatos \u00e0s elei\u00e7\u00f5es escolhessem suas siglas partid\u00e1rias, mais um movimento importante foi confirmado em Vit\u00f3ria da Conquista. O ex-vereador e delegado Marcus Vinicius, que tinha sua reelei\u00e7\u00e3o praticamente certa para a C\u00e2mara Municipal, optou por um novo desafio. [&hellip;]<\/p>\n","protected":false},"author":3,"featured_media":56023,"comment_status":"open","ping_status":"open","sticky":false,"template":"","format":"standard","meta":[],"categories":[7,2],"tags":[],"_links":{"self":[{"href":"https:\/\/www.blogdomassinha.com.br\/v1\/wp-json\/wp\/v2\/posts\/56022"}],"collection":[{"href":"https:\/\/www.blogdomassinha.com.br\/v1\/wp-json\/wp\/v2\/posts"}],"about":[{"href":"https:\/\/www.blogdomassinha.com.br\/v1\/wp-json\/wp\/v2\/types\/post"}],"author":[{"embeddable":true,"href":"https:\/\/www.blogdomassinha.com.br\/v1\/wp-json\/wp\/v2\/users\/3"}],"replies":[{"embeddable":true,"href":"https:\/\/www.blogdomassinha.com.br\/v1\/wp-json\/wp\/v2\/comments?post=56022"}],"version-history":[{"count":1,"href":"https:\/\/www.blogdomassinha.com.br\/v1\/wp-json\/wp\/v2\/posts\/56022\/revisions"}],"predecessor-version":[{"id":56024,"href":"https:\/\/www.blogdomassinha.com.br\/v1\/wp-json\/wp\/v2\/posts\/56022\/revisions\/56024"}],"wp:featuredmedia":[{"embeddable":true,"href":"https:\/\/www.blogdomassinha.com.br\/v1\/wp-json\/wp\/v2\/media\/56023"}],"wp:attachment":[{"href":"https:\/\/www.blogdomassinha.com.br\/v1\/wp-json\/wp\/v2\/media?parent=56022"}],"wp:term":[{"taxonomy":"category","embeddable":true,"href":"https:\/\/www.blogdomassinha.com.br\/v1\/wp-json\/wp\/v2\/categories?post=56022"},{"taxonomy":"post_tag","embeddable":true,"href":"https:\/\/www.blogdomassinha.com.br\/v1\/wp-json\/wp\/v2\/tags?post=56022"}],"curies":[{"name":"wp","href":"https:\/\/api.w.org\/{rel}","templated":true}]}}