{"id":56011,"date":"2026-04-04T14:26:48","date_gmt":"2026-04-04T17:26:48","guid":{"rendered":"https:\/\/www.blogdomassinha.com.br\/v1\/?p=56011"},"modified":"2026-04-04T15:39:20","modified_gmt":"2026-04-04T18:39:20","slug":"vitoria-da-conquista-segue-sofrendo-com-demandas-que-dependem-de-todos-os-politicos-os-viadutos-sao-a-prova-mais-real-ze-maria-que-o-diga","status":"publish","type":"post","link":"https:\/\/www.blogdomassinha.com.br\/v1\/2026\/04\/04\/vitoria-da-conquista-segue-sofrendo-com-demandas-que-dependem-de-todos-os-politicos-os-viadutos-sao-a-prova-mais-real-ze-maria-que-o-diga\/","title":{"rendered":"Vit\u00f3ria da Conquista segue sofrendo com demandas que dependem de todos os pol\u00edticos. Os viadutos s\u00e3o a prova mais real. Z\u00e9 Maria que o diga."},"content":{"rendered":"<p class=\"p2\"><span class=\"s1\"><img loading=\"lazy\" class=\"size-medium wp-image-49948 alignleft\" src=\"https:\/\/www.blogdomassinha.com.br\/v1\/wp-content\/uploads\/2025\/03\/DSC_2251-300x200.jpg\" alt=\"\" width=\"300\" height=\"200\" srcset=\"https:\/\/www.blogdomassinha.com.br\/v1\/wp-content\/uploads\/2025\/03\/DSC_2251-300x200.jpg 300w, https:\/\/www.blogdomassinha.com.br\/v1\/wp-content\/uploads\/2025\/03\/DSC_2251.jpg 600w\" sizes=\"(max-width: 300px) 100vw, 300px\" \/><br \/>\nMeus amigos, minhas amigas, que dia bonito amanheceu em Vit\u00f3ria da Conquista. O sol brilhando, clima agradabil\u00edssimo.<\/span><\/p>\n<p class=\"p2\"><span class=\"s1\">Olhamos para a nossa cidade, a capital do Sudoeste baiano, a joia do sert\u00e3o, que caminha para se tornar, de fato e de direito, uma regi\u00e3o metropolitana. O projeto j\u00e1 foi aprovado na Assembleia Legislativa e aguarda apenas a san\u00e7\u00e3o do governador Jer\u00f4nimo Rodrigues.<\/span><\/p>\n<p class=\"p2\"><span class=\"s1\">Mas, mesmo diante de tantos avan\u00e7os, chegam at\u00e9 n\u00f3s manifesta\u00e7\u00f5es que revelam uma realidade que n\u00e3o pode ser ignorada.<\/span><\/p>\n<p class=\"p2\"><span class=\"s1\">Trago aqui o sentimento de um dos mais atentos observadores e defensores da nossa cidade: Jos\u00e9 Maria Carles, o conhecido Z\u00e9 Maria.<\/span><\/p>\n<p class=\"p2\"><span class=\"s1\">Ele, ao longo dos anos, tem lutado incansavelmente para que Vit\u00f3ria da Conquista receba a aten\u00e7\u00e3o que merece por parte das autoridades. E ele sabe, assim como todos n\u00f3s, que nenhuma cidade avan\u00e7a sozinha.<\/span><\/p>\n<p class=\"p2\"><span class=\"s1\">\u00c9 preciso o envolvimento de todos: deputados, governo do estado, governo federal, o presidente Luiz In\u00e1cio Lula da Silva, a prefeita Sheila Lemos e os vereadores. Sem essa uni\u00e3o, n\u00e3o h\u00e1 como transformar demandas em realidade.<\/span><\/p>\n<p class=\"p2\"><span class=\"s1\">E um dos exemplos mais claros disso s\u00e3o os viadutos e a duplica\u00e7\u00e3o da BR-116, a Rio-Bahia. Trata-se de uma pauta antiga, conhecida por toda a cidade.<\/span><\/p>\n<p class=\"p2\"><span class=\"s1\">Sabemos que a duplica\u00e7\u00e3o da rodovia \u00e9 uma obra de grande porte, de alto custo, e que n\u00e3o acontecer\u00e1 da noite para o dia. Mas tamb\u00e9m sabemos que medidas imediatas s\u00e3o necess\u00e1rias.<\/span><\/p>\n<p class=\"p2\"><span class=\"s1\">O movimento Duplica Sudoeste compreendeu isso.<\/span><\/p>\n<p class=\"p2\"><span class=\"s1\">Houve um entendimento de que a constru\u00e7\u00e3o de viadutos pode, de forma pr\u00e1tica e efetiva, reduzir acidentes, evitar mortes e minimizar preju\u00edzos, enquanto a duplica\u00e7\u00e3o n\u00e3o chega.<\/span><!--more--><\/p>\n<p class=\"p2\"><span class=\"s1\">E \u00e9 exatamente esse o ponto levantado por Z\u00e9 Maria. O clamor n\u00e3o pode ser ignorado.<\/span><\/p>\n<p class=\"p2\"><span class=\"s1\">N\u00e3o \u00e9 poss\u00edvel que a voz da popula\u00e7\u00e3o ecoe, que as demandas sejam apresentadas, debatidas, reconhecidas, e nada aconte\u00e7a.<\/span><\/p>\n<p class=\"p2\"><span class=\"s1\">Por isso, fica o convite: leiam com aten\u00e7\u00e3o as mensagens trazidas por ele.<\/span><\/p>\n<p class=\"p2\"><span class=\"s1\">Mais do que nunca, \u00e9 necess\u00e1rio fortalecer esse movimento, ampliar esse debate e exigir que Vit\u00f3ria da Conquista seja tratada com o respeito que sua import\u00e2ncia regional exige.<\/span><\/p>\n<p class=\"p2\"><span class=\"s1\">Leia na \u00edntegra:<\/span><\/p>\n<p class=\"p2\"><span class=\"s1\">\u201cESQUECERAM DE VIT\u00d3RIA DA CONQUISTA.<\/span><\/p>\n<p class=\"p2\"><span class=\"s1\">Em, 08 de maio de 2025 aconteceu aqui, audi\u00eancia p\u00fablica da ANTT, quando foi apresentado o projeto e cronograma da DUPLICA\u00c7\u00c3O DA RIO BAHIA.<\/span><\/p>\n<p class=\"p2\"><span class=\"s1\">Um dado merece aten\u00e7\u00e3o: foi informado naquela data, que o projeto seria enviado ao TCU e que o Tribunal teria 120 dias, para dar o parecer final. <\/span><\/p>\n<p class=\"p2\"><span class=\"s1\">A previs\u00e3o, portanto era que o edital cumpriria todo rito processual at\u00e9 setembro de 2025.<\/span><\/p>\n<p class=\"p2\"><span class=\"s1\">Faltou empenho dos \u00f3rg\u00e3os, faltou acompanhamento, os 120 dias se transformaram em 400 longos dias, mas de um ano de atraso, \u00e9 tempo demais.<\/span><\/p>\n<p class=\"p2\"><span class=\"s1\">O SUDOESTE DA BAHIA FOI ESQUECIDO.<\/span><\/p>\n<p class=\"p2\"><span class=\"s1\">JOSE MARIA CAIRES<\/span><\/p>\n<p class=\"p2\"><span class=\"s1\">DUPLICA SUDOESTE\u201d<\/span><\/p>\n<p class=\"p2\"><span class=\"s1\">\u201cUMA BAHIA DESPREZADA<\/span><\/p>\n<p class=\"p2\"><span class=\"s1\">\u00c9 admiss\u00edvel compreender que os \u00faltimos 120 dias todo foco dos pol\u00edticos estivessem voltados para a forma\u00e7\u00e3o das nominatas, as desincompatibiliza\u00e7\u00f5es, as janelas partid\u00e1rias e forma\u00e7\u00f5es das chapas para elei\u00e7\u00f5es 2026.<\/span><\/p>\n<p class=\"p2\"><span class=\"s1\">Dai compreender que at\u00e9 poderia esquecer da obra mais importante para o desenvolvimento do Estado da Bahia, a DUPLICA\u00c7\u00c3O DA BR-116, ainda que que inaceit\u00e1vel.<\/span><\/p>\n<p class=\"p2\"><span class=\"s1\">Hoje 04 de abril de 2026 vamos lembrar a todos representantes pol\u00edticos que a BAHIA n\u00e3o pode ser desprezada.<\/span><\/p>\n<p class=\"p2\"><span class=\"s1\">JOSE MARIA CAIRES<\/span><\/p>\n<p class=\"p2\"><span class=\"s1\">DUPLICA SUDOESTE\u201d<\/span><\/p>\n","protected":false},"excerpt":{"rendered":"<p>Meus amigos, minhas amigas, que dia bonito amanheceu em Vit\u00f3ria da Conquista. O sol brilhando, clima agradabil\u00edssimo. Olhamos para a nossa cidade, a capital do Sudoeste baiano, a joia do sert\u00e3o, que caminha para se tornar, de fato e de direito, uma regi\u00e3o metropolitana. O projeto j\u00e1 foi aprovado na Assembleia Legislativa e aguarda apenas [&hellip;]<\/p>\n","protected":false},"author":3,"featured_media":49948,"comment_status":"open","ping_status":"open","sticky":false,"template":"","format":"standard","meta":[],"categories":[7,1],"tags":[],"_links":{"self":[{"href":"https:\/\/www.blogdomassinha.com.br\/v1\/wp-json\/wp\/v2\/posts\/56011"}],"collection":[{"href":"https:\/\/www.blogdomassinha.com.br\/v1\/wp-json\/wp\/v2\/posts"}],"about":[{"href":"https:\/\/www.blogdomassinha.com.br\/v1\/wp-json\/wp\/v2\/types\/post"}],"author":[{"embeddable":true,"href":"https:\/\/www.blogdomassinha.com.br\/v1\/wp-json\/wp\/v2\/users\/3"}],"replies":[{"embeddable":true,"href":"https:\/\/www.blogdomassinha.com.br\/v1\/wp-json\/wp\/v2\/comments?post=56011"}],"version-history":[{"count":2,"href":"https:\/\/www.blogdomassinha.com.br\/v1\/wp-json\/wp\/v2\/posts\/56011\/revisions"}],"predecessor-version":[{"id":56016,"href":"https:\/\/www.blogdomassinha.com.br\/v1\/wp-json\/wp\/v2\/posts\/56011\/revisions\/56016"}],"wp:featuredmedia":[{"embeddable":true,"href":"https:\/\/www.blogdomassinha.com.br\/v1\/wp-json\/wp\/v2\/media\/49948"}],"wp:attachment":[{"href":"https:\/\/www.blogdomassinha.com.br\/v1\/wp-json\/wp\/v2\/media?parent=56011"}],"wp:term":[{"taxonomy":"category","embeddable":true,"href":"https:\/\/www.blogdomassinha.com.br\/v1\/wp-json\/wp\/v2\/categories?post=56011"},{"taxonomy":"post_tag","embeddable":true,"href":"https:\/\/www.blogdomassinha.com.br\/v1\/wp-json\/wp\/v2\/tags?post=56011"}],"curies":[{"name":"wp","href":"https:\/\/api.w.org\/{rel}","templated":true}]}}