{"id":56008,"date":"2026-04-03T14:20:15","date_gmt":"2026-04-03T17:20:15","guid":{"rendered":"https:\/\/www.blogdomassinha.com.br\/v1\/?p=56008"},"modified":"2026-04-03T14:20:15","modified_gmt":"2026-04-03T17:20:15","slug":"jeronimo-mostrou-pulso-e-coerencia-geraldo-jr-e-confirmado-vice-mais-uma-vez-geddel-e-lucio-estavam-certos-ao-dizer-que-o-mdb-nao-e-barriga-de-aluguel","status":"publish","type":"post","link":"https:\/\/www.blogdomassinha.com.br\/v1\/2026\/04\/03\/jeronimo-mostrou-pulso-e-coerencia-geraldo-jr-e-confirmado-vice-mais-uma-vez-geddel-e-lucio-estavam-certos-ao-dizer-que-o-mdb-nao-e-barriga-de-aluguel\/","title":{"rendered":"Jer\u00f4nimo mostrou pulso e coer\u00eancia: Geraldo Jr. \u00e9 confirmado vice mais uma vez. Geddel e L\u00facio estavam certos ao dizer que o \u201cMDB n\u00e3o \u00e9 barriga de aluguel\u201d!"},"content":{"rendered":"<p class=\"p2\"><span class=\"s2\"><img loading=\"lazy\" class=\"alignright size-medium wp-image-56009\" src=\"https:\/\/www.blogdomassinha.com.br\/v1\/wp-content\/uploads\/2026\/04\/IMG_6016-300x217.jpeg\" alt=\"\" width=\"300\" height=\"217\" srcset=\"https:\/\/www.blogdomassinha.com.br\/v1\/wp-content\/uploads\/2026\/04\/IMG_6016-300x217.jpeg 300w, https:\/\/www.blogdomassinha.com.br\/v1\/wp-content\/uploads\/2026\/04\/IMG_6016.jpeg 580w\" sizes=\"(max-width: 300px) 100vw, 300px\" \/><br \/>\nA pol\u00edtica \u00e9 uma arte. \u00c9 tamb\u00e9m uma ci\u00eancia, embora muitos n\u00e3o queiram reconhecer. \u00c9 um jogo, um verdadeiro tabuleiro, onde as pe\u00e7as s\u00e3o movimentadas conforme a estrat\u00e9gia de quem est\u00e1 conduzindo a partida.<\/span><\/p>\n<p class=\"p2\"><span class=\"s2\">Quem conhece o p\u00f4quer sabe: o blefe faz parte do jogo. E, se o advers\u00e1rio n\u00e3o estiver atento, perde tudo.<\/span><\/p>\n<p class=\"p2\"><span class=\"s2\">Na pol\u00edtica, n\u00e3o \u00e9 diferente. H\u00e1 bal\u00f5es de ensaio, especula\u00e7\u00f5es, narrativas que surgem para testar cen\u00e1rios ou at\u00e9 desestabilizar o que est\u00e1 posto. Mas, no meio de tudo isso, existem valores que n\u00e3o podem ser abandonados: lealdade, coer\u00eancia, compromisso.<\/span><\/p>\n<p class=\"p2\"><span class=\"s2\">Companheiros de caminhada n\u00e3o se deixam para tr\u00e1s. N\u00e3o se abandona quem esteve ao seu lado nas vit\u00f3rias e nas derrotas. N\u00e3o se abandona princ\u00edpios. E, sobretudo, \u00e9 preciso dar exemplo \u2014 principalmente para a juventude, que \u00e9 a for\u00e7a motriz de qualquer sociedade.<\/span><\/p>\n<p class=\"p2\"><span class=\"s2\">Diante de tantos rumores que surgiram, apontando poss\u00edveis mudan\u00e7as na composi\u00e7\u00e3o da chapa governista, o que se viu foi uma reafirma\u00e7\u00e3o clara.<\/span><!--more--><\/p>\n<p class=\"p2\"><span class=\"s2\">O governador Jer\u00f4nimo Rodrigues manteve sua posi\u00e7\u00e3o e confirmou Geraldo J\u00fanior como candidato a vice em sua chapa.<\/span><\/p>\n<p class=\"p2\"><span class=\"s2\">Os irm\u00e3os Geddel Vieira Lima e L\u00facio Vieira Lima j\u00e1 vinham afirmando com tranquilidade que os ru\u00eddos externos n\u00e3o alterariam o acordo firmado. Para eles, o MDB n\u00e3o abre m\u00e3o de sua posi\u00e7\u00e3o, e a palavra dada seria cumprida. E foi exatamente o que aconteceu.<\/span><\/p>\n<p class=\"p2\"><span class=\"s2\">Jer\u00f4nimo mostrou pulso, lideran\u00e7a e assumiu o protagonismo da decis\u00e3o: o vice \u00e9 Geraldo J\u00fanior.<\/span><\/p>\n<p class=\"p2\"><span class=\"s2\">A defini\u00e7\u00e3o pode n\u00e3o ter agradado a todos, o que \u00e9 natural na pol\u00edtica, mas consolida uma chapa baseada na confian\u00e7a e na continuidade de um projeto.<\/span><\/p>\n<p class=\"p2\"><span class=\"s2\">Agora, a dupla Jer\u00f4nimo Rodrigues e Geraldo J\u00fanior segue como representante da situa\u00e7\u00e3o, com o objetivo de buscar a reelei\u00e7\u00e3o e enfrentar o candidato da oposi\u00e7\u00e3o, ACM Neto, na disputa pelo governo da Bahia em 2026.<\/span><\/p>\n<p class=\"p2\"><span class=\"s2\">A pol\u00edtica segue seu curso. E, como sempre, ser\u00e1 o eleitor quem dar\u00e1 a palavra final.<\/span><\/p>\n","protected":false},"excerpt":{"rendered":"<p>A pol\u00edtica \u00e9 uma arte. \u00c9 tamb\u00e9m uma ci\u00eancia, embora muitos n\u00e3o queiram reconhecer. \u00c9 um jogo, um verdadeiro tabuleiro, onde as pe\u00e7as s\u00e3o movimentadas conforme a estrat\u00e9gia de quem est\u00e1 conduzindo a partida. Quem conhece o p\u00f4quer sabe: o blefe faz parte do jogo. E, se o advers\u00e1rio n\u00e3o estiver atento, perde tudo. Na [&hellip;]<\/p>\n","protected":false},"author":3,"featured_media":56009,"comment_status":"open","ping_status":"open","sticky":false,"template":"","format":"standard","meta":[],"categories":[7,1,2],"tags":[],"_links":{"self":[{"href":"https:\/\/www.blogdomassinha.com.br\/v1\/wp-json\/wp\/v2\/posts\/56008"}],"collection":[{"href":"https:\/\/www.blogdomassinha.com.br\/v1\/wp-json\/wp\/v2\/posts"}],"about":[{"href":"https:\/\/www.blogdomassinha.com.br\/v1\/wp-json\/wp\/v2\/types\/post"}],"author":[{"embeddable":true,"href":"https:\/\/www.blogdomassinha.com.br\/v1\/wp-json\/wp\/v2\/users\/3"}],"replies":[{"embeddable":true,"href":"https:\/\/www.blogdomassinha.com.br\/v1\/wp-json\/wp\/v2\/comments?post=56008"}],"version-history":[{"count":1,"href":"https:\/\/www.blogdomassinha.com.br\/v1\/wp-json\/wp\/v2\/posts\/56008\/revisions"}],"predecessor-version":[{"id":56010,"href":"https:\/\/www.blogdomassinha.com.br\/v1\/wp-json\/wp\/v2\/posts\/56008\/revisions\/56010"}],"wp:featuredmedia":[{"embeddable":true,"href":"https:\/\/www.blogdomassinha.com.br\/v1\/wp-json\/wp\/v2\/media\/56009"}],"wp:attachment":[{"href":"https:\/\/www.blogdomassinha.com.br\/v1\/wp-json\/wp\/v2\/media?parent=56008"}],"wp:term":[{"taxonomy":"category","embeddable":true,"href":"https:\/\/www.blogdomassinha.com.br\/v1\/wp-json\/wp\/v2\/categories?post=56008"},{"taxonomy":"post_tag","embeddable":true,"href":"https:\/\/www.blogdomassinha.com.br\/v1\/wp-json\/wp\/v2\/tags?post=56008"}],"curies":[{"name":"wp","href":"https:\/\/api.w.org\/{rel}","templated":true}]}}