{"id":55996,"date":"2026-04-02T15:53:56","date_gmt":"2026-04-02T18:53:56","guid":{"rendered":"https:\/\/www.blogdomassinha.com.br\/v1\/?p=55996"},"modified":"2026-04-02T15:53:56","modified_gmt":"2026-04-02T18:53:56","slug":"nao-estou-falando-pela-prefeita-mas-pelo-que-eu-conheco-dela-ela-nao-se-negaria-a-dialogar-com-nenhum-deles-ao-contrario-diz-o-secretario-michael-farias-leia-a-materia","status":"publish","type":"post","link":"https:\/\/www.blogdomassinha.com.br\/v1\/2026\/04\/02\/nao-estou-falando-pela-prefeita-mas-pelo-que-eu-conheco-dela-ela-nao-se-negaria-a-dialogar-com-nenhum-deles-ao-contrario-diz-o-secretario-michael-farias-leia-a-materia\/","title":{"rendered":"\u201cN\u00e3o estou falando pela prefeita, mas pelo que eu conhe\u00e7o dela, ela n\u00e3o se negaria a dialogar com nenhum deles. Ao contr\u00e1rio\u2026\u201d, diz o secret\u00e1rio Michael Farias. Leia a mat\u00e9ria."},"content":{"rendered":"<p class=\"p2\"><span class=\"s1\"><img loading=\"lazy\" class=\"size-medium wp-image-55997 alignleft\" src=\"https:\/\/www.blogdomassinha.com.br\/v1\/wp-content\/uploads\/2026\/04\/5593ff29-ad69-4aaf-a34e-1f4deb0568ef-300x225.jpeg\" alt=\"\" width=\"300\" height=\"225\" srcset=\"https:\/\/www.blogdomassinha.com.br\/v1\/wp-content\/uploads\/2026\/04\/5593ff29-ad69-4aaf-a34e-1f4deb0568ef-300x225.jpeg 300w, https:\/\/www.blogdomassinha.com.br\/v1\/wp-content\/uploads\/2026\/04\/5593ff29-ad69-4aaf-a34e-1f4deb0568ef.jpeg 600w\" sizes=\"(max-width: 300px) 100vw, 300px\" \/><br \/>\nO secret\u00e1rio Michael Farias esteve em nosso programa <\/span><span class=\"s2\">Agito Geral<\/span><span class=\"s1\">, falando sobre as a\u00e7\u00f5es desenvolvidas junto \u00e0 comunidade.<\/span><\/p>\n<p class=\"p2\"><span class=\"s1\">Para mim, trata-se de um verdadeiro marco na administra\u00e7\u00e3o da prefeita Sheila Lemos, pela import\u00e2ncia e pelo alcance desse mecanismo que aproxima o poder p\u00fablico da popula\u00e7\u00e3o, especialmente nos bairros perif\u00e9ricos e na zona rural.<\/span><\/p>\n<p class=\"p2\"><span class=\"s1\">S\u00e3o homens e mulheres simples, trabalhadores, que enfrentam uma rotina dura e, muitas vezes, n\u00e3o t\u00eam condi\u00e7\u00f5es de acessar os servi\u00e7os p\u00fablicos durante a semana. Pensando nisso, o projeto <\/span><span class=\"s3\">SUAS na Comunidade<\/span><span class=\"s1\"> surge como uma resposta eficiente e humanizada.<\/span><\/p>\n<p class=\"p2\"><span class=\"s1\">Na minha avalia\u00e7\u00e3o, \u00e9 um modelo que deveria ser replicado em outros munic\u00edpios. O que \u00e9 bom precisa ser copiado.<\/span><\/p>\n<p class=\"p2\"><span class=\"s1\">O projeto leva servi\u00e7os diretamente \u00e0 popula\u00e7\u00e3o, especialmente aos finais de semana, preferencialmente aos domingos, justamente para n\u00e3o coincidir com a jornada de trabalho dessas fam\u00edlias. Os atendimentos s\u00e3o diversos e acontecem de forma organizada, com aviso pr\u00e9vio \u00e0s comunidades.<\/span><!--more--><\/p>\n<p class=\"p2\"><span class=\"s1\">O alcance inclui bairros mais afastados, zona rural e tamb\u00e9m conjuntos habitacionais como o Minha Casa Minha Vida, garantindo que ningu\u00e9m fique desassistido.<\/span><\/p>\n<p class=\"p2\"><span class=\"s1\">Michael destacou, com propriedade, que tem a honra de integrar uma gest\u00e3o liderada por uma prefeita que, segundo ele, \u00e9 comprometida com o trabalho e sens\u00edvel \u00e0s demandas da popula\u00e7\u00e3o mais vulner\u00e1vel.<\/span><\/p>\n<p class=\"p2\"><span class=\"s1\">Durante a entrevista, questionei o secret\u00e1rio sobre a possibilidade de di\u00e1logo entre a prefeita e parlamentares de diferentes correntes pol\u00edticas, como os deputados Fabr\u00edcio Falc\u00e3o, Waldenor Pereira e Z\u00e9 Raimundo.<\/span><\/p>\n<p class=\"p2\"><span class=\"s1\">A resposta foi clara. Ele afirmou que n\u00e3o falava oficialmente pela prefeita, mas, pelo que conhece dela, n\u00e3o haveria qualquer resist\u00eancia ao di\u00e1logo. Pelo contr\u00e1rio, h\u00e1 disposi\u00e7\u00e3o para sentar \u00e0 mesa e buscar solu\u00e7\u00f5es para os problemas de Vit\u00f3ria da Conquista.<\/span><\/p>\n<p class=\"p2\"><span class=\"s1\">Inclusive, ressaltou que esse di\u00e1logo j\u00e1 ocorre, tanto com o Governo do Estado quanto com parlamentares, citando nominalmente o deputado Fabr\u00edcio Falc\u00e3o.<\/span><\/p>\n","protected":false},"excerpt":{"rendered":"<p>O secret\u00e1rio Michael Farias esteve em nosso programa Agito Geral, falando sobre as a\u00e7\u00f5es desenvolvidas junto \u00e0 comunidade. Para mim, trata-se de um verdadeiro marco na administra\u00e7\u00e3o da prefeita Sheila Lemos, pela import\u00e2ncia e pelo alcance desse mecanismo que aproxima o poder p\u00fablico da popula\u00e7\u00e3o, especialmente nos bairros perif\u00e9ricos e na zona rural. S\u00e3o homens [&hellip;]<\/p>\n","protected":false},"author":3,"featured_media":55997,"comment_status":"open","ping_status":"open","sticky":false,"template":"","format":"standard","meta":[],"categories":[7,1],"tags":[],"_links":{"self":[{"href":"https:\/\/www.blogdomassinha.com.br\/v1\/wp-json\/wp\/v2\/posts\/55996"}],"collection":[{"href":"https:\/\/www.blogdomassinha.com.br\/v1\/wp-json\/wp\/v2\/posts"}],"about":[{"href":"https:\/\/www.blogdomassinha.com.br\/v1\/wp-json\/wp\/v2\/types\/post"}],"author":[{"embeddable":true,"href":"https:\/\/www.blogdomassinha.com.br\/v1\/wp-json\/wp\/v2\/users\/3"}],"replies":[{"embeddable":true,"href":"https:\/\/www.blogdomassinha.com.br\/v1\/wp-json\/wp\/v2\/comments?post=55996"}],"version-history":[{"count":1,"href":"https:\/\/www.blogdomassinha.com.br\/v1\/wp-json\/wp\/v2\/posts\/55996\/revisions"}],"predecessor-version":[{"id":55998,"href":"https:\/\/www.blogdomassinha.com.br\/v1\/wp-json\/wp\/v2\/posts\/55996\/revisions\/55998"}],"wp:featuredmedia":[{"embeddable":true,"href":"https:\/\/www.blogdomassinha.com.br\/v1\/wp-json\/wp\/v2\/media\/55997"}],"wp:attachment":[{"href":"https:\/\/www.blogdomassinha.com.br\/v1\/wp-json\/wp\/v2\/media?parent=55996"}],"wp:term":[{"taxonomy":"category","embeddable":true,"href":"https:\/\/www.blogdomassinha.com.br\/v1\/wp-json\/wp\/v2\/categories?post=55996"},{"taxonomy":"post_tag","embeddable":true,"href":"https:\/\/www.blogdomassinha.com.br\/v1\/wp-json\/wp\/v2\/tags?post=55996"}],"curies":[{"name":"wp","href":"https:\/\/api.w.org\/{rel}","templated":true}]}}