{"id":55619,"date":"2026-03-16T00:38:45","date_gmt":"2026-03-16T03:38:45","guid":{"rendered":"https:\/\/www.blogdomassinha.com.br\/v1\/?p=55619"},"modified":"2026-03-16T00:39:25","modified_gmt":"2026-03-16T03:39:25","slug":"wagner-alves-contesta-fala-do-ministro-rui-costa-e-sai-em-defesa-da-prefeita-sheila-lemos","status":"publish","type":"post","link":"https:\/\/www.blogdomassinha.com.br\/v1\/2026\/03\/16\/wagner-alves-contesta-fala-do-ministro-rui-costa-e-sai-em-defesa-da-prefeita-sheila-lemos\/","title":{"rendered":"Wagner Alves contesta fala do ministro Rui Costa e sai em defesa da prefeita Sheila Lemos"},"content":{"rendered":"<p><img loading=\"lazy\" class=\"size-medium wp-image-55620 alignleft\" src=\"https:\/\/www.blogdomassinha.com.br\/v1\/wp-content\/uploads\/2026\/03\/IMG_5336-227x300.jpeg\" alt=\"\" width=\"227\" height=\"300\" srcset=\"https:\/\/www.blogdomassinha.com.br\/v1\/wp-content\/uploads\/2026\/03\/IMG_5336-227x300.jpeg 227w, https:\/\/www.blogdomassinha.com.br\/v1\/wp-content\/uploads\/2026\/03\/IMG_5336.jpeg 379w\" sizes=\"(max-width: 227px) 100vw, 227px\" \/><\/p>\n<p class=\"p2\"><span class=\"s2\"><br \/>\nCom a aproxima\u00e7\u00e3o das elei\u00e7\u00f5es de outubro de 2026, \u00e9 natural que o clima pol\u00edtico se intensifique. A temperatura sobe, os \u00e2nimos se acirram e, inevitavelmente, surgem debates mais firmes, confrontos de vers\u00f5es e diferentes narrativas.<\/span><\/p>\n<p class=\"p2\"><span class=\"s2\">O Brasil vive um momento de forte polariza\u00e7\u00e3o pol\u00edtica e isso acaba se refletindo tamb\u00e9m nos estados e nos munic\u00edpios. Nesse ambiente, n\u00e3o \u00e9 incomum que declara\u00e7\u00f5es p\u00fablicas gerem rea\u00e7\u00f5es imediatas de lideran\u00e7as pol\u00edticas.<\/span><\/p>\n<p class=\"p2\"><span class=\"s2\">Foi o que aconteceu recentemente ap\u00f3s declara\u00e7\u00f5es do ministro da Casa Civil, <\/span><span class=\"s1\">Rui Costa<\/span><span class=\"s2\">, sobre as obras de drenagem em Vit\u00f3ria da Conquista. O ministro afirmou que a prefeitura teria passado informa\u00e7\u00f5es incorretas ao comentar a situa\u00e7\u00e3o dos projetos cadastrados no Programa de Acelera\u00e7\u00e3o do Crescimento (PAC). <\/span><\/p>\n<p class=\"p2\"><span class=\"s2\">Segundo Rui Costa, dois projetos foram enviados pela prefeitura e aceitos ainda em 2024, mas o processo teria ficado pendente por ajustes solicitados posteriormente pelo pr\u00f3prio munic\u00edpio e pela necessidade de envio de documenta\u00e7\u00e3o t\u00e9cnica para libera\u00e7\u00e3o da licita\u00e7\u00e3o. <\/span><\/p>\n<p class=\"p2\"><span class=\"s2\">Diante dessas declara\u00e7\u00f5es, o advogado <\/span><span class=\"s1\">Wagner Alves<\/span><span class=\"s2\">, pr\u00e9-candidato a deputado estadual e aliado pol\u00edtico da prefeita Sheila Lemos, decidiu se posicionar publicamente.<\/span><\/p>\n<p><!--more--><\/p>\n<p class=\"p2\"><span class=\"s2\">Em v\u00eddeo divulgado nas redes sociais, Wagner contestou a fala do ministro e saiu em defesa da prefeita. Segundo ele, a documenta\u00e7\u00e3o apresentada demonstra que a prefeitura realmente fez solicita\u00e7\u00f5es junto \u00e0 Casa Civil, ao pr\u00f3prio ministro e ao PAC para adequa\u00e7\u00f5es no projeto originalmente apresentado.<\/span><\/p>\n<p class=\"p2\"><span class=\"s2\">Wagner afirmou conhecer a prefeita e declarou que confia na veracidade das informa\u00e7\u00f5es apresentadas pela gestora. Em suas palavras, disse que \u201cconhece a prefeita e sabe que ela n\u00e3o mente\u201d.<\/span><\/p>\n<p class=\"p2\"><span class=\"s2\">Ele tamb\u00e9m destacou que houve, de fato, uma mudan\u00e7a no endere\u00e7o da interven\u00e7\u00e3o solicitada, apontando que o novo foco da obra passou a ser a <\/span><span class=\"s1\">Avenida Caracas<\/span><span class=\"s2\">, \u00e1rea que recentemente voltou ao centro do debate ap\u00f3s epis\u00f3dios de alagamento durante as fortes chuvas.<\/span><\/p>\n<p class=\"p2\"><span class=\"s2\">No v\u00eddeo, Wagner afirma que os documentos que comprovam a solicita\u00e7\u00e3o foram exibidos e sustenta que a verdade precisa prevalecer nesse debate.<\/span><\/p>\n<p class=\"p2\"><span class=\"s2\">O epis\u00f3dio demonstra como o ambiente pol\u00edtico j\u00e1 come\u00e7a a se aquecer com a aproxima\u00e7\u00e3o das elei\u00e7\u00f5es. A tend\u00eancia \u00e9 que, nos pr\u00f3ximos meses, esse tipo de confronto de vers\u00f5es se torne cada vez mais frequente.<\/span><\/p>\n<p class=\"p2\"><span class=\"s2\">Ser\u00e1 um per\u00edodo de muitos posicionamentos, debates p\u00fablicos e narrativas vindas de diferentes lados do espectro pol\u00edtico. Em tempos de elei\u00e7\u00e3o, cada palavra ganha peso e cada declara\u00e7\u00e3o passa a ser analisada com lupa.<\/span><\/p>\n<p>Assista o v\u00eddeo: <a href=\"https:\/\/www.instagram.com\/reel\/DVw-yd2EWHb\/?igsh=OW90ZTI1OWs2OG8=\">https:\/\/www.instagram.com\/reel\/DVw-yd2EWHb\/?igsh=OW90ZTI1OWs2OG8=<\/a><\/p>\n","protected":false},"excerpt":{"rendered":"<p>Com a aproxima\u00e7\u00e3o das elei\u00e7\u00f5es de outubro de 2026, \u00e9 natural que o clima pol\u00edtico se intensifique. A temperatura sobe, os \u00e2nimos se acirram e, inevitavelmente, surgem debates mais firmes, confrontos de vers\u00f5es e diferentes narrativas. O Brasil vive um momento de forte polariza\u00e7\u00e3o pol\u00edtica e isso acaba se refletindo tamb\u00e9m nos estados e nos [&hellip;]<\/p>\n","protected":false},"author":3,"featured_media":55620,"comment_status":"open","ping_status":"open","sticky":false,"template":"","format":"standard","meta":[],"categories":[7,2],"tags":[],"_links":{"self":[{"href":"https:\/\/www.blogdomassinha.com.br\/v1\/wp-json\/wp\/v2\/posts\/55619"}],"collection":[{"href":"https:\/\/www.blogdomassinha.com.br\/v1\/wp-json\/wp\/v2\/posts"}],"about":[{"href":"https:\/\/www.blogdomassinha.com.br\/v1\/wp-json\/wp\/v2\/types\/post"}],"author":[{"embeddable":true,"href":"https:\/\/www.blogdomassinha.com.br\/v1\/wp-json\/wp\/v2\/users\/3"}],"replies":[{"embeddable":true,"href":"https:\/\/www.blogdomassinha.com.br\/v1\/wp-json\/wp\/v2\/comments?post=55619"}],"version-history":[{"count":3,"href":"https:\/\/www.blogdomassinha.com.br\/v1\/wp-json\/wp\/v2\/posts\/55619\/revisions"}],"predecessor-version":[{"id":55623,"href":"https:\/\/www.blogdomassinha.com.br\/v1\/wp-json\/wp\/v2\/posts\/55619\/revisions\/55623"}],"wp:featuredmedia":[{"embeddable":true,"href":"https:\/\/www.blogdomassinha.com.br\/v1\/wp-json\/wp\/v2\/media\/55620"}],"wp:attachment":[{"href":"https:\/\/www.blogdomassinha.com.br\/v1\/wp-json\/wp\/v2\/media?parent=55619"}],"wp:term":[{"taxonomy":"category","embeddable":true,"href":"https:\/\/www.blogdomassinha.com.br\/v1\/wp-json\/wp\/v2\/categories?post=55619"},{"taxonomy":"post_tag","embeddable":true,"href":"https:\/\/www.blogdomassinha.com.br\/v1\/wp-json\/wp\/v2\/tags?post=55619"}],"curies":[{"name":"wp","href":"https:\/\/api.w.org\/{rel}","templated":true}]}}