{"id":55564,"date":"2026-03-14T16:42:37","date_gmt":"2026-03-14T19:42:37","guid":{"rendered":"https:\/\/www.blogdomassinha.com.br\/v1\/?p=55564"},"modified":"2026-03-14T16:42:37","modified_gmt":"2026-03-14T19:42:37","slug":"centro-de-cultura-lotado-o-publico-cantou-junto-com-marcelo-jeneci-antes-ricardo-marques-foi-aplaudido-com-musicas-autorais","status":"publish","type":"post","link":"https:\/\/www.blogdomassinha.com.br\/v1\/2026\/03\/14\/centro-de-cultura-lotado-o-publico-cantou-junto-com-marcelo-jeneci-antes-ricardo-marques-foi-aplaudido-com-musicas-autorais\/","title":{"rendered":"Centro de Cultura lotado: o p\u00fablico cantou junto com Marcelo Jeneci. Antes, Ricardo Marques foi aplaudido com m\u00fasicas autorais"},"content":{"rendered":"<div id=\"attachment_55569\" style=\"width: 310px\" class=\"wp-caption alignleft\"><img aria-describedby=\"caption-attachment-55569\" loading=\"lazy\" class=\"wp-image-55569 size-medium\" src=\"https:\/\/www.blogdomassinha.com.br\/v1\/wp-content\/uploads\/2026\/03\/Ricardo-Marques-e-Marcelo-Jeneci-10-300x200.jpeg\" alt=\"\" width=\"300\" height=\"200\" srcset=\"https:\/\/www.blogdomassinha.com.br\/v1\/wp-content\/uploads\/2026\/03\/Ricardo-Marques-e-Marcelo-Jeneci-10-300x200.jpeg 300w, https:\/\/www.blogdomassinha.com.br\/v1\/wp-content\/uploads\/2026\/03\/Ricardo-Marques-e-Marcelo-Jeneci-10.jpeg 320w\" sizes=\"(max-width: 300px) 100vw, 300px\" \/><p id=\"caption-attachment-55569\" class=\"wp-caption-text\">Fotos: Francisco Schettini<\/p><\/div>\n<p class=\"p2\"><span class=\"s1\"><br \/>\nPodemos dizer, sem exagero, que foi uma noite perfeita. Vit\u00f3ria da Conquista tem um p\u00fablico exigente, um p\u00fablico que gosta de boa m\u00fasica, e ontem o Centro de Cultura, completamente lotado, foi prestigiar o show do cantor Marcelo Jeneci.<\/span><\/p>\n<p class=\"p2\"><span class=\"s1\">Jeneci, ali\u00e1s, \u00e9 uma das figuras mais expressivas da nova gera\u00e7\u00e3o da MPB. Um artista de voz suave, extremamente vers\u00e1til e com uma presen\u00e7a de palco que conquista diferentes gera\u00e7\u00f5es. Ele agrada tanto o p\u00fablico mais maduro quanto os mais jovens. \u00c9 aquele tipo de artista que consegue envolver quem tem mais de quarenta ou cinquenta anos e, ao mesmo tempo, encantar o p\u00fablico de trinta anos para baixo.<\/span><\/p>\n<p class=\"p2\"><span class=\"s1\">Durante o show era poss\u00edvel ver fam\u00edlias inteiras. Crian\u00e7as, adolescentes, jovens e adultos todos atentos, cantando junto e se deixando levar pelo clima agrad\u00e1vel que tomou conta do teatro. O p\u00fablico acompanhava cada m\u00fasica com entusiasmo.<\/span><\/p>\n<p class=\"p2\"><span class=\"s1\">Em determinado momento eu observava o artista no palco e parecia at\u00e9 algo curioso. Com a m\u00e3o direita ele dedilhava o piano, enquanto com a esquerda manipulava um equipamento eletr\u00f4nico que lembrava um controlador de DJ. Uma performance que mistura delicadeza musical com modernidade.<\/span><\/p>\n<p class=\"p2\"><span class=\"s1\">Foi uma noite inesquec\u00edvel, dessas que marcam a mem\u00f3ria cultural da cidade. Vit\u00f3ria da Conquista tem essa capacidade de receber bem os artistas e oferecer ao p\u00fablico momentos especiais. E podem ter certeza de que, em outros espa\u00e7os da cidade, em diferentes estilos musicais, tamb\u00e9m havia casas cheias e gente celebrando a cultura.<\/span><!--more--><\/p>\n<p class=\"p2\"><span class=\"s1\">Marcelo Jeneci mostrou todo o seu talento. Em um determinado momento comentou com os organizadores que estava h\u00e1 dez anos sem vir a Vit\u00f3ria da Conquista. Disse que estava com saudade da cidade e demonstrou claramente o carinho pelo p\u00fablico conquistense.<\/span><\/p>\n<p class=\"p2\"><span class=\"s1\">Outra caracter\u00edstica marcante do artista \u00e9 a forma como conduz o espet\u00e1culo. Ele \u00e9 econ\u00f4mico nas falas, n\u00e3o cansa o p\u00fablico com longos discursos. N\u00e3o transformou o show em um palco de debates. Foi direto ao que todos queriam: cantar, tocar e emocionar a plateia que estava ali para ouvir sua m\u00fasica.<\/span><\/p>\n<p class=\"p2\"><span class=\"s1\">E conseguiu. A plateia cantou junto, vibrou e saiu satisfeita.<\/span><\/p>\n<p class=\"p2\"><span class=\"s1\">Antes da apresenta\u00e7\u00e3o de Jeneci, o p\u00fablico teve a oportunidade de assistir a um momento igualmente especial. O anfitri\u00e3o da noite, Ricardo Marques, subiu ao palco e foi muito aplaudido ao apresentar m\u00fasicas de seu novo trabalho.<\/span><\/p>\n<p class=\"p2\"><span class=\"s1\">Ricardo mostrou can\u00e7\u00f5es autorais que far\u00e3o parte de um projeto que em breve ser\u00e1 lan\u00e7ado. Entre elas, duas composi\u00e7\u00f5es que chamaram bastante aten\u00e7\u00e3o do p\u00fablico, uma delas feita em parceria com o m\u00fasico Nagib.<\/span><\/p>\n<p class=\"p2\"><span class=\"s1\">Ricardo Marques \u00e9 uma figura singular, de trato fino e apaixonado pela m\u00fasica. Sua participa\u00e7\u00e3o abriu a noite com eleg\u00e2ncia e sensibilidade.<\/span><\/p>\n<p class=\"p2\"><span class=\"s1\">Vit\u00f3ria da Conquista est\u00e1 de parab\u00e9ns por mais esse momento cultural que enche de orgulho todos aqueles que acreditam na for\u00e7a da m\u00fasica e da arte em nossa cidade.<\/span><\/p>\n\n\t\t<style type=\"text\/css\">\n\t\t\t#gallery-1 {\n\t\t\t\tmargin: auto;\n\t\t\t}\n\t\t\t#gallery-1 .gallery-item {\n\t\t\t\tfloat: left;\n\t\t\t\tmargin-top: 10px;\n\t\t\t\ttext-align: center;\n\t\t\t\twidth: 33%;\n\t\t\t}\n\t\t\t#gallery-1 img {\n\t\t\t\tborder: 2px solid #cfcfcf;\n\t\t\t}\n\t\t\t#gallery-1 .gallery-caption {\n\t\t\t\tmargin-left: 0;\n\t\t\t}\n\t\t\t\/* see gallery_shortcode() in wp-includes\/media.php *\/\n\t\t<\/style>\n\t\t<div id='gallery-1' class='gallery galleryid-55564 gallery-columns-3 gallery-size-thumbnail'><dl class='gallery-item'>\n\t\t\t<dt class='gallery-icon landscape'>\n\t\t\t\t<a href=\"https:\/\/www.blogdomassinha.com.br\/v1\/wp-content\/uploads\/2026\/03\/Ricardo-Marques-e-Marcelo-Jeneci-17.jpeg\" class=\"gallery_colorbox\"><img width=\"150\" height=\"150\" src=\"https:\/\/www.blogdomassinha.com.br\/v1\/wp-content\/uploads\/2026\/03\/Ricardo-Marques-e-Marcelo-Jeneci-17-150x150.jpeg\"  class=\"attachment-thumbnail size-thumbnail\" alt=\"\" loading=\"lazy\" \/><\/a>\n\t\t\t<\/dt><\/dl><dl class='gallery-item'>\n\t\t\t<dt class='gallery-icon landscape'>\n\t\t\t\t<a href=\"https:\/\/www.blogdomassinha.com.br\/v1\/wp-content\/uploads\/2026\/03\/Ricardo-Marques-e-Marcelo-Jeneci-15.jpeg\" class=\"gallery_colorbox\"><img width=\"150\" height=\"150\" src=\"https:\/\/www.blogdomassinha.com.br\/v1\/wp-content\/uploads\/2026\/03\/Ricardo-Marques-e-Marcelo-Jeneci-15-150x150.jpeg\"  class=\"attachment-thumbnail size-thumbnail\" alt=\"\" loading=\"lazy\" \/><\/a>\n\t\t\t<\/dt><\/dl><dl class='gallery-item'>\n\t\t\t<dt class='gallery-icon landscape'>\n\t\t\t\t<a href=\"https:\/\/www.blogdomassinha.com.br\/v1\/wp-content\/uploads\/2026\/03\/Ricardo-Marques-e-Marcelo-Jeneci-12.jpeg\" class=\"gallery_colorbox\"><img width=\"150\" height=\"150\" src=\"https:\/\/www.blogdomassinha.com.br\/v1\/wp-content\/uploads\/2026\/03\/Ricardo-Marques-e-Marcelo-Jeneci-12-150x150.jpeg\"  class=\"attachment-thumbnail size-thumbnail\" alt=\"\" loading=\"lazy\" \/><\/a>\n\t\t\t<\/dt><\/dl><br style=\"clear: both\" \/><dl class='gallery-item'>\n\t\t\t<dt class='gallery-icon landscape'>\n\t\t\t\t<a href=\"https:\/\/www.blogdomassinha.com.br\/v1\/wp-content\/uploads\/2026\/03\/Ricardo-Marques-e-Marcelo-Jeneci-11.jpeg\" class=\"gallery_colorbox\"><img width=\"150\" height=\"150\" src=\"https:\/\/www.blogdomassinha.com.br\/v1\/wp-content\/uploads\/2026\/03\/Ricardo-Marques-e-Marcelo-Jeneci-11-150x150.jpeg\"  class=\"attachment-thumbnail size-thumbnail\" alt=\"\" loading=\"lazy\" \/><\/a>\n\t\t\t<\/dt><\/dl><dl class='gallery-item'>\n\t\t\t<dt class='gallery-icon landscape'>\n\t\t\t\t<a href=\"https:\/\/www.blogdomassinha.com.br\/v1\/wp-content\/uploads\/2026\/03\/Ricardo-Marques-e-Marcelo-Jeneci-10.jpeg\" class=\"gallery_colorbox\"><img width=\"150\" height=\"150\" src=\"https:\/\/www.blogdomassinha.com.br\/v1\/wp-content\/uploads\/2026\/03\/Ricardo-Marques-e-Marcelo-Jeneci-10-150x150.jpeg\"  class=\"attachment-thumbnail size-thumbnail\" alt=\"\" loading=\"lazy\" \/><\/a>\n\t\t\t<\/dt><\/dl><dl class='gallery-item'>\n\t\t\t<dt class='gallery-icon landscape'>\n\t\t\t\t<a href=\"https:\/\/www.blogdomassinha.com.br\/v1\/wp-content\/uploads\/2026\/03\/Ricardo-Marques-e-Marcelo-Jeneci-9.jpeg\" class=\"gallery_colorbox\"><img width=\"150\" height=\"150\" src=\"https:\/\/www.blogdomassinha.com.br\/v1\/wp-content\/uploads\/2026\/03\/Ricardo-Marques-e-Marcelo-Jeneci-9-150x150.jpeg\"  class=\"attachment-thumbnail size-thumbnail\" alt=\"\" loading=\"lazy\" \/><\/a>\n\t\t\t<\/dt><\/dl><br style=\"clear: both\" \/><dl class='gallery-item'>\n\t\t\t<dt class='gallery-icon landscape'>\n\t\t\t\t<a href=\"https:\/\/www.blogdomassinha.com.br\/v1\/wp-content\/uploads\/2026\/03\/Ricardo-Marques-e-Marcelo-Jeneci-8.jpeg\" class=\"gallery_colorbox\"><img width=\"150\" height=\"150\" src=\"https:\/\/www.blogdomassinha.com.br\/v1\/wp-content\/uploads\/2026\/03\/Ricardo-Marques-e-Marcelo-Jeneci-8-150x150.jpeg\"  class=\"attachment-thumbnail size-thumbnail\" alt=\"\" loading=\"lazy\" \/><\/a>\n\t\t\t<\/dt><\/dl><dl class='gallery-item'>\n\t\t\t<dt class='gallery-icon landscape'>\n\t\t\t\t<a href=\"https:\/\/www.blogdomassinha.com.br\/v1\/wp-content\/uploads\/2026\/03\/Ricardo-Marques-e-Marcelo-Jeneci-7.jpeg\" class=\"gallery_colorbox\"><img width=\"150\" height=\"150\" src=\"https:\/\/www.blogdomassinha.com.br\/v1\/wp-content\/uploads\/2026\/03\/Ricardo-Marques-e-Marcelo-Jeneci-7-150x150.jpeg\"  class=\"attachment-thumbnail size-thumbnail\" alt=\"\" loading=\"lazy\" \/><\/a>\n\t\t\t<\/dt><\/dl><dl class='gallery-item'>\n\t\t\t<dt class='gallery-icon landscape'>\n\t\t\t\t<a href=\"https:\/\/www.blogdomassinha.com.br\/v1\/wp-content\/uploads\/2026\/03\/Ricardo-Marques-e-Marcelo-Jeneci-4.jpeg\" class=\"gallery_colorbox\"><img width=\"150\" height=\"150\" src=\"https:\/\/www.blogdomassinha.com.br\/v1\/wp-content\/uploads\/2026\/03\/Ricardo-Marques-e-Marcelo-Jeneci-4-150x150.jpeg\"  class=\"attachment-thumbnail size-thumbnail\" alt=\"\" loading=\"lazy\" \/><\/a>\n\t\t\t<\/dt><\/dl><br style=\"clear: both\" \/><dl class='gallery-item'>\n\t\t\t<dt class='gallery-icon landscape'>\n\t\t\t\t<a href=\"https:\/\/www.blogdomassinha.com.br\/v1\/wp-content\/uploads\/2026\/03\/Ricardo-Marques-e-Marcelo-Jeneci.jpeg\" class=\"gallery_colorbox\"><img width=\"150\" height=\"150\" src=\"https:\/\/www.blogdomassinha.com.br\/v1\/wp-content\/uploads\/2026\/03\/Ricardo-Marques-e-Marcelo-Jeneci-150x150.jpeg\"  class=\"attachment-thumbnail size-thumbnail\" alt=\"\" loading=\"lazy\" \/><\/a>\n\t\t\t<\/dt><\/dl>\n\t\t\t<br style='clear: both' \/>\n\t\t<\/div>\n\n","protected":false},"excerpt":{"rendered":"<p>Podemos dizer, sem exagero, que foi uma noite perfeita. Vit\u00f3ria da Conquista tem um p\u00fablico exigente, um p\u00fablico que gosta de boa m\u00fasica, e ontem o Centro de Cultura, completamente lotado, foi prestigiar o show do cantor Marcelo Jeneci. Jeneci, ali\u00e1s, \u00e9 uma das figuras mais expressivas da nova gera\u00e7\u00e3o da MPB. Um artista de [&hellip;]<\/p>\n","protected":false},"author":3,"featured_media":55569,"comment_status":"open","ping_status":"open","sticky":false,"template":"","format":"standard","meta":[],"categories":[7,3],"tags":[],"_links":{"self":[{"href":"https:\/\/www.blogdomassinha.com.br\/v1\/wp-json\/wp\/v2\/posts\/55564"}],"collection":[{"href":"https:\/\/www.blogdomassinha.com.br\/v1\/wp-json\/wp\/v2\/posts"}],"about":[{"href":"https:\/\/www.blogdomassinha.com.br\/v1\/wp-json\/wp\/v2\/types\/post"}],"author":[{"embeddable":true,"href":"https:\/\/www.blogdomassinha.com.br\/v1\/wp-json\/wp\/v2\/users\/3"}],"replies":[{"embeddable":true,"href":"https:\/\/www.blogdomassinha.com.br\/v1\/wp-json\/wp\/v2\/comments?post=55564"}],"version-history":[{"count":1,"href":"https:\/\/www.blogdomassinha.com.br\/v1\/wp-json\/wp\/v2\/posts\/55564\/revisions"}],"predecessor-version":[{"id":55575,"href":"https:\/\/www.blogdomassinha.com.br\/v1\/wp-json\/wp\/v2\/posts\/55564\/revisions\/55575"}],"wp:featuredmedia":[{"embeddable":true,"href":"https:\/\/www.blogdomassinha.com.br\/v1\/wp-json\/wp\/v2\/media\/55569"}],"wp:attachment":[{"href":"https:\/\/www.blogdomassinha.com.br\/v1\/wp-json\/wp\/v2\/media?parent=55564"}],"wp:term":[{"taxonomy":"category","embeddable":true,"href":"https:\/\/www.blogdomassinha.com.br\/v1\/wp-json\/wp\/v2\/categories?post=55564"},{"taxonomy":"post_tag","embeddable":true,"href":"https:\/\/www.blogdomassinha.com.br\/v1\/wp-json\/wp\/v2\/tags?post=55564"}],"curies":[{"name":"wp","href":"https:\/\/api.w.org\/{rel}","templated":true}]}}