{"id":55505,"date":"2026-03-11T20:24:16","date_gmt":"2026-03-11T23:24:16","guid":{"rendered":"https:\/\/www.blogdomassinha.com.br\/v1\/?p=55505"},"modified":"2026-03-11T20:24:16","modified_gmt":"2026-03-11T23:24:16","slug":"vereadores-vao-a-salvador-e-se-reunem-com-o-governador-jeronimo-em-busca-de-solucoes-para-os-problemas-de-vitoria-da-conquista","status":"publish","type":"post","link":"https:\/\/www.blogdomassinha.com.br\/v1\/2026\/03\/11\/vereadores-vao-a-salvador-e-se-reunem-com-o-governador-jeronimo-em-busca-de-solucoes-para-os-problemas-de-vitoria-da-conquista\/","title":{"rendered":"Vereadores v\u00e3o a Salvador e se re\u00fanem com o governador Jer\u00f4nimo em busca de solu\u00e7\u00f5es para os problemas de Vit\u00f3ria da Conquista"},"content":{"rendered":"<p class=\"p1\"><span class=\"s1\"><img loading=\"lazy\" class=\"size-medium wp-image-55510 alignleft\" src=\"https:\/\/www.blogdomassinha.com.br\/v1\/wp-content\/uploads\/2026\/03\/e8bb4cf8-bb6a-4343-9933-0d237302e709-300x200.jpeg\" alt=\"\" width=\"300\" height=\"200\" srcset=\"https:\/\/www.blogdomassinha.com.br\/v1\/wp-content\/uploads\/2026\/03\/e8bb4cf8-bb6a-4343-9933-0d237302e709-300x200.jpeg 300w, https:\/\/www.blogdomassinha.com.br\/v1\/wp-content\/uploads\/2026\/03\/e8bb4cf8-bb6a-4343-9933-0d237302e709.jpeg 600w\" sizes=\"(max-width: 300px) 100vw, 300px\" \/><br \/>\nH\u00e1 quem diga que o papel do vereador seja apenas legislar, criar leis, apresent\u00e1-las ao Executivo e cobrar solu\u00e7\u00f5es para as demandas da popula\u00e7\u00e3o. H\u00e1 tamb\u00e9m quem entenda que o universo de a\u00e7\u00e3o dos representantes do povo deve se limitar apenas ao territ\u00f3rio do munic\u00edpio onde foram eleitos.<\/span><\/p>\n<p class=\"p1\"><span class=\"s1\">Eu discordo completamente dessa vis\u00e3o.<\/span><\/p>\n<p class=\"p1\"><span class=\"s1\">Creio que o vereador deve, sim, estar presente na vida da popula\u00e7\u00e3o que o elegeu, acompanhando de perto os problemas da cidade. Mas isso n\u00e3o significa que a sua atua\u00e7\u00e3o deva se restringir apenas \u00e0s portas da prefeitura ou \u00e0s discuss\u00f5es no plen\u00e1rio da C\u00e2mara Municipal.<\/span><\/p>\n<p class=\"p1\"><span class=\"s1\">Falando de forma objetiva, n\u00e3o \u00e9 porque o vereador foi eleito em Vit\u00f3ria da Conquista que ele deve limitar sua atua\u00e7\u00e3o apenas \u00e0 Pra\u00e7a Joaquim Correia, onde est\u00e1 localizada a Casa Rosada, sede da Prefeitura Municipal, para procurar a prefeita Sheila Lemos em busca de solu\u00e7\u00f5es.<\/span><\/p>\n<p class=\"p1\"><span class=\"s1\">Nem sempre o munic\u00edpio tem condi\u00e7\u00f5es financeiras ou or\u00e7ament\u00e1rias para resolver todas as demandas da cidade. Essa \u00e9 uma realidade conhecida em praticamente todos os munic\u00edpios brasileiros.<\/span><\/p>\n<p class=\"p1\"><span class=\"s1\">Diante disso, \u00e9 absolutamente leg\u00edtimo e necess\u00e1rio que os vereadores tamb\u00e9m procurem o Governo do Estado e o Governo Federal. Muitas das obras estruturantes e dos investimentos que as cidades precisam dependem dessas duas esferas de poder.<\/span><!--more--><\/p>\n<p class=\"p1\"><span class=\"s1\">N\u00e3o existe, em nenhum regimento de parlamento municipal, qualquer impedimento para que vereadores busquem apoio fora do munic\u00edpio. Pelo contr\u00e1rio, quando isso acontece, estamos diante de uma a\u00e7\u00e3o objetiva e respons\u00e1vel em favor da popula\u00e7\u00e3o.<\/span><\/p>\n<p class=\"p1\"><span class=\"s1\">Vit\u00f3ria da Conquista tem problemas hist\u00f3ricos, muitos deles estruturais. Sabemos tamb\u00e9m das limita\u00e7\u00f5es do or\u00e7amento p\u00fablico municipal. Por isso mesmo, \u00e9 fundamental buscar apoio junto aos governos estadual e federal.<\/span><\/p>\n<p class=\"p1\"><span class=\"s1\">Foi exatamente isso que fizeram alguns vereadores da nossa cidade ao se reunirem em Salvador com o governador Jer\u00f4nimo Rodrigues. A comitiva foi liderada pelo presidente da C\u00e2mara Municipal, vereador Ivan Cordeiro. Estiveram ao lado dele os vereadores Ricardo Bab\u00e3o, Ricardo Gordo, Paulinho Oliveira e a vereadora Gabriela Garrido.<\/span><\/p>\n<p class=\"p1\"><span class=\"s1\">\u00c9 evidente que, em um universo de 23 vereadores, seria desej\u00e1vel que mais parlamentares estivessem presentes. Mas \u00e9 poss\u00edvel que muitos deles estivessem cumprindo agendas aqui mesmo no munic\u00edpio.<\/span><\/p>\n<p class=\"p1\"><span class=\"s1\">O importante \u00e9 que houve a iniciativa. Agora a expectativa da popula\u00e7\u00e3o conquistense \u00e9 que desse encontro possam surgir boas not\u00edcias, fruto de uma cobran\u00e7a necess\u00e1ria e oportuna em favor da nossa cidade.<\/span><\/p>\n\n\t\t<style type=\"text\/css\">\n\t\t\t#gallery-1 {\n\t\t\t\tmargin: auto;\n\t\t\t}\n\t\t\t#gallery-1 .gallery-item {\n\t\t\t\tfloat: left;\n\t\t\t\tmargin-top: 10px;\n\t\t\t\ttext-align: center;\n\t\t\t\twidth: 33%;\n\t\t\t}\n\t\t\t#gallery-1 img {\n\t\t\t\tborder: 2px solid #cfcfcf;\n\t\t\t}\n\t\t\t#gallery-1 .gallery-caption {\n\t\t\t\tmargin-left: 0;\n\t\t\t}\n\t\t\t\/* see gallery_shortcode() in wp-includes\/media.php *\/\n\t\t<\/style>\n\t\t<div id='gallery-1' class='gallery galleryid-55505 gallery-columns-3 gallery-size-thumbnail'><dl class='gallery-item'>\n\t\t\t<dt class='gallery-icon landscape'>\n\t\t\t\t<a href=\"https:\/\/www.blogdomassinha.com.br\/v1\/wp-content\/uploads\/2026\/03\/570ca412-940a-4d78-9011-23e255395947.jpeg\" class=\"gallery_colorbox\"><img width=\"150\" height=\"150\" src=\"https:\/\/www.blogdomassinha.com.br\/v1\/wp-content\/uploads\/2026\/03\/570ca412-940a-4d78-9011-23e255395947-150x150.jpeg\"  class=\"attachment-thumbnail size-thumbnail\" alt=\"\" loading=\"lazy\" \/><\/a>\n\t\t\t<\/dt><\/dl><dl class='gallery-item'>\n\t\t\t<dt class='gallery-icon landscape'>\n\t\t\t\t<a href=\"https:\/\/www.blogdomassinha.com.br\/v1\/wp-content\/uploads\/2026\/03\/53ab0a1e-b6ce-4b3c-942f-730846b2e9bc.jpeg\" class=\"gallery_colorbox\"><img width=\"150\" height=\"150\" src=\"https:\/\/www.blogdomassinha.com.br\/v1\/wp-content\/uploads\/2026\/03\/53ab0a1e-b6ce-4b3c-942f-730846b2e9bc-150x150.jpeg\"  class=\"attachment-thumbnail size-thumbnail\" alt=\"\" loading=\"lazy\" \/><\/a>\n\t\t\t<\/dt><\/dl><dl class='gallery-item'>\n\t\t\t<dt class='gallery-icon landscape'>\n\t\t\t\t<a href=\"https:\/\/www.blogdomassinha.com.br\/v1\/wp-content\/uploads\/2026\/03\/bc158e88-71b2-477e-819e-57d6a8e32a72.jpeg\" class=\"gallery_colorbox\"><img width=\"150\" height=\"150\" src=\"https:\/\/www.blogdomassinha.com.br\/v1\/wp-content\/uploads\/2026\/03\/bc158e88-71b2-477e-819e-57d6a8e32a72-150x150.jpeg\"  class=\"attachment-thumbnail size-thumbnail\" alt=\"\" loading=\"lazy\" \/><\/a>\n\t\t\t<\/dt><\/dl><br style=\"clear: both\" \/><dl class='gallery-item'>\n\t\t\t<dt class='gallery-icon landscape'>\n\t\t\t\t<a href=\"https:\/\/www.blogdomassinha.com.br\/v1\/wp-content\/uploads\/2026\/03\/358ad889-9c61-4b2d-a418-98442c099b5c.jpeg\" class=\"gallery_colorbox\"><img width=\"150\" height=\"150\" src=\"https:\/\/www.blogdomassinha.com.br\/v1\/wp-content\/uploads\/2026\/03\/358ad889-9c61-4b2d-a418-98442c099b5c-150x150.jpeg\"  class=\"attachment-thumbnail size-thumbnail\" alt=\"\" loading=\"lazy\" \/><\/a>\n\t\t\t<\/dt><\/dl><dl class='gallery-item'>\n\t\t\t<dt class='gallery-icon landscape'>\n\t\t\t\t<a href=\"https:\/\/www.blogdomassinha.com.br\/v1\/wp-content\/uploads\/2026\/03\/e8bb4cf8-bb6a-4343-9933-0d237302e709.jpeg\" class=\"gallery_colorbox\"><img width=\"150\" height=\"150\" src=\"https:\/\/www.blogdomassinha.com.br\/v1\/wp-content\/uploads\/2026\/03\/e8bb4cf8-bb6a-4343-9933-0d237302e709-150x150.jpeg\"  class=\"attachment-thumbnail size-thumbnail\" alt=\"\" loading=\"lazy\" \/><\/a>\n\t\t\t<\/dt><\/dl>\n\t\t\t<br style='clear: both' \/>\n\t\t<\/div>\n\n","protected":false},"excerpt":{"rendered":"<p>H\u00e1 quem diga que o papel do vereador seja apenas legislar, criar leis, apresent\u00e1-las ao Executivo e cobrar solu\u00e7\u00f5es para as demandas da popula\u00e7\u00e3o. H\u00e1 tamb\u00e9m quem entenda que o universo de a\u00e7\u00e3o dos representantes do povo deve se limitar apenas ao territ\u00f3rio do munic\u00edpio onde foram eleitos. Eu discordo completamente dessa vis\u00e3o. Creio que [&hellip;]<\/p>\n","protected":false},"author":3,"featured_media":55510,"comment_status":"open","ping_status":"open","sticky":false,"template":"","format":"standard","meta":[],"categories":[7,1,2],"tags":[],"_links":{"self":[{"href":"https:\/\/www.blogdomassinha.com.br\/v1\/wp-json\/wp\/v2\/posts\/55505"}],"collection":[{"href":"https:\/\/www.blogdomassinha.com.br\/v1\/wp-json\/wp\/v2\/posts"}],"about":[{"href":"https:\/\/www.blogdomassinha.com.br\/v1\/wp-json\/wp\/v2\/types\/post"}],"author":[{"embeddable":true,"href":"https:\/\/www.blogdomassinha.com.br\/v1\/wp-json\/wp\/v2\/users\/3"}],"replies":[{"embeddable":true,"href":"https:\/\/www.blogdomassinha.com.br\/v1\/wp-json\/wp\/v2\/comments?post=55505"}],"version-history":[{"count":1,"href":"https:\/\/www.blogdomassinha.com.br\/v1\/wp-json\/wp\/v2\/posts\/55505\/revisions"}],"predecessor-version":[{"id":55511,"href":"https:\/\/www.blogdomassinha.com.br\/v1\/wp-json\/wp\/v2\/posts\/55505\/revisions\/55511"}],"wp:featuredmedia":[{"embeddable":true,"href":"https:\/\/www.blogdomassinha.com.br\/v1\/wp-json\/wp\/v2\/media\/55510"}],"wp:attachment":[{"href":"https:\/\/www.blogdomassinha.com.br\/v1\/wp-json\/wp\/v2\/media?parent=55505"}],"wp:term":[{"taxonomy":"category","embeddable":true,"href":"https:\/\/www.blogdomassinha.com.br\/v1\/wp-json\/wp\/v2\/categories?post=55505"},{"taxonomy":"post_tag","embeddable":true,"href":"https:\/\/www.blogdomassinha.com.br\/v1\/wp-json\/wp\/v2\/tags?post=55505"}],"curies":[{"name":"wp","href":"https:\/\/api.w.org\/{rel}","templated":true}]}}