{"id":55489,"date":"2026-03-09T19:05:30","date_gmt":"2026-03-09T22:05:30","guid":{"rendered":"https:\/\/www.blogdomassinha.com.br\/v1\/?p=55489"},"modified":"2026-03-09T19:05:30","modified_gmt":"2026-03-09T22:05:30","slug":"chuva-veio-muito-forte-e-assusta-a-populacao-carros-boiando-galpao-caindo-homens-desesperados-e-uma-mulher-desaparecida","status":"publish","type":"post","link":"https:\/\/www.blogdomassinha.com.br\/v1\/2026\/03\/09\/chuva-veio-muito-forte-e-assusta-a-populacao-carros-boiando-galpao-caindo-homens-desesperados-e-uma-mulher-desaparecida\/","title":{"rendered":"Chuva veio muito forte e assusta a popula\u00e7\u00e3o. Carros boiando, galp\u00e3o caindo, homens desesperados e uma mulher desaparecida"},"content":{"rendered":"<p><img loading=\"lazy\" class=\"size-medium wp-image-55490\" src=\"https:\/\/www.blogdomassinha.com.br\/v1\/wp-content\/uploads\/2026\/03\/IMG_5173-300x231.jpeg\" alt=\"\" width=\"300\" height=\"231\" srcset=\"https:\/\/www.blogdomassinha.com.br\/v1\/wp-content\/uploads\/2026\/03\/IMG_5173-300x231.jpeg 300w, https:\/\/www.blogdomassinha.com.br\/v1\/wp-content\/uploads\/2026\/03\/IMG_5173.jpeg 600w\" sizes=\"(max-width: 300px) 100vw, 300px\" \/><\/p>\n<p class=\"p2\"><span class=\"s1\"><br \/>\nCaros leitores, como todos sabem, n\u00e3o \u00e9 do perfil do nosso blog explorar trag\u00e9dias. Da mesma forma, em nosso programa <\/span><span class=\"s2\">Agito Geral<\/span><span class=\"s1\">, eu tamb\u00e9m evito tratar desse tipo de situa\u00e7\u00e3o de maneira sensacionalista. Reitero isso sempre, em alto e bom som. Confesso que n\u00e3o tenho estrutura emocional para ficar registrando trag\u00e9dias.<\/span><\/p>\n<p class=\"p2\"><span class=\"s1\">Isso n\u00e3o significa, de forma alguma, falta de respeito com os profissionais que fazem esse trabalho. Muito pelo contr\u00e1rio. Trata-se de uma atividade que exige sangue-frio, lucidez e compromisso absoluto com a verdade.<\/span><\/p>\n<p class=\"p2\"><span class=\"s1\">Por essa raz\u00e3o, muitas vezes sou questionado. Alguns perguntam por que o nosso blog n\u00e3o publica determinadas imagens ou v\u00eddeos que circulam nas redes sociais. Eu explico com toda tranquilidade: \u00e9 uma escolha pessoal. E, na maioria das vezes, as pessoas compreendem.<\/span><\/p>\n<p class=\"p2\"><span class=\"s1\">Mas, diante da gravidade do que aconteceu, sinto a necessidade de falar com voc\u00eas. N\u00e3o para mostrar trag\u00e9dias, mas para alertar.<\/span><\/p>\n<p class=\"p2\"><span class=\"s1\">A chuva caiu com uma for\u00e7a impressionante sobre Vit\u00f3ria da Conquista. As cenas s\u00e3o assustadoras. Carros sendo arrastados pela enxurrada, estruturas cedendo, pessoas desesperadas tentando escapar da for\u00e7a da \u00e1gua. V\u00eddeos mostram ve\u00edculos sendo levados pela correnteza em algumas avenidas da cidade durante o temporal. <\/span><\/p>\n<p class=\"p2\"><span class=\"s1\">Por isso fa\u00e7o aqui um apelo sincero. Evitem sair de casa.<\/span><\/p>\n<p class=\"p2\"><span class=\"s1\">N\u00e3o passem pela <\/span><span class=\"s2\">Avenida Juracy Magalh\u00e3es<\/span><span class=\"s1\">, nem pela <\/span><span class=\"s2\">Avenida Ol\u00edvia Flores<\/span><span class=\"s1\">, nem pela <\/span><span class=\"s2\">Lu\u00eds Eduardo Magalh\u00e3es<\/span><span class=\"s1\">, nem pela <\/span><span class=\"s2\">Avenida Caracas<\/span><span class=\"s1\">, no bairro Jurema. Evitem tamb\u00e9m regi\u00f5es como o <\/span><span class=\"s2\">Gancho<\/span><span class=\"s1\"> e a <\/span><span class=\"s2\">Avenida Filipinas<\/span><span class=\"s1\">, entre outras vias que historicamente recebem grande volume de enxurrada quando a chuva cai com intensidade.<\/span><!--more--><\/p>\n<p class=\"p2\"><span class=\"s1\">Quando a chuva est\u00e1 torrencial, n\u00e3o h\u00e1 como manobrar o carro com seguran\u00e7a. Muitas dessas avenidas s\u00e3o de m\u00e3o dupla, e quem entra numa situa\u00e7\u00e3o dessas muitas vezes n\u00e3o consegue retornar.<\/span><\/p>\n<p class=\"p2\"><span class=\"s1\">Fiquem em casa. Esperem a chuva passar.<\/span><\/p>\n<p class=\"p2\"><span class=\"s1\">Sabemos que muitos moradores da periferia vivem em \u00e1reas de risco e que, nesses momentos, a situa\u00e7\u00e3o se torna ainda mais dif\u00edcil. A natureza n\u00e3o distingue classe social, ra\u00e7a ou condi\u00e7\u00e3o financeira. Quando a chuva vem com for\u00e7a, todos ficam vulner\u00e1veis.<\/span><\/p>\n<p class=\"p2\"><span class=\"s1\">Tamb\u00e9m precisamos refletir sobre o que estamos fazendo com o meio ambiente. Muito do que estamos vivendo hoje \u00e9 resultado de d\u00e9cadas de ocupa\u00e7\u00e3o desordenada e de interven\u00e7\u00f5es inadequadas na natureza.<\/span><\/p>\n<p class=\"p2\"><span class=\"s1\">E a situa\u00e7\u00e3o n\u00e3o \u00e9 das melhores.<\/span><\/p>\n<p class=\"p2\"><span class=\"s1\">Al\u00e9m dos preju\u00edzos no com\u00e9rcio local, parte da estrutura de um galp\u00e3o foi comprometida durante o temporal. H\u00e1 tamb\u00e9m o registro de uma mulher desaparecida ap\u00f3s um ve\u00edculo ser arrastado pela correnteza. Segundo informa\u00e7\u00f5es, ela estava no carro com um motorista que conseguiu saltar e foi resgatado, enquanto a mulher continua desaparecida.<\/span><\/p>\n<p class=\"p2\"><span class=\"s1\">Equipes da <\/span><span class=\"s2\">Defesa Civil<\/span><span class=\"s1\">, do <\/span><span class=\"s2\">Corpo de Bombeiros<\/span><span class=\"s1\"> e o <\/span><span class=\"s2\">Comit\u00ea de Crise da Prefeitura de Vit\u00f3ria da Conquista<\/span><span class=\"s1\"> seguem mobilizados para atender as ocorr\u00eancias, prestar socorro \u00e0 popula\u00e7\u00e3o e realizar as buscas.<\/span><\/p>\n<p class=\"p2\"><span class=\"s1\">Qualquer situa\u00e7\u00e3o de risco deve ser comunicada imediatamente \u00e0 Defesa Civil.<\/span><\/p>\n<p class=\"p2\"><span class=\"s1\">Que Deus nos proteja e nos d\u00ea sabedoria neste momento dif\u00edcil.<\/span><\/p>\n<p class=\"p2\"><span class=\"s1\">E refor\u00e7o mais uma vez o pedido: <\/span><span class=\"s2\">n\u00e3o saiam de casa se n\u00e3o for absolutamente necess\u00e1rio.<\/span><\/p>\n","protected":false},"excerpt":{"rendered":"<p>Caros leitores, como todos sabem, n\u00e3o \u00e9 do perfil do nosso blog explorar trag\u00e9dias. Da mesma forma, em nosso programa Agito Geral, eu tamb\u00e9m evito tratar desse tipo de situa\u00e7\u00e3o de maneira sensacionalista. Reitero isso sempre, em alto e bom som. Confesso que n\u00e3o tenho estrutura emocional para ficar registrando trag\u00e9dias. Isso n\u00e3o significa, de [&hellip;]<\/p>\n","protected":false},"author":3,"featured_media":55490,"comment_status":"open","ping_status":"open","sticky":false,"template":"","format":"standard","meta":[],"categories":[7,1],"tags":[],"_links":{"self":[{"href":"https:\/\/www.blogdomassinha.com.br\/v1\/wp-json\/wp\/v2\/posts\/55489"}],"collection":[{"href":"https:\/\/www.blogdomassinha.com.br\/v1\/wp-json\/wp\/v2\/posts"}],"about":[{"href":"https:\/\/www.blogdomassinha.com.br\/v1\/wp-json\/wp\/v2\/types\/post"}],"author":[{"embeddable":true,"href":"https:\/\/www.blogdomassinha.com.br\/v1\/wp-json\/wp\/v2\/users\/3"}],"replies":[{"embeddable":true,"href":"https:\/\/www.blogdomassinha.com.br\/v1\/wp-json\/wp\/v2\/comments?post=55489"}],"version-history":[{"count":1,"href":"https:\/\/www.blogdomassinha.com.br\/v1\/wp-json\/wp\/v2\/posts\/55489\/revisions"}],"predecessor-version":[{"id":55491,"href":"https:\/\/www.blogdomassinha.com.br\/v1\/wp-json\/wp\/v2\/posts\/55489\/revisions\/55491"}],"wp:featuredmedia":[{"embeddable":true,"href":"https:\/\/www.blogdomassinha.com.br\/v1\/wp-json\/wp\/v2\/media\/55490"}],"wp:attachment":[{"href":"https:\/\/www.blogdomassinha.com.br\/v1\/wp-json\/wp\/v2\/media?parent=55489"}],"wp:term":[{"taxonomy":"category","embeddable":true,"href":"https:\/\/www.blogdomassinha.com.br\/v1\/wp-json\/wp\/v2\/categories?post=55489"},{"taxonomy":"post_tag","embeddable":true,"href":"https:\/\/www.blogdomassinha.com.br\/v1\/wp-json\/wp\/v2\/tags?post=55489"}],"curies":[{"name":"wp","href":"https:\/\/api.w.org\/{rel}","templated":true}]}}