{"id":55483,"date":"2026-03-09T14:03:00","date_gmt":"2026-03-09T17:03:00","guid":{"rendered":"https:\/\/www.blogdomassinha.com.br\/v1\/?p=55483"},"modified":"2026-03-09T14:03:00","modified_gmt":"2026-03-09T17:03:00","slug":"quem-vencera-a-eleicao-nao-e-a-disputa-pelo-governo-da-bahia-a-pergunta-e-quem-ganha-a-eleicao-da-coopmac-isaac-figueira-ou-abel-reboucas","status":"publish","type":"post","link":"https:\/\/www.blogdomassinha.com.br\/v1\/2026\/03\/09\/quem-vencera-a-eleicao-nao-e-a-disputa-pelo-governo-da-bahia-a-pergunta-e-quem-ganha-a-eleicao-da-coopmac-isaac-figueira-ou-abel-reboucas\/","title":{"rendered":"Quem vencer\u00e1 a elei\u00e7\u00e3o? N\u00e3o \u00e9 a disputa pelo governo da Bahia. A pergunta \u00e9: quem ganha a elei\u00e7\u00e3o da Coopmac, Isaac Figueira ou Abel Rebou\u00e7as?"},"content":{"rendered":"<p class=\"p2\"><span class=\"s1\"><img loading=\"lazy\" class=\"alignright size-medium wp-image-55484\" src=\"https:\/\/www.blogdomassinha.com.br\/v1\/wp-content\/uploads\/2026\/03\/IMG_5168-300x300.jpeg\" alt=\"\" width=\"300\" height=\"300\" srcset=\"https:\/\/www.blogdomassinha.com.br\/v1\/wp-content\/uploads\/2026\/03\/IMG_5168-300x300.jpeg 300w, https:\/\/www.blogdomassinha.com.br\/v1\/wp-content\/uploads\/2026\/03\/IMG_5168-150x150.jpeg 150w, https:\/\/www.blogdomassinha.com.br\/v1\/wp-content\/uploads\/2026\/03\/IMG_5168.jpeg 500w\" sizes=\"(max-width: 300px) 100vw, 300px\" \/><br \/>\nA pergunta que fazemos na manchete do nosso blog \u00e9 simples, mas carrega grande significado para Vit\u00f3ria da Conquista: quem vencer\u00e1 a elei\u00e7\u00e3o do pr\u00f3ximo s\u00e1bado, dia 14, para dirigir a Coopmac, a nossa tradicional cooperativa agropecu\u00e1ria?<\/span><\/p>\n<p class=\"p2\"><span class=\"s1\">A Coopmac \u00e9 uma das institui\u00e7\u00f5es mais importantes da hist\u00f3ria da nossa cidade. Sua trajet\u00f3ria est\u00e1 diretamente ligada ao desenvolvimento econ\u00f4mico e social de Vit\u00f3ria da Conquista e de toda a regi\u00e3o Sudoeste da Bahia.<\/span><\/p>\n<p class=\"p2\"><span class=\"s1\">S\u00e3o anos de hist\u00f3ria, de tradi\u00e7\u00e3o e de forte identidade com o povo conquistense. Basta lembrar das grandes festas realizadas no Parque Teopompo de Almeida, espa\u00e7o emblem\u00e1tico localizado no cora\u00e7\u00e3o da cidade, em frente ao tamb\u00e9m hist\u00f3rico Bosque da Paquera.<\/span><\/p>\n<p class=\"p2\"><span class=\"s1\">A exposi\u00e7\u00e3o agropecu\u00e1ria sempre foi um momento especial para Vit\u00f3ria da Conquista. Era uma \u00e9poca em que a cidade se transformava em ponto de encontro de fam\u00edlias, amigos e conterr\u00e2neos que estavam espalhados pelo Brasil.<\/span><\/p>\n<p class=\"p2\"><span class=\"s1\">Muitos estudantes conquistenses que cursavam faculdade em cidades como Salvador, Belo Horizonte, S\u00e3o Paulo e Rio de Janeiro faziam quest\u00e3o de voltar para casa justamente nesse per\u00edodo. Era tradi\u00e7\u00e3o passar o Natal, o r\u00e9veillon e, claro, participar da exposi\u00e7\u00e3o agropecu\u00e1ria.<\/span><\/p>\n<p class=\"p2\"><span class=\"s1\">As viagens eram organizadas com anteced\u00eancia. Todos corriam para a antiga rodovi\u00e1ria para garantir a passagem nos \u00f4nibus da empresa Camurujipe. E quem viveu aquele tempo lembra bem de um detalhe curioso. Muitos passageiros j\u00e1 avisavam ao motorista onde queriam descer.<\/span><\/p>\n<p class=\"p2\"><span class=\"s1\">O destino era o antigo Po\u00e7o Tigr\u00e3o, ponto tradicional de chegada, localizado nas proximidades do estabelecimento do saudoso Gileno Gusm\u00e3o.<\/span><!--more--><\/p>\n<p class=\"p2\"><span class=\"s1\">Essa mem\u00f3ria ajuda a entender o tamanho da import\u00e2ncia que a Coopmac sempre teve para Vit\u00f3ria da Conquista.<\/span><\/p>\n<p class=\"p2\"><span class=\"s1\">Por isso mesmo, a elei\u00e7\u00e3o deste ano desperta grande interesse. A disputa pela presid\u00eancia da cooperativa promete ser bastante acirrada.<\/span><\/p>\n<p class=\"p2\"><span class=\"s1\">A Coopmac tem um papel fundamental na economia regional. A cooperativa movimenta o setor agropecu\u00e1rio, fortalece a cadeia produtiva do caf\u00e9 e da pecu\u00e1ria e mant\u00e9m rela\u00e7\u00f5es comerciais que ultrapassam as fronteiras do Brasil, alcan\u00e7ando mercados internacionais.<\/span><\/p>\n<p class=\"p2\"><span class=\"s1\">Vit\u00f3ria da Conquista sempre teve uma forte tradi\u00e7\u00e3o na pecu\u00e1ria. A cria\u00e7\u00e3o de gado, equinos e caprinos faz parte da hist\u00f3ria econ\u00f4mica da regi\u00e3o e encontra na Coopmac um importante ponto de apoio.<\/span><\/p>\n<p class=\"p2\"><span class=\"s1\">Os dois candidatos que disputam a presid\u00eancia est\u00e3o preparados para apresentar suas propostas aos cooperados. De um lado est\u00e1 o atual presidente, Isaac Figueira, que busca a reelei\u00e7\u00e3o. Do outro, o engenheiro agr\u00f4nomo Abel Rebou\u00e7as, que lidera a chapa de oposi\u00e7\u00e3o.<\/span><\/p>\n<p class=\"p2\"><span class=\"s1\">A expectativa \u00e9 de uma disputa em alto n\u00edvel, marcada pelo respeito entre os candidatos e pelo compromisso com o futuro da cooperativa.<\/span><\/p>\n<p class=\"p2\"><span class=\"s1\">Ao final da elei\u00e7\u00e3o, independentemente do resultado, o mais importante \u00e9 que prevale\u00e7a o esp\u00edrito cooperativista que sempre marcou a hist\u00f3ria da Coopmac. Afinal, a cooperativa pertence a todos os seus associados.<\/span><\/p>\n<p class=\"p2\"><span class=\"s1\">Hoje, em nosso programa Agito Geral, teremos a presen\u00e7a do atual presidente Isaac Figueira, assim como recebemos na \u00faltima sexta-feira o candidato Abel Rebou\u00e7as, que tamb\u00e9m apresentou suas ideias e propostas aos nossos ouvintes.<\/span><\/p>\n","protected":false},"excerpt":{"rendered":"<p>A pergunta que fazemos na manchete do nosso blog \u00e9 simples, mas carrega grande significado para Vit\u00f3ria da Conquista: quem vencer\u00e1 a elei\u00e7\u00e3o do pr\u00f3ximo s\u00e1bado, dia 14, para dirigir a Coopmac, a nossa tradicional cooperativa agropecu\u00e1ria? A Coopmac \u00e9 uma das institui\u00e7\u00f5es mais importantes da hist\u00f3ria da nossa cidade. Sua trajet\u00f3ria est\u00e1 diretamente ligada [&hellip;]<\/p>\n","protected":false},"author":3,"featured_media":55484,"comment_status":"open","ping_status":"open","sticky":false,"template":"","format":"standard","meta":[],"categories":[7,1],"tags":[],"_links":{"self":[{"href":"https:\/\/www.blogdomassinha.com.br\/v1\/wp-json\/wp\/v2\/posts\/55483"}],"collection":[{"href":"https:\/\/www.blogdomassinha.com.br\/v1\/wp-json\/wp\/v2\/posts"}],"about":[{"href":"https:\/\/www.blogdomassinha.com.br\/v1\/wp-json\/wp\/v2\/types\/post"}],"author":[{"embeddable":true,"href":"https:\/\/www.blogdomassinha.com.br\/v1\/wp-json\/wp\/v2\/users\/3"}],"replies":[{"embeddable":true,"href":"https:\/\/www.blogdomassinha.com.br\/v1\/wp-json\/wp\/v2\/comments?post=55483"}],"version-history":[{"count":1,"href":"https:\/\/www.blogdomassinha.com.br\/v1\/wp-json\/wp\/v2\/posts\/55483\/revisions"}],"predecessor-version":[{"id":55485,"href":"https:\/\/www.blogdomassinha.com.br\/v1\/wp-json\/wp\/v2\/posts\/55483\/revisions\/55485"}],"wp:featuredmedia":[{"embeddable":true,"href":"https:\/\/www.blogdomassinha.com.br\/v1\/wp-json\/wp\/v2\/media\/55484"}],"wp:attachment":[{"href":"https:\/\/www.blogdomassinha.com.br\/v1\/wp-json\/wp\/v2\/media?parent=55483"}],"wp:term":[{"taxonomy":"category","embeddable":true,"href":"https:\/\/www.blogdomassinha.com.br\/v1\/wp-json\/wp\/v2\/categories?post=55483"},{"taxonomy":"post_tag","embeddable":true,"href":"https:\/\/www.blogdomassinha.com.br\/v1\/wp-json\/wp\/v2\/tags?post=55483"}],"curies":[{"name":"wp","href":"https:\/\/api.w.org\/{rel}","templated":true}]}}