{"id":55481,"date":"2026-03-09T13:56:36","date_gmt":"2026-03-09T16:56:36","guid":{"rendered":"https:\/\/www.blogdomassinha.com.br\/v1\/?p=55481"},"modified":"2026-03-09T13:56:36","modified_gmt":"2026-03-09T16:56:36","slug":"os-caminhos-estao-cada-vez-mais-abertos-para-a-prefeita-sheila-lemos-ze-ronaldo-prefeito-de-feira-desiste-de-ser-vice-de-acm-neto-ze-coca-prefeito-de-jequie-continua-na-espreita","status":"publish","type":"post","link":"https:\/\/www.blogdomassinha.com.br\/v1\/2026\/03\/09\/os-caminhos-estao-cada-vez-mais-abertos-para-a-prefeita-sheila-lemos-ze-ronaldo-prefeito-de-feira-desiste-de-ser-vice-de-acm-neto-ze-coca-prefeito-de-jequie-continua-na-espreita\/","title":{"rendered":"Os caminhos est\u00e3o cada vez mais abertos para a prefeita Sheila Lemos. Z\u00e9 Ronaldo, prefeito de Feira, desiste de ser vice de ACM Neto. Z\u00e9 Coc\u00e1, prefeito de Jequi\u00e9, continua na espreita"},"content":{"rendered":"<p class=\"p2\"><span class=\"s2\"><img loading=\"lazy\" class=\"size-medium wp-image-55414 alignleft\" src=\"https:\/\/www.blogdomassinha.com.br\/v1\/wp-content\/uploads\/2026\/03\/IMG_5075-300x300.jpeg\" alt=\"\" width=\"300\" height=\"300\" srcset=\"https:\/\/www.blogdomassinha.com.br\/v1\/wp-content\/uploads\/2026\/03\/IMG_5075-300x300.jpeg 300w, https:\/\/www.blogdomassinha.com.br\/v1\/wp-content\/uploads\/2026\/03\/IMG_5075-150x150.jpeg 150w, https:\/\/www.blogdomassinha.com.br\/v1\/wp-content\/uploads\/2026\/03\/IMG_5075.jpeg 500w\" sizes=\"(max-width: 300px) 100vw, 300px\" \/><br \/>\nQueridos leitores, eu aprendi desde cedo a confiar nas pessoas. Dizem que isso \u00e9 coisa de quem vem do interior, e eu acredito que seja verdade. No interior, a palavra dada sempre teve um valor enorme. Muitas vezes, valia mais do que qualquer assinatura em papel.<\/span><\/p>\n<p class=\"p2\"><span class=\"s2\">Eu lembro bem quando ia \u00e0s vendas, que eram os pequenos mercadinhos de antigamente, l\u00e1 na minha querida Conde\u00faba. \u00c0s vezes ia comprar mantimentos para os meus pais ou passava na padaria de seu Anito para buscar o p\u00e3o. A gente pegava os produtos e dizia apenas uma frase simples: \u201canote a\u00ed, por favor\u201d. E o dono do estabelecimento respondia com um gesto de confian\u00e7a, um \u201ct\u00e1 certo\u201d ou um simples aceno de cabe\u00e7a.<\/span><\/p>\n<p class=\"p2\"><span class=\"s2\">Era a confian\u00e7a de um lado e de outro. Eles confiavam em quem levava as compras, e n\u00f3s confi\u00e1vamos no que seria anotado na caderneta para pagar no final do m\u00eas.<\/span><\/p>\n<p class=\"p2\"><span class=\"s2\">Esse valor da palavra eu carreguei para a minha vida profissional. Durante muito tempo, quando trazia artistas para eventos em Vit\u00f3ria da Conquista, quase tudo era resolvido na base da confian\u00e7a. Contratos formais vieram depois. Antes disso, muitas vezes bastava a palavra empenhada entre as partes.<\/span><\/p>\n<p class=\"p2\"><span class=\"s2\">At\u00e9 hoje confesso que me sinto constrangido quando algu\u00e9m que considero amigo precisa provar aquilo que disse, seja assinando documentos ou gravando mensagens para confirmar compromissos. Talvez seja uma vis\u00e3o antiga, mas continuo acreditando na for\u00e7a da palavra.<\/span><\/p>\n<p class=\"p2\"><span class=\"s2\">E \u00e9 justamente com base nessa reflex\u00e3o que entro no tema pol\u00edtico do momento.<\/span><\/p>\n<p class=\"p2\"><span class=\"s2\">Desde o in\u00edcio das conversas sobre a composi\u00e7\u00e3o da chapa de ACM Neto para disputar o governo da Bahia, a prefeita de Vit\u00f3ria da Conquista, Sheila Lemos, foi direta. Disse publicamente que, se fosse chamada, aceitaria o desafio de ser candidata a vice-governadora.<\/span><\/p>\n<p class=\"p2\"><span class=\"s2\">Ou seja, colocou o seu nome \u00e0 disposi\u00e7\u00e3o do grupo pol\u00edtico.<\/span><!--more--><\/p>\n<p class=\"p2\"><span class=\"s2\">J\u00e1 o prefeito de Feira de Santana, Z\u00e9 Ronaldo, uma das figuras mais experientes da pol\u00edtica baiana, acabou recuando dessa possibilidade. Z\u00e9 Ronaldo tem uma trajet\u00f3ria consolidada e est\u00e1 no seu quinto mandato como prefeito. Naturalmente, tem o direito de disputar novamente o cargo e dificilmente abriria m\u00e3o dessa possibilidade para entrar em uma disputa como vice.<\/span><\/p>\n<p class=\"p2\"><span class=\"s2\">Outro nome citado nesse tabuleiro pol\u00edtico \u00e9 o do prefeito de Jequi\u00e9, Z\u00e9 Coc\u00e1. Ele, no entanto, continua numa posi\u00e7\u00e3o de observa\u00e7\u00e3o. N\u00e3o fez um movimento definitivo nem para um lado nem para o outro. Permanece acompanhando os acontecimentos, aguardando o desenrolar das articula\u00e7\u00f5es.<\/span><\/p>\n<p class=\"p2\"><span class=\"s2\">Nesse cen\u00e1rio, muitos podem interpretar essa postura como prud\u00eancia pol\u00edtica. Outros podem entender como uma decis\u00e3o que ainda n\u00e3o foi tomada.<\/span><\/p>\n<p class=\"p2\"><span class=\"s2\">Com a sa\u00edda de Z\u00e9 Ronaldo da disputa pela vice, os caminhos parecem cada vez mais abertos para Sheila Lemos. Caso o seu nome seja confirmado para compor a chapa de ACM Neto, ela deixaria o comando da prefeitura e o vice-prefeito Alan assumiria a administra\u00e7\u00e3o municipal.<\/span><\/p>\n<p class=\"p2\"><span class=\"s2\">Alan j\u00e1 demonstrou estar preparado para essa possibilidade. Ele tem uma rela\u00e7\u00e3o pol\u00edtica s\u00f3lida com a prefeita, faz parte do grupo e goza da confian\u00e7a da gestora.<\/span><\/p>\n<p class=\"p2\"><span class=\"s2\">Portanto, amigos, neste momento tudo depende da decis\u00e3o final de ACM Neto e das articula\u00e7\u00f5es pol\u00edticas que est\u00e3o acontecendo nos bastidores.<\/span><\/p>\n<p class=\"p2\"><span class=\"s2\">Pode ser que a escolha j\u00e1 esteja definida h\u00e1 algum tempo e ainda n\u00e3o tenha sido anunciada oficialmente. Na pol\u00edtica, muitas vezes as decis\u00f5es s\u00e3o tomadas antes, mas aguardam o momento certo para serem reveladas de forma solene.<\/span><\/p>\n<p class=\"p2\"><span class=\"s2\">O fato \u00e9 que Sheila Lemos surge hoje como um nome cada vez mais forte nesse cen\u00e1rio.<\/span><\/p>\n<p class=\"p2\"><span class=\"s2\">Vamos aguardar os pr\u00f3ximos cap\u00edtulos dessa movimenta\u00e7\u00e3o pol\u00edtica que certamente marcar\u00e1 as elei\u00e7\u00f5es de 2026 na Bahia.<\/span><\/p>\n","protected":false},"excerpt":{"rendered":"<p>Queridos leitores, eu aprendi desde cedo a confiar nas pessoas. Dizem que isso \u00e9 coisa de quem vem do interior, e eu acredito que seja verdade. No interior, a palavra dada sempre teve um valor enorme. Muitas vezes, valia mais do que qualquer assinatura em papel. Eu lembro bem quando ia \u00e0s vendas, que eram [&hellip;]<\/p>\n","protected":false},"author":3,"featured_media":55414,"comment_status":"open","ping_status":"open","sticky":false,"template":"","format":"standard","meta":[],"categories":[7,2],"tags":[],"_links":{"self":[{"href":"https:\/\/www.blogdomassinha.com.br\/v1\/wp-json\/wp\/v2\/posts\/55481"}],"collection":[{"href":"https:\/\/www.blogdomassinha.com.br\/v1\/wp-json\/wp\/v2\/posts"}],"about":[{"href":"https:\/\/www.blogdomassinha.com.br\/v1\/wp-json\/wp\/v2\/types\/post"}],"author":[{"embeddable":true,"href":"https:\/\/www.blogdomassinha.com.br\/v1\/wp-json\/wp\/v2\/users\/3"}],"replies":[{"embeddable":true,"href":"https:\/\/www.blogdomassinha.com.br\/v1\/wp-json\/wp\/v2\/comments?post=55481"}],"version-history":[{"count":1,"href":"https:\/\/www.blogdomassinha.com.br\/v1\/wp-json\/wp\/v2\/posts\/55481\/revisions"}],"predecessor-version":[{"id":55482,"href":"https:\/\/www.blogdomassinha.com.br\/v1\/wp-json\/wp\/v2\/posts\/55481\/revisions\/55482"}],"wp:featuredmedia":[{"embeddable":true,"href":"https:\/\/www.blogdomassinha.com.br\/v1\/wp-json\/wp\/v2\/media\/55414"}],"wp:attachment":[{"href":"https:\/\/www.blogdomassinha.com.br\/v1\/wp-json\/wp\/v2\/media?parent=55481"}],"wp:term":[{"taxonomy":"category","embeddable":true,"href":"https:\/\/www.blogdomassinha.com.br\/v1\/wp-json\/wp\/v2\/categories?post=55481"},{"taxonomy":"post_tag","embeddable":true,"href":"https:\/\/www.blogdomassinha.com.br\/v1\/wp-json\/wp\/v2\/tags?post=55481"}],"curies":[{"name":"wp","href":"https:\/\/api.w.org\/{rel}","templated":true}]}}