{"id":55470,"date":"2026-03-08T19:01:08","date_gmt":"2026-03-08T22:01:08","guid":{"rendered":"https:\/\/www.blogdomassinha.com.br\/v1\/?p=55470"},"modified":"2026-03-08T19:05:15","modified_gmt":"2026-03-08T22:05:15","slug":"cinco-vereadoras-honram-o-nosso-legislativo-a-bancada-feminina-composta-por-cinco-nomes-marca-um-registro-historico-em-vitoria-da-conquista","status":"publish","type":"post","link":"https:\/\/www.blogdomassinha.com.br\/v1\/2026\/03\/08\/cinco-vereadoras-honram-o-nosso-legislativo-a-bancada-feminina-composta-por-cinco-nomes-marca-um-registro-historico-em-vitoria-da-conquista\/","title":{"rendered":"Cinco vereadoras honram o nosso Legislativo. A bancada feminina composta por cinco nomes marca um registro hist\u00f3rico em Vit\u00f3ria da Conquista"},"content":{"rendered":"<p><img loading=\"lazy\" class=\"size-medium wp-image-55471 alignleft\" src=\"https:\/\/www.blogdomassinha.com.br\/v1\/wp-content\/uploads\/2026\/03\/IMG_5159-300x255.jpeg\" alt=\"\" width=\"300\" height=\"255\" srcset=\"https:\/\/www.blogdomassinha.com.br\/v1\/wp-content\/uploads\/2026\/03\/IMG_5159-300x255.jpeg 300w, https:\/\/www.blogdomassinha.com.br\/v1\/wp-content\/uploads\/2026\/03\/IMG_5159.jpeg 588w\" sizes=\"(max-width: 300px) 100vw, 300px\" \/><\/p>\n<p class=\"p2\"><span class=\"s1\"><br \/>\nTrago aqui uma reflex\u00e3o importante sobre a hist\u00f3ria da C\u00e2mara Municipal de Vit\u00f3ria da Conquista. Trata-se de um marco significativo que refor\u00e7a o car\u00e1ter progressista da nossa cidade e mostra para toda a Bahia o protagonismo das mulheres conquistenses na vida p\u00fablica.<\/span><\/p>\n<p class=\"p2\"><span class=\"s1\">Vit\u00f3ria da Conquista \u00e9 reconhecida como uma das cidades mais importantes do interior do Brasil. O munic\u00edpio figura entre os cem mais desenvolvidos do pa\u00eds, resultado do trabalho de um povo que construiu, ao longo do tempo, uma cidade din\u00e2mica, organizada e em constante crescimento.<\/span><\/p>\n<p class=\"p2\"><span class=\"s1\">Esse destaque tamb\u00e9m se reflete no cen\u00e1rio pol\u00edtico local. A C\u00e2mara Municipal registra um fato hist\u00f3rico ao contar atualmente com uma bancada feminina formada por cinco vereadoras.<\/span><\/p>\n<p class=\"p2\"><span class=\"s1\">S\u00e3o elas: Lara Fernandes, Viviane Sampaio, Cris Rocha, Gabriela Garrido e Leia Meira. Gabriela Garrido, inclusive, exerce hoje a presid\u00eancia da bancada feminina da Casa Legislativa.<\/span><\/p>\n<p class=\"p2\"><span class=\"s1\">A presen\u00e7a dessas cinco mulheres no parlamento conquistense representa um avan\u00e7o importante para a participa\u00e7\u00e3o feminina na pol\u00edtica municipal. Em um Legislativo composto por 23 vereadores, a presen\u00e7a de cinco mulheres simboliza um passo significativo na constru\u00e7\u00e3o de uma representa\u00e7\u00e3o mais equilibrada e plural.<\/span><!--more--><\/p>\n<p class=\"p2\"><span class=\"s1\">Mais do que n\u00fameros, trata-se de reconhecer a capacidade, a lideran\u00e7a e o compromisso dessas parlamentares com os interesses da popula\u00e7\u00e3o de Vit\u00f3ria da Conquista.<\/span><\/p>\n<p class=\"p2\"><span class=\"s1\">Fazemos esse registro especialmente neste per\u00edodo em que se celebra o Dia Internacional da Mulher, uma data que convida a sociedade a refletir sobre a import\u00e2ncia da presen\u00e7a feminina em todos os espa\u00e7os de decis\u00e3o.<\/span><\/p>\n<p class=\"p2\"><span class=\"s1\">Vit\u00f3ria da Conquista, mais uma vez, demonstra que caminha na dire\u00e7\u00e3o do reconhecimento do papel fundamental das mulheres na constru\u00e7\u00e3o da nossa sociedade.<\/span><\/p>\n<p class=\"p2\"><span class=\"s1\">Ainda h\u00e1 muito a avan\u00e7ar, \u00e9 verdade. A participa\u00e7\u00e3o feminina na pol\u00edtica precisa crescer ainda mais. Mas o fato de nossa cidade eleger cinco vereadoras j\u00e1 demonstra que a popula\u00e7\u00e3o conquistense reconhece cada vez mais a for\u00e7a, a compet\u00eancia e a import\u00e2ncia do protagonismo feminino.<\/span><\/p>\n<p class=\"p2\"><span class=\"s1\">\u00c9 um sinal claro de que estamos avan\u00e7ando e de que, no futuro, a presen\u00e7a das mulheres na pol\u00edtica ser\u00e1 cada vez mais forte e determinante para o desenvolvimento de Vit\u00f3ria da Conquista.<\/span><\/p>\n","protected":false},"excerpt":{"rendered":"<p>Trago aqui uma reflex\u00e3o importante sobre a hist\u00f3ria da C\u00e2mara Municipal de Vit\u00f3ria da Conquista. Trata-se de um marco significativo que refor\u00e7a o car\u00e1ter progressista da nossa cidade e mostra para toda a Bahia o protagonismo das mulheres conquistenses na vida p\u00fablica. Vit\u00f3ria da Conquista \u00e9 reconhecida como uma das cidades mais importantes do interior [&hellip;]<\/p>\n","protected":false},"author":3,"featured_media":55471,"comment_status":"open","ping_status":"open","sticky":false,"template":"","format":"standard","meta":[],"categories":[7,1],"tags":[],"_links":{"self":[{"href":"https:\/\/www.blogdomassinha.com.br\/v1\/wp-json\/wp\/v2\/posts\/55470"}],"collection":[{"href":"https:\/\/www.blogdomassinha.com.br\/v1\/wp-json\/wp\/v2\/posts"}],"about":[{"href":"https:\/\/www.blogdomassinha.com.br\/v1\/wp-json\/wp\/v2\/types\/post"}],"author":[{"embeddable":true,"href":"https:\/\/www.blogdomassinha.com.br\/v1\/wp-json\/wp\/v2\/users\/3"}],"replies":[{"embeddable":true,"href":"https:\/\/www.blogdomassinha.com.br\/v1\/wp-json\/wp\/v2\/comments?post=55470"}],"version-history":[{"count":2,"href":"https:\/\/www.blogdomassinha.com.br\/v1\/wp-json\/wp\/v2\/posts\/55470\/revisions"}],"predecessor-version":[{"id":55473,"href":"https:\/\/www.blogdomassinha.com.br\/v1\/wp-json\/wp\/v2\/posts\/55470\/revisions\/55473"}],"wp:featuredmedia":[{"embeddable":true,"href":"https:\/\/www.blogdomassinha.com.br\/v1\/wp-json\/wp\/v2\/media\/55471"}],"wp:attachment":[{"href":"https:\/\/www.blogdomassinha.com.br\/v1\/wp-json\/wp\/v2\/media?parent=55470"}],"wp:term":[{"taxonomy":"category","embeddable":true,"href":"https:\/\/www.blogdomassinha.com.br\/v1\/wp-json\/wp\/v2\/categories?post=55470"},{"taxonomy":"post_tag","embeddable":true,"href":"https:\/\/www.blogdomassinha.com.br\/v1\/wp-json\/wp\/v2\/tags?post=55470"}],"curies":[{"name":"wp","href":"https:\/\/api.w.org\/{rel}","templated":true}]}}