{"id":55467,"date":"2026-03-08T18:55:04","date_gmt":"2026-03-08T21:55:04","guid":{"rendered":"https:\/\/www.blogdomassinha.com.br\/v1\/?p=55467"},"modified":"2026-03-08T18:55:04","modified_gmt":"2026-03-08T21:55:04","slug":"seis-secretarias-sao-geridas-por-mulheres-no-municipio-de-vitoria-da-conquista-e-um-numero-significativo-considerando-que-vivemos-em-uma-sociedade-ainda-marcada-pelo-machismo","status":"publish","type":"post","link":"https:\/\/www.blogdomassinha.com.br\/v1\/2026\/03\/08\/seis-secretarias-sao-geridas-por-mulheres-no-municipio-de-vitoria-da-conquista-e-um-numero-significativo-considerando-que-vivemos-em-uma-sociedade-ainda-marcada-pelo-machismo\/","title":{"rendered":"Seis secretarias s\u00e3o geridas por mulheres no munic\u00edpio de Vit\u00f3ria da Conquista. \u00c9 um n\u00famero significativo, considerando que vivemos em uma sociedade ainda marcada pelo machismo"},"content":{"rendered":"<p class=\"p2\"><span class=\"s1\"><img loading=\"lazy\" class=\"size-medium wp-image-55468 alignleft\" src=\"https:\/\/www.blogdomassinha.com.br\/v1\/wp-content\/uploads\/2026\/03\/IMG_5158-300x300.jpeg\" alt=\"\" width=\"300\" height=\"300\" srcset=\"https:\/\/www.blogdomassinha.com.br\/v1\/wp-content\/uploads\/2026\/03\/IMG_5158-300x300.jpeg 300w, https:\/\/www.blogdomassinha.com.br\/v1\/wp-content\/uploads\/2026\/03\/IMG_5158-150x150.jpeg 150w, https:\/\/www.blogdomassinha.com.br\/v1\/wp-content\/uploads\/2026\/03\/IMG_5158.jpeg 500w\" sizes=\"(max-width: 300px) 100vw, 300px\" \/><br \/>\n\u00c9 preciso reconhecer de forma definitiva a for\u00e7a da mulher no desenvolvimento da sociedade que buscamos construir. Basta observar a hist\u00f3ria para perceber quantas mulheres dedicaram suas vidas para que o nosso pa\u00eds avan\u00e7asse, se libertasse de amarras e se tornasse uma na\u00e7\u00e3o mais justa, mais democr\u00e1tica e mais desenvolvida.<\/span><\/p>\n<p class=\"p2\"><span class=\"s1\">Ao longo do tempo, muitas delas abriram m\u00e3o de momentos importantes da vida pessoal. Abdicaram de conviver mais de perto com os filhos, com a fam\u00edlia e com o lar para se dedicar a causas maiores. Mulheres que lutaram, trabalharam e contribu\u00edram decisivamente para que o Brasil pudesse avan\u00e7ar social e economicamente.<\/span><\/p>\n<p class=\"p2\"><span class=\"s1\">A for\u00e7a da mulher precisa ser reconhecida de forma concreta.<\/span><\/p>\n<p class=\"p2\"><span class=\"s1\">Por isso, o 8 de mar\u00e7o deve ser muito mais que uma data simb\u00f3lica. Deve ser um momento de reflex\u00e3o e de reconhecimento verdadeiro. As mulheres s\u00e3o for\u00e7as vivas dentro de uma sociedade que ainda carrega tra\u00e7os fortes do machismo, mas que aos poucos vai compreendendo a import\u00e2ncia da presen\u00e7a feminina nos espa\u00e7os de decis\u00e3o.<\/span><\/p>\n<p class=\"p2\"><span class=\"s1\">Vit\u00f3ria da Conquista tem dado sinais importantes nesse sentido. Ainda h\u00e1 muito a avan\u00e7ar, \u00e9 verdade, mas a gest\u00e3o municipal tem reconhecido na pr\u00e1tica o papel da mulher na condu\u00e7\u00e3o das pol\u00edticas p\u00fablicas.<\/span><!--more--><\/p>\n<p class=\"p2\"><span class=\"s1\">Hoje, seis secretarias municipais s\u00e3o comandadas por mulheres. Trata-se de um n\u00famero expressivo dentro da estrutura administrativa do munic\u00edpio e demonstra confian\u00e7a, compet\u00eancia e reconhecimento do trabalho feminino na condu\u00e7\u00e3o das a\u00e7\u00f5es do governo.<\/span><\/p>\n<p class=\"p2\"><span class=\"s1\">Essas secret\u00e1rias fazem parte do n\u00facleo estrat\u00e9gico da administra\u00e7\u00e3o e contribuem diretamente para o desenvolvimento social e econ\u00f4mico da capital do sudoeste da Bahia.<\/span><\/p>\n<p class=\"p2\"><span class=\"s1\">Fica, portanto, esse registro para que possamos refletir sobre o papel da mulher na nossa sociedade. Reconhecer a for\u00e7a feminina n\u00e3o deve ser apenas um discurso ocasional, mas uma pr\u00e1tica constante.<\/span><\/p>\n<p class=\"p2\"><span class=\"s1\">Ao reverenciar as mulheres que hoje ocupam cargos de lideran\u00e7a, tamb\u00e9m prestamos homenagem a todas aquelas que vieram antes, que lutaram e abriram caminhos para que as novas gera\u00e7\u00f5es continuem escrevendo uma hist\u00f3ria cada vez mais forte no desenvolvimento de Vit\u00f3ria da Conquista.<\/span><\/p>\n<p class=\"p2\"><span class=\"s1\">\u00c9 a for\u00e7a da mulher conquistense, presente no passado, atuante no presente e indispens\u00e1vel para o futuro da nossa cidade.<\/span><\/p>\n","protected":false},"excerpt":{"rendered":"<p>\u00c9 preciso reconhecer de forma definitiva a for\u00e7a da mulher no desenvolvimento da sociedade que buscamos construir. Basta observar a hist\u00f3ria para perceber quantas mulheres dedicaram suas vidas para que o nosso pa\u00eds avan\u00e7asse, se libertasse de amarras e se tornasse uma na\u00e7\u00e3o mais justa, mais democr\u00e1tica e mais desenvolvida. Ao longo do tempo, muitas [&hellip;]<\/p>\n","protected":false},"author":3,"featured_media":55468,"comment_status":"open","ping_status":"open","sticky":false,"template":"","format":"standard","meta":[],"categories":[7,1],"tags":[],"_links":{"self":[{"href":"https:\/\/www.blogdomassinha.com.br\/v1\/wp-json\/wp\/v2\/posts\/55467"}],"collection":[{"href":"https:\/\/www.blogdomassinha.com.br\/v1\/wp-json\/wp\/v2\/posts"}],"about":[{"href":"https:\/\/www.blogdomassinha.com.br\/v1\/wp-json\/wp\/v2\/types\/post"}],"author":[{"embeddable":true,"href":"https:\/\/www.blogdomassinha.com.br\/v1\/wp-json\/wp\/v2\/users\/3"}],"replies":[{"embeddable":true,"href":"https:\/\/www.blogdomassinha.com.br\/v1\/wp-json\/wp\/v2\/comments?post=55467"}],"version-history":[{"count":1,"href":"https:\/\/www.blogdomassinha.com.br\/v1\/wp-json\/wp\/v2\/posts\/55467\/revisions"}],"predecessor-version":[{"id":55469,"href":"https:\/\/www.blogdomassinha.com.br\/v1\/wp-json\/wp\/v2\/posts\/55467\/revisions\/55469"}],"wp:featuredmedia":[{"embeddable":true,"href":"https:\/\/www.blogdomassinha.com.br\/v1\/wp-json\/wp\/v2\/media\/55468"}],"wp:attachment":[{"href":"https:\/\/www.blogdomassinha.com.br\/v1\/wp-json\/wp\/v2\/media?parent=55467"}],"wp:term":[{"taxonomy":"category","embeddable":true,"href":"https:\/\/www.blogdomassinha.com.br\/v1\/wp-json\/wp\/v2\/categories?post=55467"},{"taxonomy":"post_tag","embeddable":true,"href":"https:\/\/www.blogdomassinha.com.br\/v1\/wp-json\/wp\/v2\/tags?post=55467"}],"curies":[{"name":"wp","href":"https:\/\/api.w.org\/{rel}","templated":true}]}}