{"id":55428,"date":"2026-03-07T09:20:21","date_gmt":"2026-03-07T12:20:21","guid":{"rendered":"https:\/\/www.blogdomassinha.com.br\/v1\/?p=55428"},"modified":"2026-03-07T09:20:21","modified_gmt":"2026-03-07T12:20:21","slug":"wagner-e-rui-costa-como-ja-e-de-conhecimento-de-toda-a-bahia-nao-conseguem-dividir-o-mesmo-espaco-para-muitos-e-normal-onde-o-brilho-de-cada-um-transcende-o-limite-do-estado","status":"publish","type":"post","link":"https:\/\/www.blogdomassinha.com.br\/v1\/2026\/03\/07\/wagner-e-rui-costa-como-ja-e-de-conhecimento-de-toda-a-bahia-nao-conseguem-dividir-o-mesmo-espaco-para-muitos-e-normal-onde-o-brilho-de-cada-um-transcende-o-limite-do-estado\/","title":{"rendered":"Wagner e Rui Costa, como j\u00e1 \u00e9 de conhecimento de toda a Bahia, n\u00e3o conseguem dividir o mesmo espa\u00e7o. Para muitos, \u00e9 normal, onde o brilho de cada um transcende o limite do estado"},"content":{"rendered":"<p class=\"p2\"><span class=\"s1\"><img loading=\"lazy\" class=\"size-medium wp-image-55429 alignleft\" src=\"https:\/\/www.blogdomassinha.com.br\/v1\/wp-content\/uploads\/2026\/03\/IMG_5101-300x200.jpeg\" alt=\"\" width=\"300\" height=\"200\" srcset=\"https:\/\/www.blogdomassinha.com.br\/v1\/wp-content\/uploads\/2026\/03\/IMG_5101-300x200.jpeg 300w, https:\/\/www.blogdomassinha.com.br\/v1\/wp-content\/uploads\/2026\/03\/IMG_5101.jpeg 600w\" sizes=\"(max-width: 300px) 100vw, 300px\" \/><br \/>\nA pol\u00edtica \u00e9, sem d\u00favida, um universo fascinante. Alguns dizem que ela \u00e9 a arte do imposs\u00edvel. Outros afirmam que \u00e9 o instrumento por meio do qual se busca servir ao povo e promover o bem comum. Mas a pol\u00edtica tamb\u00e9m \u00e9 um terreno onde, muitas vezes, criador e criatura deixam de concordar, algo que acontece desde o in\u00edcio da hist\u00f3ria das grandes lideran\u00e7as.<\/span><\/p>\n<p class=\"p2\"><span class=\"s1\">Isso \u00e9 pr\u00f3prio das estrelas que brilham intensamente. Lideran\u00e7as que crescem, que se destacam e que conquistam espa\u00e7o acabam, naturalmente, disputando protagonismo. Faz parte da din\u00e2mica do poder e tamb\u00e9m da pr\u00f3pria natureza da pol\u00edtica.<\/span><\/p>\n<p class=\"p2\"><span class=\"s1\">Na Bahia, dois nomes representam bem esse fen\u00f4meno. Jaques Wagner e Rui Costa. Ambos iniciaram suas trajet\u00f3rias em Salvador como lideran\u00e7as sindicais e, com o passar dos anos, alcan\u00e7aram posi\u00e7\u00f5es de destaque na pol\u00edtica nacional. Chegaram ao poder com m\u00e9rito e se tornaram duas das principais refer\u00eancias do Partido dos Trabalhadores no estado.<\/span><\/p>\n<p class=\"p2\"><span class=\"s1\">Hoje, os dois ocupam posi\u00e7\u00f5es relevantes no cen\u00e1rio pol\u00edtico brasileiro e carregam consigo um prest\u00edgio que ultrapassa os limites da Bahia. Isso \u00e9 reconhecido inclusive em outras regi\u00f5es do pa\u00eds, onde muitos observadores da pol\u00edtica acompanham com aten\u00e7\u00e3o os movimentos dessas duas lideran\u00e7as.<\/span><\/p>\n<p class=\"p2\"><span class=\"s1\">Mas, como costuma acontecer quando existem figuras de grande peso pol\u00edtico dentro de um mesmo grupo, tamb\u00e9m surgem diverg\u00eancias. Cada um procura preservar o seu espa\u00e7o, a sua influ\u00eancia e a sua forma de conduzir as articula\u00e7\u00f5es pol\u00edticas no estado.<\/span><!--more--><\/p>\n<p class=\"p2\"><span class=\"s1\">E esse cen\u00e1rio tem provocado coment\u00e1rios nos bastidores da pol\u00edtica baiana, especialmente neste momento em que o governador Jer\u00f4nimo Rodrigues se prepara para disputar a reelei\u00e7\u00e3o em 2026.<\/span><\/p>\n<p class=\"p2\"><span class=\"s1\">Observa-se que, em determinados momentos, Rui Costa atua de um lado das articula\u00e7\u00f5es, enquanto Jaques Wagner conduz movimenta\u00e7\u00f5es em outra dire\u00e7\u00e3o. Isso acabou ficando evidente recentemente, quando o senador Wagner anunciou a composi\u00e7\u00e3o da chapa majorit\u00e1ria durante um evento pol\u00edtico, indicando a perman\u00eancia de Geraldo J\u00fanior, do MDB, como vice.<\/span><\/p>\n<p class=\"p2\"><span class=\"s1\">O an\u00fancio aconteceu enquanto o governador Jer\u00f4nimo Rodrigues estava fora do pa\u00eds, em miss\u00e3o oficial na \u00cdndia ao lado do presidente Lula. A movimenta\u00e7\u00e3o gerou coment\u00e1rios e reacendeu debates nos bastidores da pol\u00edtica.<\/span><\/p>\n<p class=\"p2\"><span class=\"s1\">Passados alguns dias, voltaram a circular rumores de que a composi\u00e7\u00e3o da chapa ainda poderia sofrer altera\u00e7\u00f5es. O pr\u00f3prio Geddel Vieira Lima reagiu de imediato, afirmando que n\u00e3o aceita qualquer mudan\u00e7a que retire o MDB da posi\u00e7\u00e3o de vice.<\/span><\/p>\n<p class=\"p2\"><span class=\"s1\">Diante desse cen\u00e1rio, muitos analistas avaliam que ser\u00e1 fundamental que Jaques Wagner e Rui Costa encontrem um ponto de entendimento. A unidade do grupo ser\u00e1 decisiva para evitar desgastes internos e garantir a estabilidade pol\u00edtica necess\u00e1ria para a disputa eleitoral que se aproxima.<\/span><\/p>\n","protected":false},"excerpt":{"rendered":"<p>A pol\u00edtica \u00e9, sem d\u00favida, um universo fascinante. Alguns dizem que ela \u00e9 a arte do imposs\u00edvel. Outros afirmam que \u00e9 o instrumento por meio do qual se busca servir ao povo e promover o bem comum. Mas a pol\u00edtica tamb\u00e9m \u00e9 um terreno onde, muitas vezes, criador e criatura deixam de concordar, algo que [&hellip;]<\/p>\n","protected":false},"author":3,"featured_media":55429,"comment_status":"open","ping_status":"open","sticky":false,"template":"","format":"standard","meta":[],"categories":[7,2],"tags":[],"_links":{"self":[{"href":"https:\/\/www.blogdomassinha.com.br\/v1\/wp-json\/wp\/v2\/posts\/55428"}],"collection":[{"href":"https:\/\/www.blogdomassinha.com.br\/v1\/wp-json\/wp\/v2\/posts"}],"about":[{"href":"https:\/\/www.blogdomassinha.com.br\/v1\/wp-json\/wp\/v2\/types\/post"}],"author":[{"embeddable":true,"href":"https:\/\/www.blogdomassinha.com.br\/v1\/wp-json\/wp\/v2\/users\/3"}],"replies":[{"embeddable":true,"href":"https:\/\/www.blogdomassinha.com.br\/v1\/wp-json\/wp\/v2\/comments?post=55428"}],"version-history":[{"count":1,"href":"https:\/\/www.blogdomassinha.com.br\/v1\/wp-json\/wp\/v2\/posts\/55428\/revisions"}],"predecessor-version":[{"id":55430,"href":"https:\/\/www.blogdomassinha.com.br\/v1\/wp-json\/wp\/v2\/posts\/55428\/revisions\/55430"}],"wp:featuredmedia":[{"embeddable":true,"href":"https:\/\/www.blogdomassinha.com.br\/v1\/wp-json\/wp\/v2\/media\/55429"}],"wp:attachment":[{"href":"https:\/\/www.blogdomassinha.com.br\/v1\/wp-json\/wp\/v2\/media?parent=55428"}],"wp:term":[{"taxonomy":"category","embeddable":true,"href":"https:\/\/www.blogdomassinha.com.br\/v1\/wp-json\/wp\/v2\/categories?post=55428"},{"taxonomy":"post_tag","embeddable":true,"href":"https:\/\/www.blogdomassinha.com.br\/v1\/wp-json\/wp\/v2\/tags?post=55428"}],"curies":[{"name":"wp","href":"https:\/\/api.w.org\/{rel}","templated":true}]}}