{"id":55418,"date":"2026-03-07T09:05:52","date_gmt":"2026-03-07T12:05:52","guid":{"rendered":"https:\/\/www.blogdomassinha.com.br\/v1\/?p=55418"},"modified":"2026-03-07T09:05:52","modified_gmt":"2026-03-07T12:05:52","slug":"isaac-figueira-busca-a-reeleicao-para-continuar-a-frente-dos-destinos-da-coopmac-segunda-feira-9-ele-falara-ao-vivo-em-nosso-programa-agito-geral-as-19h","status":"publish","type":"post","link":"https:\/\/www.blogdomassinha.com.br\/v1\/2026\/03\/07\/isaac-figueira-busca-a-reeleicao-para-continuar-a-frente-dos-destinos-da-coopmac-segunda-feira-9-ele-falara-ao-vivo-em-nosso-programa-agito-geral-as-19h\/","title":{"rendered":"Isaac Figueira busca a reelei\u00e7\u00e3o para continuar \u00e0 frente dos destinos da Coopmac. Segunda-feira, 9, ele falar\u00e1 ao vivo em nosso programa Agito Geral, \u00e0s 19h"},"content":{"rendered":"<p class=\"p2\"><span class=\"s1\"><img loading=\"lazy\" class=\"size-medium wp-image-55419 alignleft\" src=\"https:\/\/www.blogdomassinha.com.br\/v1\/wp-content\/uploads\/2026\/03\/IMG_5095-300x300.jpeg\" alt=\"\" width=\"300\" height=\"300\" srcset=\"https:\/\/www.blogdomassinha.com.br\/v1\/wp-content\/uploads\/2026\/03\/IMG_5095-300x300.jpeg 300w, https:\/\/www.blogdomassinha.com.br\/v1\/wp-content\/uploads\/2026\/03\/IMG_5095-150x150.jpeg 150w, https:\/\/www.blogdomassinha.com.br\/v1\/wp-content\/uploads\/2026\/03\/IMG_5095.jpeg 500w\" sizes=\"(max-width: 300px) 100vw, 300px\" \/><br \/>\nAl\u00e9m da Prefeitura Municipal de Vit\u00f3ria da Conquista, a nossa cidade conta com uma verdadeira pl\u00eaiade de institui\u00e7\u00f5es que fazem parte da sua hist\u00f3ria e da constru\u00e7\u00e3o do seu desenvolvimento. A capital do Sudoeste da Bahia \u00e9 marcada pela presen\u00e7a de entidades que ajudam a fortalecer a economia, a cultura e a vida social do munic\u00edpio.<\/span><\/p>\n<p class=\"p2\"><span class=\"s1\">Entre elas podemos destacar a Santa Casa de Miseric\u00f3rdia de Vit\u00f3ria da Conquista, institui\u00e7\u00e3o secular e de enorme import\u00e2ncia para a sa\u00fade da nossa popula\u00e7\u00e3o. Tamb\u00e9m fazem parte desse conjunto as lojas ma\u00e7\u00f4nicas, a AINVIC, Sincom\u00e9rcio, a CDL, o Rotary, o Lions Club e tantas outras organiza\u00e7\u00f5es que ajudam a formar a identidade institucional da cidade.<\/span><\/p>\n<p class=\"p2\"><span class=\"s1\">Dentro desse universo n\u00e3o podemos deixar de lembrar da nossa Coopmac, a Cooperativa Pecu\u00e1ria de Vit\u00f3ria da Conquista, uma entidade que integra o imagin\u00e1rio coletivo do povo conquistense. Fundada h\u00e1 mais de 60 anos pelo saudoso doutor Jamilton Gusm\u00e3o Cunha, que j\u00e1 nos deixou, a cooperativa teve ao longo de sua hist\u00f3ria a participa\u00e7\u00e3o de diversas personalidades que contribu\u00edram para o fortalecimento da pecu\u00e1ria e do agroneg\u00f3cio regional.<\/span><\/p>\n<p class=\"p2\"><span class=\"s1\">A Coopmac se consolidou como uma institui\u00e7\u00e3o fundamental para o desenvolvimento econ\u00f4mico da cidade e de toda a regi\u00e3o, reunindo homens e mulheres ligados \u00e0 pecu\u00e1ria e tamb\u00e9m ao agroneg\u00f3cio do caf\u00e9, atividades que movimentam de forma significativa a economia do Sudoeste baiano.<\/span><!--more--><\/p>\n<p class=\"p2\"><span class=\"s1\">No pr\u00f3ximo dia 14, s\u00e1bado, os cooperados viver\u00e3o mais um momento importante da hist\u00f3ria da entidade, quando acontecer\u00e1 a elei\u00e7\u00e3o que definir\u00e1 quem estar\u00e1 \u00e0 frente da dire\u00e7\u00e3o da cooperativa pelos pr\u00f3ximos anos. O atual presidente, Isaac Figueira, coloca novamente o seu nome \u00e0 disposi\u00e7\u00e3o dos associados e busca a reelei\u00e7\u00e3o para continuar conduzindo os destinos administrativos dessa importante institui\u00e7\u00e3o que gera emprego, renda e oportunidades para Vit\u00f3ria da Conquista e toda a regi\u00e3o.<\/span><\/p>\n<p class=\"p2\"><span class=\"s1\">Concorrendo com ele est\u00e1 uma chapa que j\u00e1 esteve em nossos est\u00fadios no programa Agito Geral. O grupo \u00e9 composto pelo engenheiro agr\u00f4nomo Abel Rebou\u00e7as, candidato \u00e0 presid\u00eancia; pelo agr\u00f4nomo Paulo Roberto Pinto, candidato a diretor executivo; e pela pecuarista, arquiteta e professora Nicinha Gusm\u00e3o, candidata a vice-presidente.<\/span><\/p>\n<p class=\"p2\"><span class=\"s1\">Portanto, convidamos todos os nossos ouvintes e leitores para acompanharem na pr\u00f3xima segunda-feira, dia 9, \u00e0s 19 horas, uma entrevista ao vivo com o atual presidente Isaac Figueira em nosso programa Agito Geral. Ser\u00e1 uma oportunidade importante para que ele apresente suas ideias, suas propostas e converse diretamente com a popula\u00e7\u00e3o conquistense, com os produtores da regi\u00e3o Sudoeste e tamb\u00e9m com os amigos do Norte de Minas Gerais que acompanham a nossa programa\u00e7\u00e3o.<\/span><\/p>\n","protected":false},"excerpt":{"rendered":"<p>Al\u00e9m da Prefeitura Municipal de Vit\u00f3ria da Conquista, a nossa cidade conta com uma verdadeira pl\u00eaiade de institui\u00e7\u00f5es que fazem parte da sua hist\u00f3ria e da constru\u00e7\u00e3o do seu desenvolvimento. A capital do Sudoeste da Bahia \u00e9 marcada pela presen\u00e7a de entidades que ajudam a fortalecer a economia, a cultura e a vida social do [&hellip;]<\/p>\n","protected":false},"author":3,"featured_media":55419,"comment_status":"open","ping_status":"open","sticky":false,"template":"","format":"standard","meta":[],"categories":[7,1],"tags":[],"_links":{"self":[{"href":"https:\/\/www.blogdomassinha.com.br\/v1\/wp-json\/wp\/v2\/posts\/55418"}],"collection":[{"href":"https:\/\/www.blogdomassinha.com.br\/v1\/wp-json\/wp\/v2\/posts"}],"about":[{"href":"https:\/\/www.blogdomassinha.com.br\/v1\/wp-json\/wp\/v2\/types\/post"}],"author":[{"embeddable":true,"href":"https:\/\/www.blogdomassinha.com.br\/v1\/wp-json\/wp\/v2\/users\/3"}],"replies":[{"embeddable":true,"href":"https:\/\/www.blogdomassinha.com.br\/v1\/wp-json\/wp\/v2\/comments?post=55418"}],"version-history":[{"count":1,"href":"https:\/\/www.blogdomassinha.com.br\/v1\/wp-json\/wp\/v2\/posts\/55418\/revisions"}],"predecessor-version":[{"id":55420,"href":"https:\/\/www.blogdomassinha.com.br\/v1\/wp-json\/wp\/v2\/posts\/55418\/revisions\/55420"}],"wp:featuredmedia":[{"embeddable":true,"href":"https:\/\/www.blogdomassinha.com.br\/v1\/wp-json\/wp\/v2\/media\/55419"}],"wp:attachment":[{"href":"https:\/\/www.blogdomassinha.com.br\/v1\/wp-json\/wp\/v2\/media?parent=55418"}],"wp:term":[{"taxonomy":"category","embeddable":true,"href":"https:\/\/www.blogdomassinha.com.br\/v1\/wp-json\/wp\/v2\/categories?post=55418"},{"taxonomy":"post_tag","embeddable":true,"href":"https:\/\/www.blogdomassinha.com.br\/v1\/wp-json\/wp\/v2\/tags?post=55418"}],"curies":[{"name":"wp","href":"https:\/\/api.w.org\/{rel}","templated":true}]}}